{"id":17577,"date":"2024-02-21T14:54:37","date_gmt":"2024-02-21T17:54:37","guid":{"rendered":"https:\/\/pc.sc.gov.br\/?p=17577"},"modified":"2024-02-21T14:56:21","modified_gmt":"2024-02-21T17:56:21","slug":"policia-civil-apresenta-o-novo-delegado-regional-de-policia-de-chapeco","status":"publish","type":"post","link":"https:\/\/pc.sc.gov.br\/?p=17577","title":{"rendered":"Pol\u00edcia Civil apresenta o novo delegado regional de Pol\u00edcia de Chapec\u00f3"},"content":{"rendered":"\t\t<div data-elementor-type=\"wp-post\" data-elementor-id=\"17577\" class=\"elementor elementor-17577\" data-elementor-post-type=\"post\">\n\t\t\t\t\t\t<section class=\"elementor-section elementor-top-section elementor-element elementor-element-85e19df elementor-section-boxed elementor-section-height-default elementor-section-height-default\" data-id=\"85e19df\" data-element_type=\"section\">\n\t\t\t\t\t\t<div class=\"elementor-container elementor-column-gap-default\">\n\t\t\t\t\t<div class=\"elementor-column elementor-col-100 elementor-top-column elementor-element elementor-element-e556712\" data-id=\"e556712\" data-element_type=\"column\">\n\t\t\t<div class=\"elementor-widget-wrap elementor-element-populated\">\n\t\t\t\t\t\t<div class=\"elementor-element elementor-element-0958ed3 elementor-widget elementor-widget-heading\" data-id=\"0958ed3\" data-element_type=\"widget\" data-widget_type=\"heading.default\">\n\t\t\t\t<div class=\"elementor-widget-container\">\n\t\t\t\t\t<h2 class=\"elementor-heading-title elementor-size-default\">Pol\u00edcia Civil apresenta o novo delegado regional de Pol\u00edcia de Chapec\u00f3<\/h2>\t\t\t\t<\/div>\n\t\t\t\t<\/div>\n\t\t\t\t<div class=\"elementor-element elementor-element-793c01f elementor-widget elementor-widget-image\" data-id=\"793c01f\" data-element_type=\"widget\" data-widget_type=\"image.default\">\n\t\t\t\t<div class=\"elementor-widget-container\">\n\t\t\t\t\t\t\t\t\t\t\t\t\t\t\t<img fetchpriority=\"high\" decoding=\"async\" width=\"696\" height=\"392\" src=\"https:\/\/pc.sc.gov.br\/\/wp-content\/uploads\/2024\/02\/WhatsApp-Image-2024-02-21-at-14.53.38-1024x576.jpeg\" class=\"attachment-large size-large wp-image-17578\" alt=\"\" srcset=\"https:\/\/pc.sc.gov.br\/\/wp-content\/uploads\/2024\/02\/WhatsApp-Image-2024-02-21-at-14.53.38-1024x576.jpeg 1024w, https:\/\/pc.sc.gov.br\/\/wp-content\/uploads\/2024\/02\/WhatsApp-Image-2024-02-21-at-14.53.38-300x169.jpeg 300w, https:\/\/pc.sc.gov.br\/\/wp-content\/uploads\/2024\/02\/WhatsApp-Image-2024-02-21-at-14.53.38-768x432.jpeg 768w, https:\/\/pc.sc.gov.br\/\/wp-content\/uploads\/2024\/02\/WhatsApp-Image-2024-02-21-at-14.53.38-1536x864.jpeg 1536w, https:\/\/pc.sc.gov.br\/\/wp-content\/uploads\/2024\/02\/WhatsApp-Image-2024-02-21-at-14.53.38.jpeg 1600w\" sizes=\"(max-width: 696px) 100vw, 696px\" \/>\t\t\t\t\t\t\t\t\t\t\t\t\t\t\t<\/div>\n\t\t\t\t<\/div>\n\t\t\t\t\t<\/div>\n\t\t<\/div>\n\t\t\t\t\t<\/div>\n\t\t<\/section>\n\t\t\t\t<section class=\"elementor-section elementor-top-section elementor-element elementor-element-064ba24 elementor-section-boxed elementor-section-height-default elementor-section-height-default\" data-id=\"064ba24\" data-element_type=\"section\">\n\t\t\t\t\t\t<div class=\"elementor-container elementor-column-gap-default\">\n\t\t\t\t\t<div class=\"elementor-column elementor-col-100 elementor-top-column elementor-element elementor-element-6c213e8\" data-id=\"6c213e8\" data-element_type=\"column\">\n\t\t\t<div class=\"elementor-widget-wrap elementor-element-populated\">\n\t\t\t\t\t\t<div class=\"elementor-element elementor-element-8587542 elementor-widget elementor-widget-text-editor\" data-id=\"8587542\" data-element_type=\"widget\" data-widget_type=\"text-editor.default\">\n\t\t\t\t<div class=\"elementor-widget-container\">\n\t\t\t\t\t\t\t\t\t<p>Nesta quarta-feira (21), a Pol\u00edcia Civil de Santa Catarina anunciou o delegado Rodrigo Moura, atualmente lotado da Divis\u00e3o de Investiga\u00e7\u00e3o Criminal (DIC) de Maravilha, como o novo titular da Delegacia Regional de Chapec\u00f3. Ele substituir\u00e1 o delegado Danilo da Silva Fernandes.<\/p>\n<p>A nomea\u00e7\u00e3o do delegado Rodrigo \u00e9 estrat\u00e9gica para a institui\u00e7\u00e3o, pois vai permitir a efetiva\u00e7\u00e3o de um dos objetivos tra\u00e7ados pela PCSC, que \u00e9 a instala\u00e7\u00e3o de Departamentos de Investiga\u00e7\u00e3o Criminal (DIC) nos munic\u00edpios com mais de 200 mil habitantes, como \u00e9 o caso de Chapec\u00f3.<\/p>\n<p>\u201cChapec\u00f3 teria um Departamento de Investiga\u00e7\u00e3o Criminal que contaria com tr\u00eas delegacias especializadas, uma delegacia de roubos para o enfrentamento dessa criminalidade que pratica crimes violentos, uma atinente \u00e0 situa\u00e7\u00e3o envolvendo crimes de homic\u00eddio e outra para o tr\u00e1fico de drogas. Esse \u00e9 o nosso grande objetivo\u201d, destacou o delegado-geral Ulisses Gabriel.<\/p>\n<p>Sobre a nomea\u00e7\u00e3o do novo delegado e a consequente substitui\u00e7\u00e3o do antigo delegado regional de Chapec\u00f3, o delegado-geral explica que \u201cn\u00e3o h\u00e1 crit\u00e9rio pol\u00edtico, h\u00e1 crit\u00e9rio t\u00e9cnico, e o delegado que assume, o delegado Rodrigo Moura, tem um vi\u00e9s operacional, um vi\u00e9s de resultado, j\u00e1 trabalhou em Chapec\u00f3, \u00e9 muito reconhecido pelo meio jur\u00eddico, em especial pelos promotores e ju\u00edzes, e \u00e9 um delegado que tem uma lideran\u00e7a perante os policiais\u201d.<\/p>\n<p><b>N\u00fameros da Delegacia Regional de Chapec\u00f3<\/b><\/p>\n<p>A Delegacia Regional de Chapec\u00f3 cumpriu 295 mandados de pris\u00e3o no \u00faltimo ano, n\u00famero superior em 16,60% em rela\u00e7\u00e3o ao ano de 2022, quando foram presas 253 pessoas. J\u00e1 no que se refere aos mandados de busca e apreens\u00e3o, a DRP de Chapec\u00f3 cumpriu 271 mandados em 2023 e 206 mandados em 2022, registrando, portanto, um aumento superior a 30% de cumprimentos com rela\u00e7\u00e3o ao n\u00famero anterior.<\/p>\n<p>Com rela\u00e7\u00e3o aos n\u00fameros destaca-se que recentemente foram divulgados n\u00fameros de pris\u00f5es realizadas pela DRP de Chapec\u00f3 n\u00e3o condizentes com a realidade. Apesar de os n\u00fameros de pris\u00f5es divulgados de forma err\u00f4nea terem sido at\u00e9 superiores, a Pol\u00edcia Civil de Santa Catarina ressalta o seu compromisso com a transpar\u00eancia e a verdade com a popula\u00e7\u00e3o catarinense. \u201cN\u00f3s entendemos que a Pol\u00edcia deve passar dados fidedignos e reais a respeito das circunst\u00e2ncias que dizem respeito \u00e0 atua\u00e7\u00e3o da pol\u00edcia civil\u201d, afirmou o delegado-geral Ulisses Gabriel.<\/p>\n<p><b>Novo delegado Regional Pol\u00edcia de Chapec\u00f3<\/b><\/p>\n<p>O novo delegado regional de Chapec\u00f3, Rodrigo Moura, ressalta que recebe essa miss\u00e3o do delegado-geral com muita honra, p\u00e9s no ch\u00e3o e com o intuito de entregar o melhor trabalho poss\u00edvel \u00e0 popula\u00e7\u00e3o de Chapec\u00f3. \u201cN\u00e3o \u00e9 um pr\u00eamio, mas uma responsabilidade, e acredito que seja minha forma de retribuir \u00e0 regi\u00e3o por tudo o que me proporcionou anos atr\u00e1s quando iniciei minha carreira nesse lugar t\u00e3o especial\u201d, destaca Rodrigo.&nbsp;<\/p>\n<p>Rodrigo Moura \u00e9 delegado de Pol\u00edcia desde 2016 e j\u00e1 passou por diversas unidades policiais da regi\u00e3o oeste do estado e estava lotado atualmente na Divis\u00e3o de Investiga\u00e7\u00e3o Criminal de Maravilha. Ele j\u00e1 foi promovido duas vezes na Pol\u00edcia Civil, para delegado de Pol\u00edcia Civil de entr\u00e2ncia inicial em 2019 e para delegado de Pol\u00edcia de entr\u00e2ncia final em 2023, promo\u00e7\u00e3o essa extraordin\u00e1ria por ato de bravura, quando um homem foi preso por duplo homic\u00eddio em janeiro de 2023, enquanto estaria se preparando para matar a companheira e foi impedido.<\/p>\n<p>O delegado Rodrigo \u00e9 formado em Direito pela Universidade Estadual do Oeste do Paran\u00e1 e possui P\u00f3s-Gradua\u00e7\u00e3o em Direito P\u00fablico (2014) e P\u00f3s-Gradua\u00e7\u00e3o em Gest\u00e3o de Seguran\u00e7a P\u00fablica e Investiga\u00e7\u00e3o Criminal Aplicada (2022-2024, atualmente em andamento e fase final).<\/p>\n<p>\u201cAo longo da carreira, presidi milhares de inqu\u00e9ritos policiais, coordenei dezenas de investiga\u00e7\u00f5es e opera\u00e7\u00f5es policiais de grande vulto, algumas das maiores j\u00e1 realizadas na regi\u00e3o, como a exemplo da opera\u00e7\u00e3o \u201cWoodstock Cond\u00e1\u201d, com dez fases, deflagradas entre 2018 e 2020, e mais de 150 mandados policiais cumpridos\u201d, destacou Rodrigo.<\/p>\t\t\t\t\t\t\t\t<\/div>\n\t\t\t\t<\/div>\n\t\t\t\t\t<\/div>\n\t\t<\/div>\n\t\t\t\t\t<\/div>\n\t\t<\/section>\n\t\t\t\t<\/div>\n\t\t","protected":false},"excerpt":{"rendered":"<p>Pol\u00edcia Civil apresenta o novo delegado regional de Pol\u00edcia de Chapec\u00f3 Nesta quarta-feira (21), a Pol\u00edcia Civil de Santa Catarina anunciou o delegado Rodrigo Moura, atualmente lotado da Divis\u00e3o de Investiga\u00e7\u00e3o Criminal (DIC) de Maravilha, como o novo titular da Delegacia Regional de Chapec\u00f3. Ele substituir\u00e1 o delegado Danilo da Silva Fernandes. A nomea\u00e7\u00e3o do [&hellip;]<\/p>\n","protected":false},"author":5,"featured_media":17578,"comment_status":"closed","ping_status":"open","sticky":false,"template":"","format":"standard","meta":{"_monsterinsights_skip_tracking":false,"_monsterinsights_sitenote_active":false,"_monsterinsights_sitenote_note":"","_monsterinsights_sitenote_category":0,"footnotes":""},"categories":[1],"tags":[],"class_list":["post-17577","post","type-post","status-publish","format-standard","has-post-thumbnail","hentry","category-sem-categoria"],"_links":{"self":[{"href":"https:\/\/pc.sc.gov.br\/index.php?rest_route=\/wp\/v2\/posts\/17577","targetHints":{"allow":["GET"]}}],"collection":[{"href":"https:\/\/pc.sc.gov.br\/index.php?rest_route=\/wp\/v2\/posts"}],"about":[{"href":"https:\/\/pc.sc.gov.br\/index.php?rest_route=\/wp\/v2\/types\/post"}],"author":[{"embeddable":true,"href":"https:\/\/pc.sc.gov.br\/index.php?rest_route=\/wp\/v2\/users\/5"}],"replies":[{"embeddable":true,"href":"https:\/\/pc.sc.gov.br\/index.php?rest_route=%2Fwp%2Fv2%2Fcomments&post=17577"}],"version-history":[{"count":4,"href":"https:\/\/pc.sc.gov.br\/index.php?rest_route=\/wp\/v2\/posts\/17577\/revisions"}],"predecessor-version":[{"id":17582,"href":"https:\/\/pc.sc.gov.br\/index.php?rest_route=\/wp\/v2\/posts\/17577\/revisions\/17582"}],"wp:featuredmedia":[{"embeddable":true,"href":"https:\/\/pc.sc.gov.br\/index.php?rest_route=\/wp\/v2\/media\/17578"}],"wp:attachment":[{"href":"https:\/\/pc.sc.gov.br\/index.php?rest_route=%2Fwp%2Fv2%2Fmedia&parent=17577"}],"wp:term":[{"taxonomy":"category","embeddable":true,"href":"https:\/\/pc.sc.gov.br\/index.php?rest_route=%2Fwp%2Fv2%2Fcategories&post=17577"},{"taxonomy":"post_tag","embeddable":true,"href":"https:\/\/pc.sc.gov.br\/index.php?rest_route=%2Fwp%2Fv2%2Ftags&post=17577"}],"curies":[{"name":"wp","href":"https:\/\/api.w.org\/{rel}","templated":true}]}}