{"id":17664,"date":"2024-02-22T13:05:36","date_gmt":"2024-02-22T16:05:36","guid":{"rendered":"https:\/\/pc.sc.gov.br\/?p=17664"},"modified":"2024-02-22T13:07:24","modified_gmt":"2024-02-22T16:07:24","slug":"com-uso-do-portal-foragidos-da-pcsc-um-dos-condenados-mais-procurados-de-santa-catarina-e-preso-no-rio-de-janeiro","status":"publish","type":"post","link":"https:\/\/pc.sc.gov.br\/?p=17664","title":{"rendered":"Com uso do Portal Foragidos da PCSC, um dos condenados mais procurados de Santa Catarina \u00e9 preso no Rio de Janeiro"},"content":{"rendered":"\t\t<div data-elementor-type=\"wp-post\" data-elementor-id=\"17664\" class=\"elementor elementor-17664\" data-elementor-post-type=\"post\">\n\t\t\t\t\t\t<section class=\"elementor-section elementor-top-section elementor-element elementor-element-2e8028e elementor-section-boxed elementor-section-height-default elementor-section-height-default\" data-id=\"2e8028e\" data-element_type=\"section\">\n\t\t\t\t\t\t<div class=\"elementor-container elementor-column-gap-default\">\n\t\t\t\t\t<div class=\"elementor-column elementor-col-100 elementor-top-column elementor-element elementor-element-0d002e1\" data-id=\"0d002e1\" data-element_type=\"column\">\n\t\t\t<div class=\"elementor-widget-wrap elementor-element-populated\">\n\t\t\t\t\t\t<div class=\"elementor-element elementor-element-a0efb9a elementor-widget elementor-widget-heading\" data-id=\"a0efb9a\" data-element_type=\"widget\" data-widget_type=\"heading.default\">\n\t\t\t\t<div class=\"elementor-widget-container\">\n\t\t\t\t\t<h2 class=\"elementor-heading-title elementor-size-default\">Com uso do Portal Foragidos da PCSC, um dos condenados mais procurados de Santa Catarina \u00e9 preso no Rio de Janeiro<\/h2>\t\t\t\t<\/div>\n\t\t\t\t<\/div>\n\t\t\t\t\t<\/div>\n\t\t<\/div>\n\t\t\t\t\t<\/div>\n\t\t<\/section>\n\t\t\t\t<section class=\"elementor-section elementor-top-section elementor-element elementor-element-ec6de86 elementor-section-boxed elementor-section-height-default elementor-section-height-default\" data-id=\"ec6de86\" data-element_type=\"section\">\n\t\t\t\t\t\t<div class=\"elementor-container elementor-column-gap-default\">\n\t\t\t\t\t<div class=\"elementor-column elementor-col-100 elementor-top-column elementor-element elementor-element-9c51221\" data-id=\"9c51221\" data-element_type=\"column\">\n\t\t\t<div class=\"elementor-widget-wrap elementor-element-populated\">\n\t\t\t\t\t\t<div class=\"elementor-element elementor-element-c0cffd8 elementor-widget elementor-widget-image\" data-id=\"c0cffd8\" data-element_type=\"widget\" data-widget_type=\"image.default\">\n\t\t\t\t<div class=\"elementor-widget-container\">\n\t\t\t\t\t\t\t\t\t\t\t\t\t\t\t<img fetchpriority=\"high\" decoding=\"async\" width=\"696\" height=\"432\" src=\"https:\/\/pc.sc.gov.br\/\/wp-content\/uploads\/2024\/02\/9efd88b2-6730-4c8b-8125-16d6b2948bef-fotor-20231113161349-e1699911528458.jpg\" class=\"attachment-large size-large wp-image-17665\" alt=\"\" srcset=\"https:\/\/pc.sc.gov.br\/\/wp-content\/uploads\/2024\/02\/9efd88b2-6730-4c8b-8125-16d6b2948bef-fotor-20231113161349-e1699911528458.jpg 709w, https:\/\/pc.sc.gov.br\/\/wp-content\/uploads\/2024\/02\/9efd88b2-6730-4c8b-8125-16d6b2948bef-fotor-20231113161349-e1699911528458-300x186.jpg 300w\" sizes=\"(max-width: 696px) 100vw, 696px\" \/>\t\t\t\t\t\t\t\t\t\t\t\t\t\t\t<\/div>\n\t\t\t\t<\/div>\n\t\t\t\t\t<\/div>\n\t\t<\/div>\n\t\t\t\t\t<\/div>\n\t\t<\/section>\n\t\t\t\t<section class=\"elementor-section elementor-top-section elementor-element elementor-element-97bdb73 elementor-section-boxed elementor-section-height-default elementor-section-height-default\" data-id=\"97bdb73\" data-element_type=\"section\">\n\t\t\t\t\t\t<div class=\"elementor-container elementor-column-gap-default\">\n\t\t\t\t\t<div class=\"elementor-column elementor-col-100 elementor-top-column elementor-element elementor-element-8961d29\" data-id=\"8961d29\" data-element_type=\"column\">\n\t\t\t<div class=\"elementor-widget-wrap elementor-element-populated\">\n\t\t\t\t\t\t<div class=\"elementor-element elementor-element-1d8b3fb elementor-widget elementor-widget-text-editor\" data-id=\"1d8b3fb\" data-element_type=\"widget\" data-widget_type=\"text-editor.default\">\n\t\t\t\t<div class=\"elementor-widget-container\">\n\t\t\t\t\t\t\t\t\t<p>Nesta quinta-feira (22), um dos condenados mais procurados de Santa Catarina foi preso no Rio de Janeiro. O homem era um dos que figuram na lista do&nbsp;<a href=\"https:\/\/sistemas.pc.sc.gov.br\/foragidos\/\" target=\"_blank\"><u><b>Portal Foragidos da Pol\u00edcia Civil de Santa Catarina<\/b><\/u><\/a>. Ele possui contra ele tr\u00eas mandados de pris\u00e3o por homic\u00eddio qualificado, associa\u00e7\u00e3o ao tr\u00e1fico e organiza\u00e7\u00e3o criminosa. &nbsp;<\/p>\n<p>Atrav\u00e9s do trabalho realizado pela For\u00e7a Integrada de Combate ao Crime Organizado no Cear\u00e1 (FICCO\/CE), foi poss\u00edvel a obten\u00e7\u00e3o de dados que indicaram que o foragido estaria vivendo na cidade do Rio de Janeiro\/RJ. Ele foi localizado e preso nesta quinta-feira pela Pol\u00edcia Civil do Rio de Janeiro.<\/p>\n<p><strong>Portal Foragidos<\/strong><\/p>\n<p>Em novembro do ano passado, a Pol\u00edcia Civil de Santa Catarina, por meio da Delegacia de Capturas da Diretoria Estadual de Investiga\u00e7\u00f5es Criminais, divulgou a lista dos 15 foragidos mais procurados do estado, que incluem condenados por homic\u00eddio qualificado, oculta\u00e7\u00e3o de cad\u00e1ver, tr\u00e1fico de drogas e outros crimes.<\/p>\n<p>Para o delegado-geral, Ulisses Gabriel, a pris\u00e3o de hoje \u00e9 prova do sucesso do Portal Foragidos. \u201cO Portal Foragidos \u00e9 uma ideia do governador&nbsp;Jorginho Mello&nbsp;quando ainda era Deputado Estadual. Ele apresentou um projeto de lei em 2005 na ALESC que acabou n\u00e3o sendo votado. Agora, como governador botou em pr\u00e1tica\u201d, destacou.<\/p>\n<p>Desenvolvido pela Ger\u00eancia de Tecnologia da PCSC, em parceria com a Delegacia de Capturas (DECAP\/DEIC), o Portal Foragidos n\u00e3o implicou em nenhum custo adicional para o estado.<\/p>\n<p>Lembrando que, pelo&nbsp;<a href=\"https:\/\/sistemas.pc.sc.gov.br\/foragidos\/\">Portal Foragidos da PCSC<\/a>,&nbsp;\u00e9 poss\u00edvel conhecer a rela\u00e7\u00e3o de procurados pela Justi\u00e7a e a Pol\u00edcia Civil de Santa Catarina garante o anonimato de quem prestar informa\u00e7\u00f5es sobre foragidos. Al\u00e9m disso, den\u00fancias e informa\u00e7\u00f5es relacionadas a foragidos da Justi\u00e7a podem ser encaminhadas para o e-mail deic-capturas@pc.sc.gov.br.<\/p>\t\t\t\t\t\t\t\t<\/div>\n\t\t\t\t<\/div>\n\t\t\t\t\t<\/div>\n\t\t<\/div>\n\t\t\t\t\t<\/div>\n\t\t<\/section>\n\t\t\t\t<\/div>\n\t\t","protected":false},"excerpt":{"rendered":"<p>Com uso do Portal Foragidos da PCSC, um dos condenados mais procurados de Santa Catarina \u00e9 preso no Rio de Janeiro Nesta quinta-feira (22), um dos condenados mais procurados de Santa Catarina foi preso no Rio de Janeiro. O homem era um dos que figuram na lista do&nbsp;Portal Foragidos da Pol\u00edcia Civil de Santa Catarina. [&hellip;]<\/p>\n","protected":false},"author":5,"featured_media":17665,"comment_status":"closed","ping_status":"open","sticky":false,"template":"","format":"standard","meta":{"_monsterinsights_skip_tracking":false,"_monsterinsights_sitenote_active":false,"_monsterinsights_sitenote_note":"","_monsterinsights_sitenote_category":0,"footnotes":""},"categories":[1],"tags":[],"class_list":["post-17664","post","type-post","status-publish","format-standard","has-post-thumbnail","hentry","category-sem-categoria"],"_links":{"self":[{"href":"https:\/\/pc.sc.gov.br\/index.php?rest_route=\/wp\/v2\/posts\/17664","targetHints":{"allow":["GET"]}}],"collection":[{"href":"https:\/\/pc.sc.gov.br\/index.php?rest_route=\/wp\/v2\/posts"}],"about":[{"href":"https:\/\/pc.sc.gov.br\/index.php?rest_route=\/wp\/v2\/types\/post"}],"author":[{"embeddable":true,"href":"https:\/\/pc.sc.gov.br\/index.php?rest_route=\/wp\/v2\/users\/5"}],"replies":[{"embeddable":true,"href":"https:\/\/pc.sc.gov.br\/index.php?rest_route=%2Fwp%2Fv2%2Fcomments&post=17664"}],"version-history":[{"count":4,"href":"https:\/\/pc.sc.gov.br\/index.php?rest_route=\/wp\/v2\/posts\/17664\/revisions"}],"predecessor-version":[{"id":17669,"href":"https:\/\/pc.sc.gov.br\/index.php?rest_route=\/wp\/v2\/posts\/17664\/revisions\/17669"}],"wp:featuredmedia":[{"embeddable":true,"href":"https:\/\/pc.sc.gov.br\/index.php?rest_route=\/wp\/v2\/media\/17665"}],"wp:attachment":[{"href":"https:\/\/pc.sc.gov.br\/index.php?rest_route=%2Fwp%2Fv2%2Fmedia&parent=17664"}],"wp:term":[{"taxonomy":"category","embeddable":true,"href":"https:\/\/pc.sc.gov.br\/index.php?rest_route=%2Fwp%2Fv2%2Fcategories&post=17664"},{"taxonomy":"post_tag","embeddable":true,"href":"https:\/\/pc.sc.gov.br\/index.php?rest_route=%2Fwp%2Fv2%2Ftags&post=17664"}],"curies":[{"name":"wp","href":"https:\/\/api.w.org\/{rel}","templated":true}]}}