{"id":17674,"date":"2024-02-22T14:08:20","date_gmt":"2024-02-22T17:08:20","guid":{"rendered":"https:\/\/pc.sc.gov.br\/?p=17674"},"modified":"2024-02-22T14:09:31","modified_gmt":"2024-02-22T17:09:31","slug":"policia-civil-participa-de-forca-tarefa-contra-a-pichacao-na-capital","status":"publish","type":"post","link":"https:\/\/pc.sc.gov.br\/?p=17674","title":{"rendered":"Pol\u00edcia Civil participa de for\u00e7a tarefa contra a \u201cpicha\u00e7\u00e3o\u201d na Capital"},"content":{"rendered":"\t\t<div data-elementor-type=\"wp-post\" data-elementor-id=\"17674\" class=\"elementor elementor-17674\" data-elementor-post-type=\"post\">\n\t\t\t\t\t\t<section class=\"elementor-section elementor-top-section elementor-element elementor-element-31b8ca1 elementor-section-boxed elementor-section-height-default elementor-section-height-default\" data-id=\"31b8ca1\" data-element_type=\"section\">\n\t\t\t\t\t\t<div class=\"elementor-container elementor-column-gap-default\">\n\t\t\t\t\t<div class=\"elementor-column elementor-col-100 elementor-top-column elementor-element elementor-element-92b9be9\" data-id=\"92b9be9\" data-element_type=\"column\">\n\t\t\t<div class=\"elementor-widget-wrap elementor-element-populated\">\n\t\t\t\t\t\t<div class=\"elementor-element elementor-element-7950749 elementor-widget elementor-widget-heading\" data-id=\"7950749\" data-element_type=\"widget\" data-widget_type=\"heading.default\">\n\t\t\t\t<div class=\"elementor-widget-container\">\n\t\t\t\t\t<h2 class=\"elementor-heading-title elementor-size-default\">Pol\u00edcia Civil participa de for\u00e7a tarefa contra a \u201cpicha\u00e7\u00e3o\u201d na Capital <\/h2>\t\t\t\t<\/div>\n\t\t\t\t<\/div>\n\t\t\t\t\t<\/div>\n\t\t<\/div>\n\t\t\t\t\t<\/div>\n\t\t<\/section>\n\t\t\t\t<section class=\"elementor-section elementor-top-section elementor-element elementor-element-3623ba0 elementor-section-boxed elementor-section-height-default elementor-section-height-default\" data-id=\"3623ba0\" data-element_type=\"section\">\n\t\t\t\t\t\t<div class=\"elementor-container elementor-column-gap-default\">\n\t\t\t\t\t<div class=\"elementor-column elementor-col-100 elementor-top-column elementor-element elementor-element-a705dfb\" data-id=\"a705dfb\" data-element_type=\"column\">\n\t\t\t<div class=\"elementor-widget-wrap elementor-element-populated\">\n\t\t\t\t\t\t<div class=\"elementor-element elementor-element-01a6c58 elementor-widget elementor-widget-image\" data-id=\"01a6c58\" data-element_type=\"widget\" data-widget_type=\"image.default\">\n\t\t\t\t<div class=\"elementor-widget-container\">\n\t\t\t\t\t\t\t\t\t\t\t\t\t\t\t<img fetchpriority=\"high\" decoding=\"async\" width=\"696\" height=\"313\" src=\"https:\/\/pc.sc.gov.br\/\/wp-content\/uploads\/2024\/02\/WhatsApp-Image-2024-02-22-at-12.12.32-1024x461.jpeg\" class=\"attachment-large size-large wp-image-17679\" alt=\"\" srcset=\"https:\/\/pc.sc.gov.br\/\/wp-content\/uploads\/2024\/02\/WhatsApp-Image-2024-02-22-at-12.12.32-1024x461.jpeg 1024w, https:\/\/pc.sc.gov.br\/\/wp-content\/uploads\/2024\/02\/WhatsApp-Image-2024-02-22-at-12.12.32-300x135.jpeg 300w, https:\/\/pc.sc.gov.br\/\/wp-content\/uploads\/2024\/02\/WhatsApp-Image-2024-02-22-at-12.12.32-768x346.jpeg 768w, https:\/\/pc.sc.gov.br\/\/wp-content\/uploads\/2024\/02\/WhatsApp-Image-2024-02-22-at-12.12.32-1536x692.jpeg 1536w, https:\/\/pc.sc.gov.br\/\/wp-content\/uploads\/2024\/02\/WhatsApp-Image-2024-02-22-at-12.12.32.jpeg 1600w\" sizes=\"(max-width: 696px) 100vw, 696px\" \/>\t\t\t\t\t\t\t\t\t\t\t\t\t\t\t<\/div>\n\t\t\t\t<\/div>\n\t\t\t\t\t<\/div>\n\t\t<\/div>\n\t\t\t\t\t<\/div>\n\t\t<\/section>\n\t\t\t\t<section class=\"elementor-section elementor-top-section elementor-element elementor-element-7175397 elementor-section-boxed elementor-section-height-default elementor-section-height-default\" data-id=\"7175397\" data-element_type=\"section\">\n\t\t\t\t\t\t<div class=\"elementor-container elementor-column-gap-default\">\n\t\t\t\t\t<div class=\"elementor-column elementor-col-100 elementor-top-column elementor-element elementor-element-8f16bdc\" data-id=\"8f16bdc\" data-element_type=\"column\">\n\t\t\t<div class=\"elementor-widget-wrap elementor-element-populated\">\n\t\t\t\t\t\t<div class=\"elementor-element elementor-element-c8cdf2e elementor-widget elementor-widget-text-editor\" data-id=\"c8cdf2e\" data-element_type=\"widget\" data-widget_type=\"text-editor.default\">\n\t\t\t\t<div class=\"elementor-widget-container\">\n\t\t\t\t\t\t\t\t\t<p>Nesta quinta-feira (22), a Pol\u00edcia Civil de Santa Catarina, por meio da Delegacia de Combate ao Crime Organizado da Diretoria de Pol\u00edcia da Grande Florian\u00f3polis, deflagrou opera\u00e7\u00e3o de combate \u00e0 \u201cpicha\u00e7\u00e3o\u201d, a qual acontece em diversos patrim\u00f4nios do munic\u00edpio de Florian\u00f3polis, atrav\u00e9s de uma poss\u00edvel associa\u00e7\u00e3o criminosa, que \u00e9 objeto da investiga\u00e7\u00e3o.<\/p><p>Trata-se de uma for\u00e7a tarefa, com a finalidade de coibir e reprimir a conduta delituosa, com a participa\u00e7\u00e3o da Guarda Municipal de Florian\u00f3polis, vinculada \u00e0 Secretaria de Seguran\u00e7a e Ordem P\u00fablica da Prefeitura de Florian\u00f3polis, em raz\u00e3o de conv\u00eanio firmado visando o fortalecimento das a\u00e7\u00f5es integradas de combate a crimes ambientais.<\/p><p>No total, oito mandados de busca e apreens\u00e3o foram cumpridos. Quatro pessoas foram conduzidas \u00e0 delegacia para lavratura de Termo Circunstanciado por posse de drogas. Durante as buscas foram apreendido diversos materiais utilizados para \u201cpicha\u00e7\u00e3o\u201d.<\/p><p>A diretoria de Pol\u00edcia da Grande Florian\u00f3polis, delegada Michele Alves Correa Rebelo, destaca que \u201ca picha\u00e7\u00e3o, al\u00e9m de caracterizar crime, causa grandes preju\u00edzos ao er\u00e1rio e aos mun\u00edcipes\u201d.<\/p><p>Apoiaram a a\u00e7\u00e3o a Diretoria de Intelig\u00eancia, a Ger\u00eancia de Tecnologia da Informa\u00e7\u00e3o e a Ger\u00eancia de Gest\u00e3o de Pessoas da PCSC.<\/p>\t\t\t\t\t\t\t\t<\/div>\n\t\t\t\t<\/div>\n\t\t\t\t\t<\/div>\n\t\t<\/div>\n\t\t\t\t\t<\/div>\n\t\t<\/section>\n\t\t\t\t<section class=\"elementor-section elementor-top-section elementor-element elementor-element-ccf981e elementor-section-boxed elementor-section-height-default elementor-section-height-default\" data-id=\"ccf981e\" data-element_type=\"section\">\n\t\t\t\t\t\t<div class=\"elementor-container elementor-column-gap-default\">\n\t\t\t\t\t<div class=\"elementor-column elementor-col-100 elementor-top-column elementor-element elementor-element-05a80af\" data-id=\"05a80af\" data-element_type=\"column\">\n\t\t\t<div class=\"elementor-widget-wrap elementor-element-populated\">\n\t\t\t\t\t\t<div class=\"elementor-element elementor-element-9d38668 elementor-widget elementor-widget-image\" data-id=\"9d38668\" data-element_type=\"widget\" data-widget_type=\"image.default\">\n\t\t\t\t<div class=\"elementor-widget-container\">\n\t\t\t\t\t\t\t\t\t\t\t\t\t\t\t<img decoding=\"async\" width=\"576\" height=\"1024\" src=\"https:\/\/pc.sc.gov.br\/\/wp-content\/uploads\/2024\/02\/WhatsApp-Image-2024-02-22-at-12.12.36-576x1024.jpeg\" class=\"attachment-large size-large wp-image-17676\" alt=\"\" srcset=\"https:\/\/pc.sc.gov.br\/\/wp-content\/uploads\/2024\/02\/WhatsApp-Image-2024-02-22-at-12.12.36-576x1024.jpeg 576w, https:\/\/pc.sc.gov.br\/\/wp-content\/uploads\/2024\/02\/WhatsApp-Image-2024-02-22-at-12.12.36-169x300.jpeg 169w, https:\/\/pc.sc.gov.br\/\/wp-content\/uploads\/2024\/02\/WhatsApp-Image-2024-02-22-at-12.12.36-768x1365.jpeg 768w, https:\/\/pc.sc.gov.br\/\/wp-content\/uploads\/2024\/02\/WhatsApp-Image-2024-02-22-at-12.12.36-864x1536.jpeg 864w, https:\/\/pc.sc.gov.br\/\/wp-content\/uploads\/2024\/02\/WhatsApp-Image-2024-02-22-at-12.12.36.jpeg 900w\" sizes=\"(max-width: 576px) 100vw, 576px\" \/>\t\t\t\t\t\t\t\t\t\t\t\t\t\t\t<\/div>\n\t\t\t\t<\/div>\n\t\t\t\t\t<\/div>\n\t\t<\/div>\n\t\t\t\t\t<\/div>\n\t\t<\/section>\n\t\t\t\t<\/div>\n\t\t","protected":false},"excerpt":{"rendered":"<p>Pol\u00edcia Civil participa de for\u00e7a tarefa contra a \u201cpicha\u00e7\u00e3o\u201d na Capital Nesta quinta-feira (22), a Pol\u00edcia Civil de Santa Catarina, por meio da Delegacia de Combate ao Crime Organizado da Diretoria de Pol\u00edcia da Grande Florian\u00f3polis, deflagrou opera\u00e7\u00e3o de combate \u00e0 \u201cpicha\u00e7\u00e3o\u201d, a qual acontece em diversos patrim\u00f4nios do munic\u00edpio de Florian\u00f3polis, atrav\u00e9s de uma [&hellip;]<\/p>\n","protected":false},"author":5,"featured_media":17676,"comment_status":"closed","ping_status":"open","sticky":false,"template":"","format":"standard","meta":{"_monsterinsights_skip_tracking":false,"_monsterinsights_sitenote_active":false,"_monsterinsights_sitenote_note":"","_monsterinsights_sitenote_category":0,"footnotes":""},"categories":[1],"tags":[],"class_list":["post-17674","post","type-post","status-publish","format-standard","has-post-thumbnail","hentry","category-sem-categoria"],"_links":{"self":[{"href":"https:\/\/pc.sc.gov.br\/index.php?rest_route=\/wp\/v2\/posts\/17674","targetHints":{"allow":["GET"]}}],"collection":[{"href":"https:\/\/pc.sc.gov.br\/index.php?rest_route=\/wp\/v2\/posts"}],"about":[{"href":"https:\/\/pc.sc.gov.br\/index.php?rest_route=\/wp\/v2\/types\/post"}],"author":[{"embeddable":true,"href":"https:\/\/pc.sc.gov.br\/index.php?rest_route=\/wp\/v2\/users\/5"}],"replies":[{"embeddable":true,"href":"https:\/\/pc.sc.gov.br\/index.php?rest_route=%2Fwp%2Fv2%2Fcomments&post=17674"}],"version-history":[{"count":4,"href":"https:\/\/pc.sc.gov.br\/index.php?rest_route=\/wp\/v2\/posts\/17674\/revisions"}],"predecessor-version":[{"id":17687,"href":"https:\/\/pc.sc.gov.br\/index.php?rest_route=\/wp\/v2\/posts\/17674\/revisions\/17687"}],"wp:featuredmedia":[{"embeddable":true,"href":"https:\/\/pc.sc.gov.br\/index.php?rest_route=\/wp\/v2\/media\/17676"}],"wp:attachment":[{"href":"https:\/\/pc.sc.gov.br\/index.php?rest_route=%2Fwp%2Fv2%2Fmedia&parent=17674"}],"wp:term":[{"taxonomy":"category","embeddable":true,"href":"https:\/\/pc.sc.gov.br\/index.php?rest_route=%2Fwp%2Fv2%2Fcategories&post=17674"},{"taxonomy":"post_tag","embeddable":true,"href":"https:\/\/pc.sc.gov.br\/index.php?rest_route=%2Fwp%2Fv2%2Ftags&post=17674"}],"curies":[{"name":"wp","href":"https:\/\/api.w.org\/{rel}","templated":true}]}}