{"id":17688,"date":"2024-02-22T14:23:44","date_gmt":"2024-02-22T17:23:44","guid":{"rendered":"https:\/\/pc.sc.gov.br\/?p=17688"},"modified":"2024-02-22T14:25:04","modified_gmt":"2024-02-22T17:25:04","slug":"delegacia-de-homicidios-da-capital-investiga-execucao-e-prende-suspeito-no-monte-cristo","status":"publish","type":"post","link":"https:\/\/pc.sc.gov.br\/?p=17688","title":{"rendered":"Delegacia de Homic\u00eddios da Capital investiga execu\u00e7\u00e3o e prende suspeito no Monte Cristo"},"content":{"rendered":"\t\t<div data-elementor-type=\"wp-post\" data-elementor-id=\"17688\" class=\"elementor elementor-17688\" data-elementor-post-type=\"post\">\n\t\t\t\t\t\t<section class=\"elementor-section elementor-top-section elementor-element elementor-element-a53ff36 elementor-section-boxed elementor-section-height-default elementor-section-height-default\" data-id=\"a53ff36\" data-element_type=\"section\">\n\t\t\t\t\t\t<div class=\"elementor-container elementor-column-gap-default\">\n\t\t\t\t\t<div class=\"elementor-column elementor-col-100 elementor-top-column elementor-element elementor-element-1016a88\" data-id=\"1016a88\" data-element_type=\"column\">\n\t\t\t<div class=\"elementor-widget-wrap elementor-element-populated\">\n\t\t\t\t\t\t<div class=\"elementor-element elementor-element-03c1fde elementor-widget elementor-widget-heading\" data-id=\"03c1fde\" data-element_type=\"widget\" data-widget_type=\"heading.default\">\n\t\t\t\t<div class=\"elementor-widget-container\">\n\t\t\t\t\t<h2 class=\"elementor-heading-title elementor-size-default\">Delegacia de Homic\u00eddios da Capital investiga execu\u00e7\u00e3o e prende suspeito no Monte Cristo<\/h2>\t\t\t\t<\/div>\n\t\t\t\t<\/div>\n\t\t\t\t\t<\/div>\n\t\t<\/div>\n\t\t\t\t\t<\/div>\n\t\t<\/section>\n\t\t\t\t<section class=\"elementor-section elementor-top-section elementor-element elementor-element-7b787a6 elementor-section-boxed elementor-section-height-default elementor-section-height-default\" data-id=\"7b787a6\" data-element_type=\"section\">\n\t\t\t\t\t\t<div class=\"elementor-container elementor-column-gap-default\">\n\t\t\t\t\t<div class=\"elementor-column elementor-col-100 elementor-top-column elementor-element elementor-element-e6737fa\" data-id=\"e6737fa\" data-element_type=\"column\">\n\t\t\t<div class=\"elementor-widget-wrap elementor-element-populated\">\n\t\t\t\t\t\t<div class=\"elementor-element elementor-element-e4a37c7 elementor-widget elementor-widget-image\" data-id=\"e4a37c7\" data-element_type=\"widget\" data-widget_type=\"image.default\">\n\t\t\t\t<div class=\"elementor-widget-container\">\n\t\t\t\t\t\t\t\t\t\t\t\t\t\t\t<img fetchpriority=\"high\" decoding=\"async\" width=\"696\" height=\"554\" src=\"https:\/\/pc.sc.gov.br\/\/wp-content\/uploads\/2024\/02\/a8e38384-52b3-487f-8f16-5412319b01c3-fotor-20240222142211.jpg\" class=\"attachment-large size-large wp-image-17689\" alt=\"\" srcset=\"https:\/\/pc.sc.gov.br\/\/wp-content\/uploads\/2024\/02\/a8e38384-52b3-487f-8f16-5412319b01c3-fotor-20240222142211.jpg 900w, https:\/\/pc.sc.gov.br\/\/wp-content\/uploads\/2024\/02\/a8e38384-52b3-487f-8f16-5412319b01c3-fotor-20240222142211-300x239.jpg 300w, https:\/\/pc.sc.gov.br\/\/wp-content\/uploads\/2024\/02\/a8e38384-52b3-487f-8f16-5412319b01c3-fotor-20240222142211-768x612.jpg 768w\" sizes=\"(max-width: 696px) 100vw, 696px\" \/>\t\t\t\t\t\t\t\t\t\t\t\t\t\t\t<\/div>\n\t\t\t\t<\/div>\n\t\t\t\t\t<\/div>\n\t\t<\/div>\n\t\t\t\t\t<\/div>\n\t\t<\/section>\n\t\t\t\t<section class=\"elementor-section elementor-top-section elementor-element elementor-element-ae2b242 elementor-section-boxed elementor-section-height-default elementor-section-height-default\" data-id=\"ae2b242\" data-element_type=\"section\">\n\t\t\t\t\t\t<div class=\"elementor-container elementor-column-gap-default\">\n\t\t\t\t\t<div class=\"elementor-column elementor-col-100 elementor-top-column elementor-element elementor-element-df47a02\" data-id=\"df47a02\" data-element_type=\"column\">\n\t\t\t<div class=\"elementor-widget-wrap elementor-element-populated\">\n\t\t\t\t\t\t<div class=\"elementor-element elementor-element-302ae4c elementor-widget elementor-widget-text-editor\" data-id=\"302ae4c\" data-element_type=\"widget\" data-widget_type=\"text-editor.default\">\n\t\t\t\t<div class=\"elementor-widget-container\">\n\t\t\t\t\t\t\t\t\t<p><span style=\"font-family: var( --e-global-typography-text-font-family ), Sans-serif; font-size: var( --e-global-typography-text-font-size );\">Um crime de propor\u00e7\u00f5es chocantes vitimou um homem na \u00faltima ter\u00e7a-feira (20), na comunidade do Monte Cristo, em Florian\u00f3polis. A v\u00edtima foi executada a tiros em um beco da comunidade, dominada por uma fac\u00e7\u00e3o criminosa. O crime aconteceu por volta das 14h40. A v\u00edtima, que n\u00e3o foi identificada no momento em que o corpo foi localizado, apresentava diversos disparos de arma de fogo.<\/span><\/p>\n<p>A equipe da Delegacia de Homic\u00eddios, liderada pelo Delegado \u00canio de Oliveira Matos, foi at\u00e9 o local do crime que j\u00e1 estava isolado e preservado pela Pol\u00edcia Militar. A per\u00edcia foi realizada pela Pol\u00edcia Cient\u00edfica (PCI) coletando estojos de arma de fogo e fragmentos de proj\u00e9teis. Mais tarde a v\u00edtima foi identificada pela PCI.<\/p>\n<p>Os familiares da v\u00edtima relataram que ele era natural de Crici\u00fama e que havia se deslocado para Florian\u00f3polis em um ve\u00edculo Golf. A investiga\u00e7\u00e3o busca verificar o motivo da viagem da v\u00edtima \u00e0 capital catarinense e se h\u00e1 rela\u00e7\u00e3o com o crime.<\/p>\n<p>Ap\u00f3s dilig\u00eancias incessantes, em conjunto com a Guarda Municipal de S\u00e3o Jos\u00e9 e 22\u00ba BPM, o ve\u00edculo foi encontrado estacionado no bairro Monte Cristo. Em uma opera\u00e7\u00e3o cuidadosamente planejada e estrategicamente executada, os agentes da Delegacia de Homic\u00eddios realizaram campana no local.<\/p>\n<p>Ap\u00f3s horas de vigil\u00e2ncia, a perspic\u00e1cia da equipe foi recompensada.Um indiv\u00edduo aproximou-se do ve\u00edculo e, demonstrando inequ\u00edvoca inten\u00e7\u00e3o de consumar o crime de recepta\u00e7\u00e3o, entrou no carro, ligou o motor e estava prestes a sair do local. Nesse momento crucial, a equipe da Delegacia de Homic\u00eddios realizou a abordagem do indiv\u00edduo, capturando-o em flagrante delito consumado.<\/p>\n<p>Conduzido \u00e0 Central de Plant\u00e3o Policial (CPP), Lucas foi autuado em flagrante pelo crime de recepta\u00e7\u00e3o do ve\u00edculo Golf. A investiga\u00e7\u00e3o do crime segue em curso, com a equipe da Delegacia de Homic\u00eddios trabalhando para identificar outros suspeitos, a participa\u00e7\u00e3o de Lucas no crime de homic\u00eddio e desvendar todas as circunst\u00e2ncias do caso. A Delegacia de Homic\u00eddios agradece a parceria e apoio da Guarda Municipal de S\u00e3o Jos\u00e9 e do 22\u00ba Batalh\u00e3o da Pol\u00edcia Militar.<span style=\"color: var( --e-global-color-text ); font-family: var( --e-global-typography-primary-font-family ), Sans-serif; font-size: var( --e-global-typography-primary-font-size ); font-weight: var( --e-global-typography-primary-font-weight ); letter-spacing: var( --e-global-typography-primary-letter-spacing );\">&nbsp;<\/span><\/p>\t\t\t\t\t\t\t\t<\/div>\n\t\t\t\t<\/div>\n\t\t\t\t\t<\/div>\n\t\t<\/div>\n\t\t\t\t\t<\/div>\n\t\t<\/section>\n\t\t\t\t<\/div>\n\t\t","protected":false},"excerpt":{"rendered":"<p>Delegacia de Homic\u00eddios da Capital investiga execu\u00e7\u00e3o e prende suspeito no Monte Cristo Um crime de propor\u00e7\u00f5es chocantes vitimou um homem na \u00faltima ter\u00e7a-feira (20), na comunidade do Monte Cristo, em Florian\u00f3polis. A v\u00edtima foi executada a tiros em um beco da comunidade, dominada por uma fac\u00e7\u00e3o criminosa. O crime aconteceu por volta das 14h40. [&hellip;]<\/p>\n","protected":false},"author":5,"featured_media":17689,"comment_status":"closed","ping_status":"open","sticky":false,"template":"","format":"standard","meta":{"_monsterinsights_skip_tracking":false,"_monsterinsights_sitenote_active":false,"_monsterinsights_sitenote_note":"","_monsterinsights_sitenote_category":0,"footnotes":""},"categories":[1],"tags":[],"class_list":["post-17688","post","type-post","status-publish","format-standard","has-post-thumbnail","hentry","category-sem-categoria"],"_links":{"self":[{"href":"https:\/\/pc.sc.gov.br\/index.php?rest_route=\/wp\/v2\/posts\/17688","targetHints":{"allow":["GET"]}}],"collection":[{"href":"https:\/\/pc.sc.gov.br\/index.php?rest_route=\/wp\/v2\/posts"}],"about":[{"href":"https:\/\/pc.sc.gov.br\/index.php?rest_route=\/wp\/v2\/types\/post"}],"author":[{"embeddable":true,"href":"https:\/\/pc.sc.gov.br\/index.php?rest_route=\/wp\/v2\/users\/5"}],"replies":[{"embeddable":true,"href":"https:\/\/pc.sc.gov.br\/index.php?rest_route=%2Fwp%2Fv2%2Fcomments&post=17688"}],"version-history":[{"count":4,"href":"https:\/\/pc.sc.gov.br\/index.php?rest_route=\/wp\/v2\/posts\/17688\/revisions"}],"predecessor-version":[{"id":17693,"href":"https:\/\/pc.sc.gov.br\/index.php?rest_route=\/wp\/v2\/posts\/17688\/revisions\/17693"}],"wp:featuredmedia":[{"embeddable":true,"href":"https:\/\/pc.sc.gov.br\/index.php?rest_route=\/wp\/v2\/media\/17689"}],"wp:attachment":[{"href":"https:\/\/pc.sc.gov.br\/index.php?rest_route=%2Fwp%2Fv2%2Fmedia&parent=17688"}],"wp:term":[{"taxonomy":"category","embeddable":true,"href":"https:\/\/pc.sc.gov.br\/index.php?rest_route=%2Fwp%2Fv2%2Fcategories&post=17688"},{"taxonomy":"post_tag","embeddable":true,"href":"https:\/\/pc.sc.gov.br\/index.php?rest_route=%2Fwp%2Fv2%2Ftags&post=17688"}],"curies":[{"name":"wp","href":"https:\/\/api.w.org\/{rel}","templated":true}]}}