{"id":17700,"date":"2024-02-22T14:55:12","date_gmt":"2024-02-22T17:55:12","guid":{"rendered":"https:\/\/pc.sc.gov.br\/?p=17700"},"modified":"2024-02-22T14:56:00","modified_gmt":"2024-02-22T17:56:00","slug":"delegacia-de-repressao-a-entorpecentes-da-deic-deflagra-operacao-repique-e-um-homem-e-preso-em-flagrante","status":"publish","type":"post","link":"https:\/\/pc.sc.gov.br\/?p=17700","title":{"rendered":"Delegacia de Repress\u00e3o a Entorpecentes da DEIC deflagra opera\u00e7\u00e3o \u201cRepique\u201d e um homem \u00e9 preso em flagrante"},"content":{"rendered":"\t\t<div data-elementor-type=\"wp-post\" data-elementor-id=\"17700\" class=\"elementor elementor-17700\" data-elementor-post-type=\"post\">\n\t\t\t\t\t\t<section class=\"elementor-section elementor-top-section elementor-element elementor-element-21b787b elementor-section-boxed elementor-section-height-default elementor-section-height-default\" data-id=\"21b787b\" data-element_type=\"section\">\n\t\t\t\t\t\t<div class=\"elementor-container elementor-column-gap-default\">\n\t\t\t\t\t<div class=\"elementor-column elementor-col-100 elementor-top-column elementor-element elementor-element-ed6f30d\" data-id=\"ed6f30d\" data-element_type=\"column\">\n\t\t\t<div class=\"elementor-widget-wrap elementor-element-populated\">\n\t\t\t\t\t\t<div class=\"elementor-element elementor-element-0c8c6de elementor-widget elementor-widget-heading\" data-id=\"0c8c6de\" data-element_type=\"widget\" data-widget_type=\"heading.default\">\n\t\t\t\t<div class=\"elementor-widget-container\">\n\t\t\t\t\t<h2 class=\"elementor-heading-title elementor-size-default\">Delegacia de Repress\u00e3o a Entorpecentes da DEIC deflagra opera\u00e7\u00e3o \u201cRepique\u201d e um homem \u00e9 preso em flagrante<\/h2>\t\t\t\t<\/div>\n\t\t\t\t<\/div>\n\t\t\t\t\t<\/div>\n\t\t<\/div>\n\t\t\t\t\t<\/div>\n\t\t<\/section>\n\t\t\t\t<section class=\"elementor-section elementor-top-section elementor-element elementor-element-3d16f4b elementor-section-boxed elementor-section-height-default elementor-section-height-default\" data-id=\"3d16f4b\" data-element_type=\"section\">\n\t\t\t\t\t\t<div class=\"elementor-container elementor-column-gap-default\">\n\t\t\t\t\t<div class=\"elementor-column elementor-col-100 elementor-top-column elementor-element elementor-element-29459cf\" data-id=\"29459cf\" data-element_type=\"column\">\n\t\t\t<div class=\"elementor-widget-wrap elementor-element-populated\">\n\t\t\t\t\t\t<div class=\"elementor-element elementor-element-76e752b elementor-widget elementor-widget-image\" data-id=\"76e752b\" data-element_type=\"widget\" data-widget_type=\"image.default\">\n\t\t\t\t<div class=\"elementor-widget-container\">\n\t\t\t\t\t\t\t\t\t\t\t\t\t\t\t<img fetchpriority=\"high\" decoding=\"async\" width=\"696\" height=\"392\" src=\"https:\/\/pc.sc.gov.br\/\/wp-content\/uploads\/2024\/02\/WhatsApp-Image-2024-02-22-at-08.21.18-1024x576.jpeg\" class=\"attachment-large size-large wp-image-17702\" alt=\"\" srcset=\"https:\/\/pc.sc.gov.br\/\/wp-content\/uploads\/2024\/02\/WhatsApp-Image-2024-02-22-at-08.21.18-1024x576.jpeg 1024w, https:\/\/pc.sc.gov.br\/\/wp-content\/uploads\/2024\/02\/WhatsApp-Image-2024-02-22-at-08.21.18-300x169.jpeg 300w, https:\/\/pc.sc.gov.br\/\/wp-content\/uploads\/2024\/02\/WhatsApp-Image-2024-02-22-at-08.21.18-768x432.jpeg 768w, https:\/\/pc.sc.gov.br\/\/wp-content\/uploads\/2024\/02\/WhatsApp-Image-2024-02-22-at-08.21.18-1536x864.jpeg 1536w, https:\/\/pc.sc.gov.br\/\/wp-content\/uploads\/2024\/02\/WhatsApp-Image-2024-02-22-at-08.21.18.jpeg 1599w\" sizes=\"(max-width: 696px) 100vw, 696px\" \/>\t\t\t\t\t\t\t\t\t\t\t\t\t\t\t<\/div>\n\t\t\t\t<\/div>\n\t\t\t\t\t<\/div>\n\t\t<\/div>\n\t\t\t\t\t<\/div>\n\t\t<\/section>\n\t\t\t\t<section class=\"elementor-section elementor-top-section elementor-element elementor-element-8b30557 elementor-section-boxed elementor-section-height-default elementor-section-height-default\" data-id=\"8b30557\" data-element_type=\"section\">\n\t\t\t\t\t\t<div class=\"elementor-container elementor-column-gap-default\">\n\t\t\t\t\t<div class=\"elementor-column elementor-col-100 elementor-top-column elementor-element elementor-element-ca57c85\" data-id=\"ca57c85\" data-element_type=\"column\">\n\t\t\t<div class=\"elementor-widget-wrap elementor-element-populated\">\n\t\t\t\t\t\t<div class=\"elementor-element elementor-element-c630c3c elementor-widget elementor-widget-text-editor\" data-id=\"c630c3c\" data-element_type=\"widget\" data-widget_type=\"text-editor.default\">\n\t\t\t\t<div class=\"elementor-widget-container\">\n\t\t\t\t\t\t\t\t\t<p>Nesta quinta-feira (22), a Delegacia de Repress\u00e3o a Entorpecentes da Diretoria Estadual de Investiga\u00e7\u00f5es Criminais (DRE\/DEIC), com apoio de outras unidades da DEIC, deflagrou a opera\u00e7\u00e3o \u201cRepique\u201d, dando cumprimento a quatro mandados de busca e apreens\u00e3o expedidos pela 1\u00aa Vara Criminal da Comarca de Palho\u00e7a.<\/p><p>A a\u00e7\u00e3o ocorreu em Palho\u00e7a e Florian\u00f3polis e \u00e9 decorrente de investiga\u00e7\u00e3o iniciada em maio de 2023, que coletou elementos de informa\u00e7\u00e3o dando conta de que o alvo principal, indiv\u00edduo investigado e preso por tr\u00e1fico de drogas pela DRE\/DEIC, ap\u00f3s a sua soltura em 2022, voltou a se dedicar ao tr\u00e1fico de drogas. A investiga\u00e7\u00e3o apontou que, com o aux\u00edlio de associados, o homem passou a realizar a lavagem de grande quantidade de dinheiro proveniente do crime, valendo-se, inclusive, de empresa de fachada.<\/p><p>Durante as buscas, o alvo principal foi preso em flagrante delito pelo crime de posse ilegal de arma de fogo de uso restrito. Al\u00e9m disso, tamb\u00e9m na sua resid\u00eancia, foram apreendidos dois ve\u00edculos, aparelhos celulares e documentos, ficando evidenciado o seu alto padr\u00e3o de vida. Ademais, em outro endere\u00e7o, foram apreendidos aparelhos celulares.<\/p>\t\t\t\t\t\t\t\t<\/div>\n\t\t\t\t<\/div>\n\t\t\t\t\t<\/div>\n\t\t<\/div>\n\t\t\t\t\t<\/div>\n\t\t<\/section>\n\t\t\t\t<\/div>\n\t\t","protected":false},"excerpt":{"rendered":"<p>Delegacia de Repress\u00e3o a Entorpecentes da DEIC deflagra opera\u00e7\u00e3o \u201cRepique\u201d e um homem \u00e9 preso em flagrante Nesta quinta-feira (22), a Delegacia de Repress\u00e3o a Entorpecentes da Diretoria Estadual de Investiga\u00e7\u00f5es Criminais (DRE\/DEIC), com apoio de outras unidades da DEIC, deflagrou a opera\u00e7\u00e3o \u201cRepique\u201d, dando cumprimento a quatro mandados de busca e apreens\u00e3o expedidos pela [&hellip;]<\/p>\n","protected":false},"author":5,"featured_media":17702,"comment_status":"closed","ping_status":"open","sticky":false,"template":"","format":"standard","meta":{"_monsterinsights_skip_tracking":false,"_monsterinsights_sitenote_active":false,"_monsterinsights_sitenote_note":"","_monsterinsights_sitenote_category":0,"footnotes":""},"categories":[1],"tags":[],"class_list":["post-17700","post","type-post","status-publish","format-standard","has-post-thumbnail","hentry","category-sem-categoria"],"_links":{"self":[{"href":"https:\/\/pc.sc.gov.br\/index.php?rest_route=\/wp\/v2\/posts\/17700","targetHints":{"allow":["GET"]}}],"collection":[{"href":"https:\/\/pc.sc.gov.br\/index.php?rest_route=\/wp\/v2\/posts"}],"about":[{"href":"https:\/\/pc.sc.gov.br\/index.php?rest_route=\/wp\/v2\/types\/post"}],"author":[{"embeddable":true,"href":"https:\/\/pc.sc.gov.br\/index.php?rest_route=\/wp\/v2\/users\/5"}],"replies":[{"embeddable":true,"href":"https:\/\/pc.sc.gov.br\/index.php?rest_route=%2Fwp%2Fv2%2Fcomments&post=17700"}],"version-history":[{"count":4,"href":"https:\/\/pc.sc.gov.br\/index.php?rest_route=\/wp\/v2\/posts\/17700\/revisions"}],"predecessor-version":[{"id":17706,"href":"https:\/\/pc.sc.gov.br\/index.php?rest_route=\/wp\/v2\/posts\/17700\/revisions\/17706"}],"wp:featuredmedia":[{"embeddable":true,"href":"https:\/\/pc.sc.gov.br\/index.php?rest_route=\/wp\/v2\/media\/17702"}],"wp:attachment":[{"href":"https:\/\/pc.sc.gov.br\/index.php?rest_route=%2Fwp%2Fv2%2Fmedia&parent=17700"}],"wp:term":[{"taxonomy":"category","embeddable":true,"href":"https:\/\/pc.sc.gov.br\/index.php?rest_route=%2Fwp%2Fv2%2Fcategories&post=17700"},{"taxonomy":"post_tag","embeddable":true,"href":"https:\/\/pc.sc.gov.br\/index.php?rest_route=%2Fwp%2Fv2%2Ftags&post=17700"}],"curies":[{"name":"wp","href":"https:\/\/api.w.org\/{rel}","templated":true}]}}