{"id":17716,"date":"2024-02-22T16:33:02","date_gmt":"2024-02-22T19:33:02","guid":{"rendered":"https:\/\/pc.sc.gov.br\/?p=17716"},"modified":"2024-02-22T16:34:25","modified_gmt":"2024-02-22T19:34:25","slug":"draco-e-decap-deflagram-operacao-policial-e-prendem-dois-homens-em-palhoca","status":"publish","type":"post","link":"https:\/\/pc.sc.gov.br\/?p=17716","title":{"rendered":"DRACO e DECAP deflagram opera\u00e7\u00e3o policial e prendem dois homens em Palho\u00e7a"},"content":{"rendered":"\t\t<div data-elementor-type=\"wp-post\" data-elementor-id=\"17716\" class=\"elementor elementor-17716\" data-elementor-post-type=\"post\">\n\t\t\t\t\t\t<section class=\"elementor-section elementor-top-section elementor-element elementor-element-cd97716 elementor-section-boxed elementor-section-height-default elementor-section-height-default\" data-id=\"cd97716\" data-element_type=\"section\">\n\t\t\t\t\t\t<div class=\"elementor-container elementor-column-gap-default\">\n\t\t\t\t\t<div class=\"elementor-column elementor-col-100 elementor-top-column elementor-element elementor-element-61e4a4d\" data-id=\"61e4a4d\" data-element_type=\"column\">\n\t\t\t<div class=\"elementor-widget-wrap elementor-element-populated\">\n\t\t\t\t\t\t<div class=\"elementor-element elementor-element-634c579 elementor-widget elementor-widget-heading\" data-id=\"634c579\" data-element_type=\"widget\" data-widget_type=\"heading.default\">\n\t\t\t\t<div class=\"elementor-widget-container\">\n\t\t\t\t\t<h2 class=\"elementor-heading-title elementor-size-default\">DRACO e DECAP deflagram opera\u00e7\u00e3o policial e prendem dois homens em Palho\u00e7a<\/h2>\t\t\t\t<\/div>\n\t\t\t\t<\/div>\n\t\t\t\t\t<\/div>\n\t\t<\/div>\n\t\t\t\t\t<\/div>\n\t\t<\/section>\n\t\t\t\t<section class=\"elementor-section elementor-top-section elementor-element elementor-element-56c4013 elementor-section-boxed elementor-section-height-default elementor-section-height-default\" data-id=\"56c4013\" data-element_type=\"section\">\n\t\t\t\t\t\t<div class=\"elementor-container elementor-column-gap-default\">\n\t\t\t\t\t<div class=\"elementor-column elementor-col-100 elementor-top-column elementor-element elementor-element-5faf654\" data-id=\"5faf654\" data-element_type=\"column\">\n\t\t\t<div class=\"elementor-widget-wrap elementor-element-populated\">\n\t\t\t\t\t\t<div class=\"elementor-element elementor-element-54b95eb elementor-widget elementor-widget-image\" data-id=\"54b95eb\" data-element_type=\"widget\" data-widget_type=\"image.default\">\n\t\t\t\t<div class=\"elementor-widget-container\">\n\t\t\t\t\t\t\t\t\t\t\t\t\t\t\t<img fetchpriority=\"high\" decoding=\"async\" width=\"696\" height=\"517\" src=\"https:\/\/pc.sc.gov.br\/\/wp-content\/uploads\/2023\/06\/DEIC-PAREDE-1.jpeg\" class=\"attachment-large size-large wp-image-10917\" alt=\"\" srcset=\"https:\/\/pc.sc.gov.br\/\/wp-content\/uploads\/2023\/06\/DEIC-PAREDE-1.jpeg 1024w, https:\/\/pc.sc.gov.br\/\/wp-content\/uploads\/2023\/06\/DEIC-PAREDE-1-300x223.jpeg 300w, https:\/\/pc.sc.gov.br\/\/wp-content\/uploads\/2023\/06\/DEIC-PAREDE-1-768x571.jpeg 768w\" sizes=\"(max-width: 696px) 100vw, 696px\" \/>\t\t\t\t\t\t\t\t\t\t\t\t\t\t\t<\/div>\n\t\t\t\t<\/div>\n\t\t\t\t\t<\/div>\n\t\t<\/div>\n\t\t\t\t\t<\/div>\n\t\t<\/section>\n\t\t\t\t<section class=\"elementor-section elementor-top-section elementor-element elementor-element-79c17fd elementor-section-boxed elementor-section-height-default elementor-section-height-default\" data-id=\"79c17fd\" data-element_type=\"section\">\n\t\t\t\t\t\t<div class=\"elementor-container elementor-column-gap-default\">\n\t\t\t\t\t<div class=\"elementor-column elementor-col-100 elementor-top-column elementor-element elementor-element-4fd13d9\" data-id=\"4fd13d9\" data-element_type=\"column\">\n\t\t\t<div class=\"elementor-widget-wrap elementor-element-populated\">\n\t\t\t\t\t\t<div class=\"elementor-element elementor-element-741337d elementor-widget elementor-widget-text-editor\" data-id=\"741337d\" data-element_type=\"widget\" data-widget_type=\"text-editor.default\">\n\t\t\t\t<div class=\"elementor-widget-container\">\n\t\t\t\t\t\t\t\t\t<p>A Pol\u00edcia Civil de Santa Catarina, por meio da Delegacia de Repress\u00e3o ao Crime Organizado (DRACO) e da Delegacia de Capturas (DECAP), ambas da Diretoria Estadual de Investiga\u00e7\u00f5es Criminais (DEIC), deflagrou opera\u00e7\u00e3o policial para cumprir quatro mandados de busca e apreens\u00e3o na cidade de Palho\u00e7a. A a\u00e7\u00e3o contou com o apoio das demais especializadas da DEIC, NOC\/DEIC e da Divis\u00e3o de Investiga\u00e7\u00e3o Criminal de Palho\u00e7a. \u00a0<\/p><p>Ap\u00f3s trocas de informa\u00e7\u00f5es com a Pol\u00edcia Civil do Amazonas, a DRACO e a DECAP iniciaram investiga\u00e7\u00e3o conjunta para apurar a pr\u00e1tica de crimes por parte de lideran\u00e7as da organiza\u00e7\u00e3o criminosa aqui em Santa Catarina.<\/p><p>Assim, representou-se pela expedi\u00e7\u00e3o de mandados de busca e apreens\u00e3o nos endere\u00e7os utilizados pelos investigados, onde, ap\u00f3s parecer favor\u00e1vel do Minist\u00e9rio P\u00fablico, as ordens judiciais foram autorizadas pelo Plant\u00e3o Judici\u00e1rio da Comarca de Palho\u00e7a.<\/p><p>Durante o cumprimento dos mandados de busca e apreens\u00e3o, foram localizados e presos no bairro do Brejar\u00fa, na Palho\u00e7a, duas importantes lideran\u00e7as da organiza\u00e7\u00e3o criminosa.<\/p><p>No local, foram presos dois homens. Um deles \u00e9 apontado pela PC\/AM como lideran\u00e7a da organiza\u00e7\u00e3o criminosas no Amazonas, ele \u00e9 natural daquele estado e possu\u00eda um mandado de pris\u00e3o preventiva ativo, sendo investigado pela pr\u00e1tica dos crimes previstos nos artigos 12, 14 e 16 da Lei 10826\/03; 121 do C\u00f3digo Penal; 35 da lei 11.343\/06 e 2\u00ba da Lei 12.850\/13.<\/p><p>J\u00e1 o segundo homem preso, \u00e9 apontado como importante lideran\u00e7a da organiza\u00e7\u00e3o criminosa no Par\u00e1. Ele \u00e9 apontado pela PC\/PA como fundador da organiza\u00e7\u00e3o criminosa no bairro Jurunas, localizado no munic\u00edpio de Bel\u00e9m\/PA, possuindo em seu desfavor um mandado de pris\u00e3o ativo por senten\u00e7a definitiva, estando condenado a 42 anos de pris\u00e3o pela pr\u00e1tica dos crimes previstos nos artigos 157 do CP; 14 da Lei 10826\/03, e; 121 do CP.<\/p>\t\t\t\t\t\t\t\t<\/div>\n\t\t\t\t<\/div>\n\t\t\t\t\t<\/div>\n\t\t<\/div>\n\t\t\t\t\t<\/div>\n\t\t<\/section>\n\t\t\t\t<\/div>\n\t\t","protected":false},"excerpt":{"rendered":"<p>DRACO e DECAP deflagram opera\u00e7\u00e3o policial e prendem dois homens em Palho\u00e7a A Pol\u00edcia Civil de Santa Catarina, por meio da Delegacia de Repress\u00e3o ao Crime Organizado (DRACO) e da Delegacia de Capturas (DECAP), ambas da Diretoria Estadual de Investiga\u00e7\u00f5es Criminais (DEIC), deflagrou opera\u00e7\u00e3o policial para cumprir quatro mandados de busca e apreens\u00e3o na cidade [&hellip;]<\/p>\n","protected":false},"author":5,"featured_media":10917,"comment_status":"closed","ping_status":"open","sticky":false,"template":"","format":"standard","meta":{"_monsterinsights_skip_tracking":false,"_monsterinsights_sitenote_active":false,"_monsterinsights_sitenote_note":"","_monsterinsights_sitenote_category":0,"footnotes":""},"categories":[1],"tags":[],"class_list":["post-17716","post","type-post","status-publish","format-standard","has-post-thumbnail","hentry","category-sem-categoria"],"_links":{"self":[{"href":"https:\/\/pc.sc.gov.br\/index.php?rest_route=\/wp\/v2\/posts\/17716","targetHints":{"allow":["GET"]}}],"collection":[{"href":"https:\/\/pc.sc.gov.br\/index.php?rest_route=\/wp\/v2\/posts"}],"about":[{"href":"https:\/\/pc.sc.gov.br\/index.php?rest_route=\/wp\/v2\/types\/post"}],"author":[{"embeddable":true,"href":"https:\/\/pc.sc.gov.br\/index.php?rest_route=\/wp\/v2\/users\/5"}],"replies":[{"embeddable":true,"href":"https:\/\/pc.sc.gov.br\/index.php?rest_route=%2Fwp%2Fv2%2Fcomments&post=17716"}],"version-history":[{"count":4,"href":"https:\/\/pc.sc.gov.br\/index.php?rest_route=\/wp\/v2\/posts\/17716\/revisions"}],"predecessor-version":[{"id":17720,"href":"https:\/\/pc.sc.gov.br\/index.php?rest_route=\/wp\/v2\/posts\/17716\/revisions\/17720"}],"wp:featuredmedia":[{"embeddable":true,"href":"https:\/\/pc.sc.gov.br\/index.php?rest_route=\/wp\/v2\/media\/10917"}],"wp:attachment":[{"href":"https:\/\/pc.sc.gov.br\/index.php?rest_route=%2Fwp%2Fv2%2Fmedia&parent=17716"}],"wp:term":[{"taxonomy":"category","embeddable":true,"href":"https:\/\/pc.sc.gov.br\/index.php?rest_route=%2Fwp%2Fv2%2Fcategories&post=17716"},{"taxonomy":"post_tag","embeddable":true,"href":"https:\/\/pc.sc.gov.br\/index.php?rest_route=%2Fwp%2Fv2%2Ftags&post=17716"}],"curies":[{"name":"wp","href":"https:\/\/api.w.org\/{rel}","templated":true}]}}