{"id":17726,"date":"2024-02-22T18:44:27","date_gmt":"2024-02-22T21:44:27","guid":{"rendered":"https:\/\/pc.sc.gov.br\/?p=17726"},"modified":"2024-02-22T18:46:37","modified_gmt":"2024-02-22T21:46:37","slug":"policia-civil-finaliza-investigacoes-e-promove-indiciamento-de-seis-pessoas-por-roubo-e-por-receptacoes","status":"publish","type":"post","link":"https:\/\/pc.sc.gov.br\/?p=17726","title":{"rendered":"Pol\u00edcia Civil finaliza investiga\u00e7\u00f5es e promove indiciamento de seis pessoas por roubo e por recepta\u00e7\u00f5es"},"content":{"rendered":"\t\t<div data-elementor-type=\"wp-post\" data-elementor-id=\"17726\" class=\"elementor elementor-17726\" data-elementor-post-type=\"post\">\n\t\t\t\t\t\t<section class=\"elementor-section elementor-top-section elementor-element elementor-element-02e8bd7 elementor-section-boxed elementor-section-height-default elementor-section-height-default\" data-id=\"02e8bd7\" data-element_type=\"section\">\n\t\t\t\t\t\t<div class=\"elementor-container elementor-column-gap-default\">\n\t\t\t\t\t<div class=\"elementor-column elementor-col-100 elementor-top-column elementor-element elementor-element-8e8892e\" data-id=\"8e8892e\" data-element_type=\"column\">\n\t\t\t<div class=\"elementor-widget-wrap elementor-element-populated\">\n\t\t\t\t\t\t<div class=\"elementor-element elementor-element-55744c7 elementor-widget elementor-widget-heading\" data-id=\"55744c7\" data-element_type=\"widget\" data-widget_type=\"heading.default\">\n\t\t\t\t<div class=\"elementor-widget-container\">\n\t\t\t\t\t<h2 class=\"elementor-heading-title elementor-size-default\">Pol\u00edcia Civil finaliza investiga\u00e7\u00f5es e promove indiciamento de seis pessoas por roubo e por recepta\u00e7\u00f5es<\/h2>\t\t\t\t<\/div>\n\t\t\t\t<\/div>\n\t\t\t\t\t<\/div>\n\t\t<\/div>\n\t\t\t\t\t<\/div>\n\t\t<\/section>\n\t\t\t\t<section class=\"elementor-section elementor-top-section elementor-element elementor-element-bc862fb elementor-section-boxed elementor-section-height-default elementor-section-height-default\" data-id=\"bc862fb\" data-element_type=\"section\">\n\t\t\t\t\t\t<div class=\"elementor-container elementor-column-gap-default\">\n\t\t\t\t\t<div class=\"elementor-column elementor-col-100 elementor-top-column elementor-element elementor-element-785840e\" data-id=\"785840e\" data-element_type=\"column\">\n\t\t\t<div class=\"elementor-widget-wrap elementor-element-populated\">\n\t\t\t\t\t\t<div class=\"elementor-element elementor-element-17955ae elementor-widget elementor-widget-image\" data-id=\"17955ae\" data-element_type=\"widget\" data-widget_type=\"image.default\">\n\t\t\t\t<div class=\"elementor-widget-container\">\n\t\t\t\t\t\t\t\t\t\t\t\t\t\t\t<img fetchpriority=\"high\" decoding=\"async\" width=\"696\" height=\"428\" src=\"https:\/\/pc.sc.gov.br\/\/wp-content\/uploads\/2024\/02\/WhatsApp-Image-2024-02-22-at-18.34.11-1-1-1024x630.jpeg\" class=\"attachment-large size-large wp-image-17729\" alt=\"\" srcset=\"https:\/\/pc.sc.gov.br\/\/wp-content\/uploads\/2024\/02\/WhatsApp-Image-2024-02-22-at-18.34.11-1-1-1024x630.jpeg 1024w, https:\/\/pc.sc.gov.br\/\/wp-content\/uploads\/2024\/02\/WhatsApp-Image-2024-02-22-at-18.34.11-1-1-300x185.jpeg 300w, https:\/\/pc.sc.gov.br\/\/wp-content\/uploads\/2024\/02\/WhatsApp-Image-2024-02-22-at-18.34.11-1-1-768x473.jpeg 768w, https:\/\/pc.sc.gov.br\/\/wp-content\/uploads\/2024\/02\/WhatsApp-Image-2024-02-22-at-18.34.11-1-1.jpeg 1537w\" sizes=\"(max-width: 696px) 100vw, 696px\" \/>\t\t\t\t\t\t\t\t\t\t\t\t\t\t\t<\/div>\n\t\t\t\t<\/div>\n\t\t\t\t\t<\/div>\n\t\t<\/div>\n\t\t\t\t\t<\/div>\n\t\t<\/section>\n\t\t\t\t<section class=\"elementor-section elementor-top-section elementor-element elementor-element-9da1ba4 elementor-section-boxed elementor-section-height-default elementor-section-height-default\" data-id=\"9da1ba4\" data-element_type=\"section\">\n\t\t\t\t\t\t<div class=\"elementor-container elementor-column-gap-default\">\n\t\t\t\t\t<div class=\"elementor-column elementor-col-100 elementor-top-column elementor-element elementor-element-b53d58c\" data-id=\"b53d58c\" data-element_type=\"column\">\n\t\t\t<div class=\"elementor-widget-wrap elementor-element-populated\">\n\t\t\t\t\t\t<div class=\"elementor-element elementor-element-94e8e78 elementor-widget elementor-widget-text-editor\" data-id=\"94e8e78\" data-element_type=\"widget\" data-widget_type=\"text-editor.default\">\n\t\t\t\t<div class=\"elementor-widget-container\">\n\t\t\t\t\t\t\t\t\t<p>A Divis\u00e3o de Repress\u00e3o a Roubos (DRR\/DIC Crici\u00fama) da Pol\u00edcia Civil de Santa Catarina, coordenada pelo Delegado Yuri Miqueluzzi, encerrou tr\u00eas apura\u00e7\u00f5es policiais de crimes patrimoniais em Crici\u00fama. Seis pessoas foram identificadas com participa\u00e7\u00f5es criminosas.&nbsp;<\/p>\n<p>Conforme as investiga\u00e7\u00f5es, tr\u00eas pessoas tiveram sua vincula\u00e7\u00e3o atribu\u00edda a roubo e outras tr\u00eas implicadas em crimes de recepta\u00e7\u00f5es. O roubo ocorreu no bairro Bras\u00edlia, quando os criminosos invadiram a casa da v\u00edtima e, mediante grave amea\u00e7a, subtra\u00edram seu aparelho celular.&nbsp;<\/p>\n<p>Com rela\u00e7\u00e3o \u00e0s recepta\u00e7\u00f5es, os investigadores recuperaram televis\u00e3o, videogame e aparelho celular, que haviam sido subtra\u00eddos mediante uso de arma de fogo na Santa B\u00e1rbara e com uso de faca na Vila Visconde. Um dos envolvidos foi indiciado por recepta\u00e7\u00e3o qualificada e outros dois por recepta\u00e7\u00e3o simples. Os objetos foram restitu\u00eddos aos propriet\u00e1rios.<span style=\"color: var( --e-global-color-text ); font-family: var( --e-global-typography-primary-font-family ), Sans-serif; font-size: var( --e-global-typography-primary-font-size ); font-weight: var( --e-global-typography-primary-font-weight ); letter-spacing: var( --e-global-typography-primary-letter-spacing );\">&nbsp;<\/span><\/p>\t\t\t\t\t\t\t\t<\/div>\n\t\t\t\t<\/div>\n\t\t\t\t\t<\/div>\n\t\t<\/div>\n\t\t\t\t\t<\/div>\n\t\t<\/section>\n\t\t\t\t<\/div>\n\t\t","protected":false},"excerpt":{"rendered":"<p>Pol\u00edcia Civil finaliza investiga\u00e7\u00f5es e promove indiciamento de seis pessoas por roubo e por recepta\u00e7\u00f5es A Divis\u00e3o de Repress\u00e3o a Roubos (DRR\/DIC Crici\u00fama) da Pol\u00edcia Civil de Santa Catarina, coordenada pelo Delegado Yuri Miqueluzzi, encerrou tr\u00eas apura\u00e7\u00f5es policiais de crimes patrimoniais em Crici\u00fama. Seis pessoas foram identificadas com participa\u00e7\u00f5es criminosas.&nbsp; Conforme as investiga\u00e7\u00f5es, tr\u00eas pessoas [&hellip;]<\/p>\n","protected":false},"author":5,"featured_media":17730,"comment_status":"closed","ping_status":"open","sticky":false,"template":"","format":"standard","meta":{"_monsterinsights_skip_tracking":false,"_monsterinsights_sitenote_active":false,"_monsterinsights_sitenote_note":"","_monsterinsights_sitenote_category":0,"footnotes":""},"categories":[1],"tags":[],"class_list":["post-17726","post","type-post","status-publish","format-standard","has-post-thumbnail","hentry","category-sem-categoria"],"_links":{"self":[{"href":"https:\/\/pc.sc.gov.br\/index.php?rest_route=\/wp\/v2\/posts\/17726","targetHints":{"allow":["GET"]}}],"collection":[{"href":"https:\/\/pc.sc.gov.br\/index.php?rest_route=\/wp\/v2\/posts"}],"about":[{"href":"https:\/\/pc.sc.gov.br\/index.php?rest_route=\/wp\/v2\/types\/post"}],"author":[{"embeddable":true,"href":"https:\/\/pc.sc.gov.br\/index.php?rest_route=\/wp\/v2\/users\/5"}],"replies":[{"embeddable":true,"href":"https:\/\/pc.sc.gov.br\/index.php?rest_route=%2Fwp%2Fv2%2Fcomments&post=17726"}],"version-history":[{"count":4,"href":"https:\/\/pc.sc.gov.br\/index.php?rest_route=\/wp\/v2\/posts\/17726\/revisions"}],"predecessor-version":[{"id":17733,"href":"https:\/\/pc.sc.gov.br\/index.php?rest_route=\/wp\/v2\/posts\/17726\/revisions\/17733"}],"wp:featuredmedia":[{"embeddable":true,"href":"https:\/\/pc.sc.gov.br\/index.php?rest_route=\/wp\/v2\/media\/17730"}],"wp:attachment":[{"href":"https:\/\/pc.sc.gov.br\/index.php?rest_route=%2Fwp%2Fv2%2Fmedia&parent=17726"}],"wp:term":[{"taxonomy":"category","embeddable":true,"href":"https:\/\/pc.sc.gov.br\/index.php?rest_route=%2Fwp%2Fv2%2Fcategories&post=17726"},{"taxonomy":"post_tag","embeddable":true,"href":"https:\/\/pc.sc.gov.br\/index.php?rest_route=%2Fwp%2Fv2%2Ftags&post=17726"}],"curies":[{"name":"wp","href":"https:\/\/api.w.org\/{rel}","templated":true}]}}