{"id":17734,"date":"2024-02-23T11:24:41","date_gmt":"2024-02-23T14:24:41","guid":{"rendered":"https:\/\/pc.sc.gov.br\/?p=17734"},"modified":"2024-02-23T11:25:56","modified_gmt":"2024-02-23T14:25:56","slug":"visitas-as-delegacias-de-policia-reforcam-aproximacao-de-policiais-civis-com-gestores-da-seguranca-publica","status":"publish","type":"post","link":"https:\/\/pc.sc.gov.br\/?p=17734","title":{"rendered":"Visitas \u00e0s delegacias de pol\u00edcia refor\u00e7am aproxima\u00e7\u00e3o de policiais civis com gestores da Seguran\u00e7a P\u00fablica"},"content":{"rendered":"\t\t<div data-elementor-type=\"wp-post\" data-elementor-id=\"17734\" class=\"elementor elementor-17734\" data-elementor-post-type=\"post\">\n\t\t\t\t\t\t<section class=\"elementor-section elementor-top-section elementor-element elementor-element-d71ecf7 elementor-section-boxed elementor-section-height-default elementor-section-height-default\" data-id=\"d71ecf7\" data-element_type=\"section\">\n\t\t\t\t\t\t<div class=\"elementor-container elementor-column-gap-default\">\n\t\t\t\t\t<div class=\"elementor-column elementor-col-100 elementor-top-column elementor-element elementor-element-9568202\" data-id=\"9568202\" data-element_type=\"column\">\n\t\t\t<div class=\"elementor-widget-wrap elementor-element-populated\">\n\t\t\t\t\t\t<div class=\"elementor-element elementor-element-68139c5 elementor-widget elementor-widget-heading\" data-id=\"68139c5\" data-element_type=\"widget\" data-widget_type=\"heading.default\">\n\t\t\t\t<div class=\"elementor-widget-container\">\n\t\t\t\t\t<h2 class=\"elementor-heading-title elementor-size-default\">Visitas \u00e0s delegacias de pol\u00edcia refor\u00e7am aproxima\u00e7\u00e3o de policiais civis com gestores da Seguran\u00e7a P\u00fablica<\/h2>\t\t\t\t<\/div>\n\t\t\t\t<\/div>\n\t\t\t\t\t<\/div>\n\t\t<\/div>\n\t\t\t\t\t<\/div>\n\t\t<\/section>\n\t\t\t\t<section class=\"elementor-section elementor-top-section elementor-element elementor-element-5110cd2 elementor-section-boxed elementor-section-height-default elementor-section-height-default\" data-id=\"5110cd2\" data-element_type=\"section\">\n\t\t\t\t\t\t<div class=\"elementor-container elementor-column-gap-default\">\n\t\t\t\t\t<div class=\"elementor-column elementor-col-100 elementor-top-column elementor-element elementor-element-c9d3046\" data-id=\"c9d3046\" data-element_type=\"column\">\n\t\t\t<div class=\"elementor-widget-wrap elementor-element-populated\">\n\t\t\t\t\t\t<div class=\"elementor-element elementor-element-4cefed2 elementor-widget elementor-widget-image\" data-id=\"4cefed2\" data-element_type=\"widget\" data-widget_type=\"image.default\">\n\t\t\t\t<div class=\"elementor-widget-container\">\n\t\t\t\t\t\t\t\t\t\t\t\t\t\t\t<img fetchpriority=\"high\" decoding=\"async\" width=\"696\" height=\"522\" src=\"https:\/\/pc.sc.gov.br\/\/wp-content\/uploads\/2024\/02\/WhatsApp_Image_2024-02-22_at_151054-1024x768.jpeg\" class=\"attachment-large size-large wp-image-17736\" alt=\"\" srcset=\"https:\/\/pc.sc.gov.br\/\/wp-content\/uploads\/2024\/02\/WhatsApp_Image_2024-02-22_at_151054-1024x768.jpeg 1024w, https:\/\/pc.sc.gov.br\/\/wp-content\/uploads\/2024\/02\/WhatsApp_Image_2024-02-22_at_151054-300x225.jpeg 300w, https:\/\/pc.sc.gov.br\/\/wp-content\/uploads\/2024\/02\/WhatsApp_Image_2024-02-22_at_151054-768x576.jpeg 768w, https:\/\/pc.sc.gov.br\/\/wp-content\/uploads\/2024\/02\/WhatsApp_Image_2024-02-22_at_151054-1536x1152.jpeg 1536w, https:\/\/pc.sc.gov.br\/\/wp-content\/uploads\/2024\/02\/WhatsApp_Image_2024-02-22_at_151054.jpeg 1600w\" sizes=\"(max-width: 696px) 100vw, 696px\" \/>\t\t\t\t\t\t\t\t\t\t\t\t\t\t\t<\/div>\n\t\t\t\t<\/div>\n\t\t\t\t\t<\/div>\n\t\t<\/div>\n\t\t\t\t\t<\/div>\n\t\t<\/section>\n\t\t\t\t<section class=\"elementor-section elementor-top-section elementor-element elementor-element-47f039a elementor-section-boxed elementor-section-height-default elementor-section-height-default\" data-id=\"47f039a\" data-element_type=\"section\">\n\t\t\t\t\t\t<div class=\"elementor-container elementor-column-gap-default\">\n\t\t\t\t\t<div class=\"elementor-column elementor-col-100 elementor-top-column elementor-element elementor-element-fcd78d2\" data-id=\"fcd78d2\" data-element_type=\"column\">\n\t\t\t<div class=\"elementor-widget-wrap elementor-element-populated\">\n\t\t\t\t\t\t<div class=\"elementor-element elementor-element-c2c0c9b elementor-widget elementor-widget-text-editor\" data-id=\"c2c0c9b\" data-element_type=\"widget\" data-widget_type=\"text-editor.default\">\n\t\t\t\t<div class=\"elementor-widget-container\">\n\t\t\t\t\t\t\t\t\t<p>Melhorar cada vez mais a estrutura e as condi\u00e7\u00f5es de trabalho dos policiais civis que atuam na ponta e consequentemente a qualidade dos servi\u00e7os policiais prestados \u00e0 popula\u00e7\u00e3o de Santa Catarina.<\/p>\n<p>Estes s\u00e3o alguns dos principais objetivos de visitas que est\u00e3o sendo realizadas pela Secretaria de Seguran\u00e7a P\u00fablica (SSP-SC) e tamb\u00e9m pela Delegacia Geral da Pol\u00edcia Civil, no Estado. A conversa com os gestores e os servidores aborda desde assuntos como o ambiente de trabalho, reivindica\u00e7\u00f5es das categorias, estrat\u00e9gias e resultados na preven\u00e7\u00e3o e combate ao crime.<\/p>\n<p>Esta semana, durante dois dias, delegacias de pol\u00edcia do litoral Norte e de Joinville estiveram no roteiro, durante a quinta-feira (22) e quarta-feira (21). Foram visitadas as delegacias de pol\u00edcia de Navegantes, S\u00e3o Francisco do Sul, Itapo\u00e1, Garuva e a Delegacia de Prote\u00e7\u00e3o \u00e0 Crian\u00e7a, ao Adolescente, \u00e0 Mulher e ao Idoso (DPCAMI) de Joinville, essa \u00faltima com a presen\u00e7a da governadora em exerc\u00edcio, a delegada aposentada Mariliza Boehm.<\/p>\n<p>O grupo foi formado pelo secret\u00e1rio da Seguran\u00e7a P\u00fablica, Sargento Lima, o delegado-geral da Pol\u00edcia Civil, Ulisses Gabriel, delegados com cargo de dire\u00e7\u00e3o e delegado regional, al\u00e9m de assessores.<\/p>\n<p><strong>Realidades locais<\/strong><\/p>\n<p>Os gestores se reuniram com os policiais civis. Na DP de S\u00e3o Francisco do Sul, por exemplo, foi verificado o andamento da obra na unidade, cuja previs\u00e3o de entrega \u00e9 para o m\u00eas de maio.<br>Conhecer a realidade das DPs e dos policiais, a natureza dos crimes atendidos, os trabalhos prestados, novas ideais e ouvir os policiais s\u00e3o alguns dos encaminhamentos.<\/p>\n<p>&#8220;A nossa ideia \u00e9 refor\u00e7ar la\u00e7os, aproximar&nbsp;mais as pessoas e aproximar tamb\u00e9m a Secretaria de Seguran\u00e7a P\u00fablica com as demais delegacias do Estado, as especializadas e as da regi\u00e3o. Isso \u00e9 muito importante porque tamb\u00e9m temos que olhar para o lado de dentro e n\u00e3o s\u00f3 aquilo que podemos fazer para a popula\u00e7\u00e3o e sim aos nossos policiais&#8221;, avalia o secret\u00e1rio de Estado da Seguran\u00e7a P\u00fablica de Santa Catarina, Sargento Lima.<\/p>\n<p><strong>Refor\u00e7o nas divisas<\/strong><\/p>\n<p>Em Itapo\u00e1, por exemplo, o delegado-geral da Pol\u00edcia Civil Ulisses Gabriel destacou a import\u00e2ncia de fortalecer a\u00e7\u00f5es contra os crimes nas regi\u00f5es de divisas. &#8220;Itapo\u00e1, Garuva, essa regi\u00e3o Norte que faz divisa com o Paran\u00e1 \u00e9 estrat\u00e9gica para a seguran\u00e7a p\u00fablica. Melhorar a estrutura aqui \u00e9 um pleito de todo o Estado porque \u00e9 por aqui que entram drogas e outros tipos de delitos e o governador Jorginho Mello tem pedido para protegermos as nossas fronteiras&#8221;, pontuou o delegado-geral.<\/p>\n<p>A\u00e7\u00f5es semelhantes continuar\u00e3o sendo realizadas e envolvendo tamb\u00e9m todas as for\u00e7as de Seguran\u00e7a do Estado.<\/p>\n<p><b>Com informa\u00e7\u00f5es e imagens da Assessoria de Comunica\u00e7\u00e3o da SSP\/SC.<\/b><\/p>\t\t\t\t\t\t\t\t<\/div>\n\t\t\t\t<\/div>\n\t\t\t\t\t<\/div>\n\t\t<\/div>\n\t\t\t\t\t<\/div>\n\t\t<\/section>\n\t\t\t\t<section class=\"elementor-section elementor-top-section elementor-element elementor-element-7959c24 elementor-section-boxed elementor-section-height-default elementor-section-height-default\" data-id=\"7959c24\" data-element_type=\"section\">\n\t\t\t\t\t\t<div class=\"elementor-container elementor-column-gap-default\">\n\t\t\t\t\t<div class=\"elementor-column elementor-col-100 elementor-top-column elementor-element elementor-element-71f10b2\" data-id=\"71f10b2\" data-element_type=\"column\">\n\t\t\t<div class=\"elementor-widget-wrap elementor-element-populated\">\n\t\t\t\t\t\t<div class=\"elementor-element elementor-element-5a63eaf elementor-widget elementor-widget-image\" data-id=\"5a63eaf\" data-element_type=\"widget\" data-widget_type=\"image.default\">\n\t\t\t\t<div class=\"elementor-widget-container\">\n\t\t\t\t\t\t\t\t\t\t\t\t\t\t\t<img decoding=\"async\" width=\"696\" height=\"522\" src=\"https:\/\/pc.sc.gov.br\/\/wp-content\/uploads\/2024\/02\/WhatsApp_Image_2024-02-23_at_105824-1024x768.jpeg\" class=\"attachment-large size-large wp-image-17735\" alt=\"\" srcset=\"https:\/\/pc.sc.gov.br\/\/wp-content\/uploads\/2024\/02\/WhatsApp_Image_2024-02-23_at_105824-1024x768.jpeg 1024w, https:\/\/pc.sc.gov.br\/\/wp-content\/uploads\/2024\/02\/WhatsApp_Image_2024-02-23_at_105824-300x225.jpeg 300w, https:\/\/pc.sc.gov.br\/\/wp-content\/uploads\/2024\/02\/WhatsApp_Image_2024-02-23_at_105824-768x576.jpeg 768w, https:\/\/pc.sc.gov.br\/\/wp-content\/uploads\/2024\/02\/WhatsApp_Image_2024-02-23_at_105824-1536x1152.jpeg 1536w, https:\/\/pc.sc.gov.br\/\/wp-content\/uploads\/2024\/02\/WhatsApp_Image_2024-02-23_at_105824.jpeg 1600w\" sizes=\"(max-width: 696px) 100vw, 696px\" \/>\t\t\t\t\t\t\t\t\t\t\t\t\t\t\t<\/div>\n\t\t\t\t<\/div>\n\t\t\t\t\t<\/div>\n\t\t<\/div>\n\t\t\t\t\t<\/div>\n\t\t<\/section>\n\t\t\t\t<\/div>\n\t\t","protected":false},"excerpt":{"rendered":"<p>Visitas \u00e0s delegacias de pol\u00edcia refor\u00e7am aproxima\u00e7\u00e3o de policiais civis com gestores da Seguran\u00e7a P\u00fablica Melhorar cada vez mais a estrutura e as condi\u00e7\u00f5es de trabalho dos policiais civis que atuam na ponta e consequentemente a qualidade dos servi\u00e7os policiais prestados \u00e0 popula\u00e7\u00e3o de Santa Catarina. Estes s\u00e3o alguns dos principais objetivos de visitas que [&hellip;]<\/p>\n","protected":false},"author":5,"featured_media":17736,"comment_status":"closed","ping_status":"open","sticky":false,"template":"","format":"standard","meta":{"_monsterinsights_skip_tracking":false,"_monsterinsights_sitenote_active":false,"_monsterinsights_sitenote_note":"","_monsterinsights_sitenote_category":0,"footnotes":""},"categories":[1],"tags":[],"class_list":["post-17734","post","type-post","status-publish","format-standard","has-post-thumbnail","hentry","category-sem-categoria"],"_links":{"self":[{"href":"https:\/\/pc.sc.gov.br\/index.php?rest_route=\/wp\/v2\/posts\/17734","targetHints":{"allow":["GET"]}}],"collection":[{"href":"https:\/\/pc.sc.gov.br\/index.php?rest_route=\/wp\/v2\/posts"}],"about":[{"href":"https:\/\/pc.sc.gov.br\/index.php?rest_route=\/wp\/v2\/types\/post"}],"author":[{"embeddable":true,"href":"https:\/\/pc.sc.gov.br\/index.php?rest_route=\/wp\/v2\/users\/5"}],"replies":[{"embeddable":true,"href":"https:\/\/pc.sc.gov.br\/index.php?rest_route=%2Fwp%2Fv2%2Fcomments&post=17734"}],"version-history":[{"count":4,"href":"https:\/\/pc.sc.gov.br\/index.php?rest_route=\/wp\/v2\/posts\/17734\/revisions"}],"predecessor-version":[{"id":17740,"href":"https:\/\/pc.sc.gov.br\/index.php?rest_route=\/wp\/v2\/posts\/17734\/revisions\/17740"}],"wp:featuredmedia":[{"embeddable":true,"href":"https:\/\/pc.sc.gov.br\/index.php?rest_route=\/wp\/v2\/media\/17736"}],"wp:attachment":[{"href":"https:\/\/pc.sc.gov.br\/index.php?rest_route=%2Fwp%2Fv2%2Fmedia&parent=17734"}],"wp:term":[{"taxonomy":"category","embeddable":true,"href":"https:\/\/pc.sc.gov.br\/index.php?rest_route=%2Fwp%2Fv2%2Fcategories&post=17734"},{"taxonomy":"post_tag","embeddable":true,"href":"https:\/\/pc.sc.gov.br\/index.php?rest_route=%2Fwp%2Fv2%2Ftags&post=17734"}],"curies":[{"name":"wp","href":"https:\/\/api.w.org\/{rel}","templated":true}]}}