{"id":17741,"date":"2024-02-23T11:34:53","date_gmt":"2024-02-23T14:34:53","guid":{"rendered":"https:\/\/pc.sc.gov.br\/?p=17741"},"modified":"2024-02-23T11:35:57","modified_gmt":"2024-02-23T14:35:57","slug":"delegacia-de-homicidios-da-capital-prende-homem-em-canasvieiras","status":"publish","type":"post","link":"https:\/\/pc.sc.gov.br\/?p=17741","title":{"rendered":"Delegacia de Homic\u00eddios da Capital prende homem em Canasvieiras"},"content":{"rendered":"\t\t<div data-elementor-type=\"wp-post\" data-elementor-id=\"17741\" class=\"elementor elementor-17741\" data-elementor-post-type=\"post\">\n\t\t\t\t\t\t<section class=\"elementor-section elementor-top-section elementor-element elementor-element-22c6933 elementor-section-boxed elementor-section-height-default elementor-section-height-default\" data-id=\"22c6933\" data-element_type=\"section\">\n\t\t\t\t\t\t<div class=\"elementor-container elementor-column-gap-default\">\n\t\t\t\t\t<div class=\"elementor-column elementor-col-100 elementor-top-column elementor-element elementor-element-71e167a\" data-id=\"71e167a\" data-element_type=\"column\">\n\t\t\t<div class=\"elementor-widget-wrap elementor-element-populated\">\n\t\t\t\t\t\t<div class=\"elementor-element elementor-element-1740aca elementor-widget elementor-widget-heading\" data-id=\"1740aca\" data-element_type=\"widget\" data-widget_type=\"heading.default\">\n\t\t\t\t<div class=\"elementor-widget-container\">\n\t\t\t\t\t<h2 class=\"elementor-heading-title elementor-size-default\">Delegacia de Homic\u00eddios da Capital prende homem em Canasvieiras<\/h2>\t\t\t\t<\/div>\n\t\t\t\t<\/div>\n\t\t\t\t\t<\/div>\n\t\t<\/div>\n\t\t\t\t\t<\/div>\n\t\t<\/section>\n\t\t\t\t<section class=\"elementor-section elementor-top-section elementor-element elementor-element-dcd80fe elementor-section-boxed elementor-section-height-default elementor-section-height-default\" data-id=\"dcd80fe\" data-element_type=\"section\">\n\t\t\t\t\t\t<div class=\"elementor-container elementor-column-gap-default\">\n\t\t\t\t\t<div class=\"elementor-column elementor-col-100 elementor-top-column elementor-element elementor-element-3d22adb\" data-id=\"3d22adb\" data-element_type=\"column\">\n\t\t\t<div class=\"elementor-widget-wrap elementor-element-populated\">\n\t\t\t\t\t\t<div class=\"elementor-element elementor-element-3faeb58 elementor-widget elementor-widget-image\" data-id=\"3faeb58\" data-element_type=\"widget\" data-widget_type=\"image.default\">\n\t\t\t\t<div class=\"elementor-widget-container\">\n\t\t\t\t\t\t\t\t\t\t\t\t\t\t\t<img fetchpriority=\"high\" decoding=\"async\" width=\"696\" height=\"928\" src=\"https:\/\/pc.sc.gov.br\/\/wp-content\/uploads\/2024\/02\/WhatsApp-Image-2024-02-23-at-09.52.44-768x1024.jpeg\" class=\"attachment-large size-large wp-image-17742\" alt=\"\" srcset=\"https:\/\/pc.sc.gov.br\/\/wp-content\/uploads\/2024\/02\/WhatsApp-Image-2024-02-23-at-09.52.44-768x1024.jpeg 768w, https:\/\/pc.sc.gov.br\/\/wp-content\/uploads\/2024\/02\/WhatsApp-Image-2024-02-23-at-09.52.44-225x300.jpeg 225w, https:\/\/pc.sc.gov.br\/\/wp-content\/uploads\/2024\/02\/WhatsApp-Image-2024-02-23-at-09.52.44-1152x1536.jpeg 1152w, https:\/\/pc.sc.gov.br\/\/wp-content\/uploads\/2024\/02\/WhatsApp-Image-2024-02-23-at-09.52.44.jpeg 1200w\" sizes=\"(max-width: 696px) 100vw, 696px\" \/>\t\t\t\t\t\t\t\t\t\t\t\t\t\t\t<\/div>\n\t\t\t\t<\/div>\n\t\t\t\t\t<\/div>\n\t\t<\/div>\n\t\t\t\t\t<\/div>\n\t\t<\/section>\n\t\t\t\t<section class=\"elementor-section elementor-top-section elementor-element elementor-element-2ce7916 elementor-section-boxed elementor-section-height-default elementor-section-height-default\" data-id=\"2ce7916\" data-element_type=\"section\">\n\t\t\t\t\t\t<div class=\"elementor-container elementor-column-gap-default\">\n\t\t\t\t\t<div class=\"elementor-column elementor-col-100 elementor-top-column elementor-element elementor-element-a8d5129\" data-id=\"a8d5129\" data-element_type=\"column\">\n\t\t\t<div class=\"elementor-widget-wrap elementor-element-populated\">\n\t\t\t\t\t\t<div class=\"elementor-element elementor-element-cfe4bef elementor-widget elementor-widget-text-editor\" data-id=\"cfe4bef\" data-element_type=\"widget\" data-widget_type=\"text-editor.default\">\n\t\t\t\t<div class=\"elementor-widget-container\">\n\t\t\t\t\t\t\t\t\t<p>Na manh\u00e3 desta sexta-feira (23), a Pol\u00edcia Civil de Santa Catarina, por meio da Delegacia de Homic\u00eddios da Capital, cumpriu um mandado de pris\u00e3o preventiva e um mandado de busca e apreens\u00e3o, no bairro Canasvieiras, em Florian\u00f3polis.<\/p><p>As ordens judiciais s\u00e3o decorrentes de investiga\u00e7\u00e3o que se encontra em andamento na Delegacia de Homic\u00eddios com o intuito de elucidar um homic\u00eddio ocorrido no dia 8 de janeiro deste ano, no bairro Vargem Grande, norte da Ilha de Santa Catarina.<\/p><p>A Delegacia de Homic\u00eddios trabalha no caso desde o dia dos fatos, a partir do atendimento do local de crime, quando dois dos envolvidos no crime foram presos em flagrante pela Pol\u00edcia Militar e encaminhados para a Central de Plant\u00e3o Policial da Capital.<\/p><p>A partir das informa\u00e7\u00f5es obtidas com a pris\u00e3o de dois autores na data do crime, bem como com outras informa\u00e7\u00f5es e dilig\u00eancias realizadas pela Delegacia de Homic\u00eddios no transcorrer das investiga\u00e7\u00f5es, restou apurado a participa\u00e7\u00e3o de outros dois autores no crime, resultando nesta data no cumprimento do mandado de pris\u00e3o preventiva em desfavor de um deles em Canasvieiras.<\/p><p>Ainda, de posse de um mandado de busca e apreens\u00e3o endere\u00e7ado para a resid\u00eancia do preso, foi apreendido no local um aparelho de telefone celular que ser\u00e1 encaminhado para per\u00edcia e posterior an\u00e1lise das informa\u00e7\u00f5es extra\u00eddas.<\/p><p>O preso foi ouvido e encaminhado para a CPP da Capital onde aguardar\u00e1 os procedimentos de condu\u00e7\u00e3o ao Sistema Prisional Catarinense.<\/p>\t\t\t\t\t\t\t\t<\/div>\n\t\t\t\t<\/div>\n\t\t\t\t\t<\/div>\n\t\t<\/div>\n\t\t\t\t\t<\/div>\n\t\t<\/section>\n\t\t\t\t<\/div>\n\t\t","protected":false},"excerpt":{"rendered":"<p>Delegacia de Homic\u00eddios da Capital prende homem em Canasvieiras Na manh\u00e3 desta sexta-feira (23), a Pol\u00edcia Civil de Santa Catarina, por meio da Delegacia de Homic\u00eddios da Capital, cumpriu um mandado de pris\u00e3o preventiva e um mandado de busca e apreens\u00e3o, no bairro Canasvieiras, em Florian\u00f3polis. As ordens judiciais s\u00e3o decorrentes de investiga\u00e7\u00e3o que se [&hellip;]<\/p>\n","protected":false},"author":5,"featured_media":17742,"comment_status":"closed","ping_status":"open","sticky":false,"template":"","format":"standard","meta":{"_monsterinsights_skip_tracking":false,"_monsterinsights_sitenote_active":false,"_monsterinsights_sitenote_note":"","_monsterinsights_sitenote_category":0,"footnotes":""},"categories":[1],"tags":[],"class_list":["post-17741","post","type-post","status-publish","format-standard","has-post-thumbnail","hentry","category-sem-categoria"],"_links":{"self":[{"href":"https:\/\/pc.sc.gov.br\/index.php?rest_route=\/wp\/v2\/posts\/17741","targetHints":{"allow":["GET"]}}],"collection":[{"href":"https:\/\/pc.sc.gov.br\/index.php?rest_route=\/wp\/v2\/posts"}],"about":[{"href":"https:\/\/pc.sc.gov.br\/index.php?rest_route=\/wp\/v2\/types\/post"}],"author":[{"embeddable":true,"href":"https:\/\/pc.sc.gov.br\/index.php?rest_route=\/wp\/v2\/users\/5"}],"replies":[{"embeddable":true,"href":"https:\/\/pc.sc.gov.br\/index.php?rest_route=%2Fwp%2Fv2%2Fcomments&post=17741"}],"version-history":[{"count":4,"href":"https:\/\/pc.sc.gov.br\/index.php?rest_route=\/wp\/v2\/posts\/17741\/revisions"}],"predecessor-version":[{"id":17746,"href":"https:\/\/pc.sc.gov.br\/index.php?rest_route=\/wp\/v2\/posts\/17741\/revisions\/17746"}],"wp:featuredmedia":[{"embeddable":true,"href":"https:\/\/pc.sc.gov.br\/index.php?rest_route=\/wp\/v2\/media\/17742"}],"wp:attachment":[{"href":"https:\/\/pc.sc.gov.br\/index.php?rest_route=%2Fwp%2Fv2%2Fmedia&parent=17741"}],"wp:term":[{"taxonomy":"category","embeddable":true,"href":"https:\/\/pc.sc.gov.br\/index.php?rest_route=%2Fwp%2Fv2%2Fcategories&post=17741"},{"taxonomy":"post_tag","embeddable":true,"href":"https:\/\/pc.sc.gov.br\/index.php?rest_route=%2Fwp%2Fv2%2Ftags&post=17741"}],"curies":[{"name":"wp","href":"https:\/\/api.w.org\/{rel}","templated":true}]}}