{"id":17747,"date":"2024-02-23T12:25:16","date_gmt":"2024-02-23T15:25:16","guid":{"rendered":"https:\/\/pc.sc.gov.br\/?p=17747"},"modified":"2024-02-23T12:28:11","modified_gmt":"2024-02-23T15:28:11","slug":"em-chapeco-policia-civil-esclarece-crime-de-feminicidio-em-poucas-horas-e-prende-autor-em-flagrante","status":"publish","type":"post","link":"https:\/\/pc.sc.gov.br\/?p=17747","title":{"rendered":"Em Chapec\u00f3, Pol\u00edcia Civil esclarece crime de feminic\u00eddio em poucas horas e prende autor em flagrante"},"content":{"rendered":"\t\t<div data-elementor-type=\"wp-post\" data-elementor-id=\"17747\" class=\"elementor elementor-17747\" data-elementor-post-type=\"post\">\n\t\t\t\t\t\t<section class=\"elementor-section elementor-top-section elementor-element elementor-element-df35cfb elementor-section-boxed elementor-section-height-default elementor-section-height-default\" data-id=\"df35cfb\" data-element_type=\"section\">\n\t\t\t\t\t\t<div class=\"elementor-container elementor-column-gap-default\">\n\t\t\t\t\t<div class=\"elementor-column elementor-col-100 elementor-top-column elementor-element elementor-element-0f8b8f0\" data-id=\"0f8b8f0\" data-element_type=\"column\">\n\t\t\t<div class=\"elementor-widget-wrap elementor-element-populated\">\n\t\t\t\t\t\t<div class=\"elementor-element elementor-element-b69cb8d elementor-widget elementor-widget-heading\" data-id=\"b69cb8d\" data-element_type=\"widget\" data-widget_type=\"heading.default\">\n\t\t\t\t<div class=\"elementor-widget-container\">\n\t\t\t\t\t<h2 class=\"elementor-heading-title elementor-size-default\">Em Chapec\u00f3, Pol\u00edcia Civil esclarece crime de feminic\u00eddio em poucas horas e prende autor em flagrante<\/h2>\t\t\t\t<\/div>\n\t\t\t\t<\/div>\n\t\t\t\t\t<\/div>\n\t\t<\/div>\n\t\t\t\t\t<\/div>\n\t\t<\/section>\n\t\t\t\t<section class=\"elementor-section elementor-top-section elementor-element elementor-element-b253313 elementor-section-boxed elementor-section-height-default elementor-section-height-default\" data-id=\"b253313\" data-element_type=\"section\">\n\t\t\t\t\t\t<div class=\"elementor-container elementor-column-gap-default\">\n\t\t\t\t\t<div class=\"elementor-column elementor-col-100 elementor-top-column elementor-element elementor-element-59e036e\" data-id=\"59e036e\" data-element_type=\"column\">\n\t\t\t<div class=\"elementor-widget-wrap elementor-element-populated\">\n\t\t\t\t\t\t<div class=\"elementor-element elementor-element-00112bb elementor-widget elementor-widget-text-editor\" data-id=\"00112bb\" data-element_type=\"widget\" data-widget_type=\"text-editor.default\">\n\t\t\t\t<div class=\"elementor-widget-container\">\n\t\t\t\t\t\t\t\t\t<p>Na quinta-feira (22), a Pol\u00edcia Civil de Santa Catarina, por meio da Divis\u00e3o de Investiga\u00e7\u00f5es Criminal (DIC) de Chapec\u00f3, esclareceu morte de mulher de 48 anos, v\u00edtima de feminic\u00eddio, no Bairro Efapi, em Chapec\u00f3. O autor foi preso em flagrante pela equipe da DIC de Chapec\u00f3 e trata-se do ex-marido da v\u00edtima, o qual tentou forjar um poss\u00edvel mal s\u00fabito seguido de acidente de tr\u00e2nsito.&nbsp; Essas foram as primeiras impress\u00f5es das pessoas leigas que visualizavam a cena dos fatos.<\/p>\n<p>Imediatamente ap\u00f3s a equipe da DIC-FRON Chapec\u00f3 ser acionada, iniciaram-se os trabalhos investigativos, que contaram com a imprescind\u00edvel atua\u00e7\u00e3o da Pol\u00edcia Cientifica de Chapec\u00f3. Ao visualizar a cena do crime, foi verificado pelos policias civis e peritos sinais de poss\u00edvel morte por asfixia (estrangulamento), haja vista que existiam marcas no pesco\u00e7o da v\u00edtima. Com as informa\u00e7\u00f5es iniciais, come\u00e7aram as entrevistas e busca de imagens para esclarecer os fatos.<\/p>\n<p>Na entrevista preliminar do ex-marido da v\u00edtima, ele apresentou v\u00e1rias contradi\u00e7\u00f5es e, confrontado com ind\u00edcios que j\u00e1 haviam sido levantados pela equipe, acabou por confessar o crime. Trata-se de um homem de 51 anos, o qual declarou que tinham uma rela\u00e7\u00e3o de quase 30 anos e que h\u00e1 dois meses estavam separados. Ainda relatou que tentava reatar a rela\u00e7\u00e3o e na data do crime teriam se encontrado para realizar a divis\u00e3o dos bens do casal, ocasi\u00e3o que, segundo o homem preso, a v\u00edtima teria assumido ter envolvimento amoroso com outro homem.<\/p>\n<p>Declarou que ficou descontrolado e n\u00e3o teria dormido nada durante a noite. Ao amanhecer, resolveu tirar a vida da ex-esposa. Foi at\u00e9 o pr\u00e9dio da v\u00edtima, como possu\u00eda uma c\u00f3pia da chave do carro utilizado pela v\u00edtima, teria entrado e ficado escondido no banco traseiro do ve\u00edculo. Quando a v\u00edtima entrou no carro para ir trabalhar (pr\u00f3ximo das 7h), ele teria matado a mulher estrangulada com um peda\u00e7o de fio de luz. Ap\u00f3s isso, teria levado o carro com o corpo da v\u00edtima at\u00e9 uma rua com declive, onde colocou o carro em ponto morto e largou o carro a fim de simular um poss\u00edvel acidente.&nbsp; O homem foi preso em flagrante pelo crime de feminic\u00eddio.<\/p>\n<p>Ap\u00f3s os tr\u00e2mites legais na Delegacia de Pol\u00edcia, o homem foi encaminhado ao Pres\u00eddio&nbsp; de Chapec\u00f3, onde aguardar\u00e1 a disposi\u00e7\u00e3o da Justi\u00e7a.<\/p>\n<p><b>Confira o v\u00eddeo do delegado&nbsp;\u00c9der Matte, da DIC de Chapec\u00f3, falando sobre o caso:&nbsp;<\/b><\/p>\t\t\t\t\t\t\t\t<\/div>\n\t\t\t\t<\/div>\n\t\t\t\t\t<\/div>\n\t\t<\/div>\n\t\t\t\t\t<\/div>\n\t\t<\/section>\n\t\t\t\t<section class=\"elementor-section elementor-top-section elementor-element elementor-element-0e904ab elementor-section-boxed elementor-section-height-default elementor-section-height-default\" data-id=\"0e904ab\" data-element_type=\"section\">\n\t\t\t\t\t\t<div class=\"elementor-container elementor-column-gap-default\">\n\t\t\t\t\t<div class=\"elementor-column elementor-col-100 elementor-top-column elementor-element elementor-element-54fb001\" data-id=\"54fb001\" data-element_type=\"column\">\n\t\t\t<div class=\"elementor-widget-wrap elementor-element-populated\">\n\t\t\t\t\t\t<div class=\"elementor-element elementor-element-e83908e elementor-widget__width-auto elementor-widget elementor-widget-video\" data-id=\"e83908e\" data-element_type=\"widget\" data-settings=\"{&quot;video_type&quot;:&quot;hosted&quot;,&quot;controls&quot;:&quot;yes&quot;}\" data-widget_type=\"video.default\">\n\t\t\t\t<div class=\"elementor-widget-container\">\n\t\t\t\t\t\t\t<div class=\"e-hosted-video elementor-wrapper elementor-open-inline\">\n\t\t\t\t\t<video class=\"elementor-video\" src=\"https:\/\/pc.sc.gov.br\/wp-content\/uploads\/2024\/02\/WhatsApp-Video-2024-02-23-at-07.45.56.mp4\" controls=\"\" preload=\"metadata\"><\/video>\n\t\t\t\t<\/div>\n\t\t\t\t\t\t<\/div>\n\t\t\t\t<\/div>\n\t\t\t\t\t<\/div>\n\t\t<\/div>\n\t\t\t\t\t<\/div>\n\t\t<\/section>\n\t\t\t\t<\/div>\n\t\t","protected":false},"excerpt":{"rendered":"<p>Em Chapec\u00f3, Pol\u00edcia Civil esclarece crime de feminic\u00eddio em poucas horas e prende autor em flagrante Na quinta-feira (22), a Pol\u00edcia Civil de Santa Catarina, por meio da Divis\u00e3o de Investiga\u00e7\u00f5es Criminal (DIC) de Chapec\u00f3, esclareceu morte de mulher de 48 anos, v\u00edtima de feminic\u00eddio, no Bairro Efapi, em Chapec\u00f3. O autor foi preso em [&hellip;]<\/p>\n","protected":false},"author":5,"featured_media":2546,"comment_status":"closed","ping_status":"open","sticky":false,"template":"","format":"standard","meta":{"_monsterinsights_skip_tracking":false,"_monsterinsights_sitenote_active":false,"_monsterinsights_sitenote_note":"","_monsterinsights_sitenote_category":0,"footnotes":""},"categories":[1],"tags":[],"class_list":["post-17747","post","type-post","status-publish","format-standard","has-post-thumbnail","hentry","category-sem-categoria"],"_links":{"self":[{"href":"https:\/\/pc.sc.gov.br\/index.php?rest_route=\/wp\/v2\/posts\/17747","targetHints":{"allow":["GET"]}}],"collection":[{"href":"https:\/\/pc.sc.gov.br\/index.php?rest_route=\/wp\/v2\/posts"}],"about":[{"href":"https:\/\/pc.sc.gov.br\/index.php?rest_route=\/wp\/v2\/types\/post"}],"author":[{"embeddable":true,"href":"https:\/\/pc.sc.gov.br\/index.php?rest_route=\/wp\/v2\/users\/5"}],"replies":[{"embeddable":true,"href":"https:\/\/pc.sc.gov.br\/index.php?rest_route=%2Fwp%2Fv2%2Fcomments&post=17747"}],"version-history":[{"count":4,"href":"https:\/\/pc.sc.gov.br\/index.php?rest_route=\/wp\/v2\/posts\/17747\/revisions"}],"predecessor-version":[{"id":17752,"href":"https:\/\/pc.sc.gov.br\/index.php?rest_route=\/wp\/v2\/posts\/17747\/revisions\/17752"}],"wp:featuredmedia":[{"embeddable":true,"href":"https:\/\/pc.sc.gov.br\/index.php?rest_route=\/wp\/v2\/media\/2546"}],"wp:attachment":[{"href":"https:\/\/pc.sc.gov.br\/index.php?rest_route=%2Fwp%2Fv2%2Fmedia&parent=17747"}],"wp:term":[{"taxonomy":"category","embeddable":true,"href":"https:\/\/pc.sc.gov.br\/index.php?rest_route=%2Fwp%2Fv2%2Fcategories&post=17747"},{"taxonomy":"post_tag","embeddable":true,"href":"https:\/\/pc.sc.gov.br\/index.php?rest_route=%2Fwp%2Fv2%2Ftags&post=17747"}],"curies":[{"name":"wp","href":"https:\/\/api.w.org\/{rel}","templated":true}]}}