{"id":17761,"date":"2024-02-23T17:02:35","date_gmt":"2024-02-23T20:02:35","guid":{"rendered":"https:\/\/pc.sc.gov.br\/?p=17761"},"modified":"2024-02-23T17:07:14","modified_gmt":"2024-02-23T20:07:14","slug":"policia-civil-participa-do-evento-conexao-pets-com-palestras-exposicao-de-viatura-e-atividades-ludicas-para-criancas","status":"publish","type":"post","link":"https:\/\/pc.sc.gov.br\/?p=17761","title":{"rendered":"Pol\u00edcia Civil participa do evento Conex\u00e3o Pets com palestras, exposi\u00e7\u00e3o de viatura e atividades l\u00fadicas para crian\u00e7as"},"content":{"rendered":"\t\t<div data-elementor-type=\"wp-post\" data-elementor-id=\"17761\" class=\"elementor elementor-17761\" data-elementor-post-type=\"post\">\n\t\t\t\t\t\t<section class=\"elementor-section elementor-top-section elementor-element elementor-element-8a4b1f3 elementor-section-boxed elementor-section-height-default elementor-section-height-default\" data-id=\"8a4b1f3\" data-element_type=\"section\">\n\t\t\t\t\t\t<div class=\"elementor-container elementor-column-gap-default\">\n\t\t\t\t\t<div class=\"elementor-column elementor-col-100 elementor-top-column elementor-element elementor-element-74c8498\" data-id=\"74c8498\" data-element_type=\"column\">\n\t\t\t<div class=\"elementor-widget-wrap elementor-element-populated\">\n\t\t\t\t\t\t<div class=\"elementor-element elementor-element-a49290a elementor-widget elementor-widget-heading\" data-id=\"a49290a\" data-element_type=\"widget\" data-widget_type=\"heading.default\">\n\t\t\t\t<div class=\"elementor-widget-container\">\n\t\t\t\t\t<h2 class=\"elementor-heading-title elementor-size-default\">Pol\u00edcia Civil participa do evento Conex\u00e3o Pets com palestras, exposi\u00e7\u00e3o de viatura e atividades l\u00fadicas para crian\u00e7as<\/h2>\t\t\t\t<\/div>\n\t\t\t\t<\/div>\n\t\t\t\t\t<\/div>\n\t\t<\/div>\n\t\t\t\t\t<\/div>\n\t\t<\/section>\n\t\t\t\t<section class=\"elementor-section elementor-top-section elementor-element elementor-element-7e6c7e1 elementor-section-boxed elementor-section-height-default elementor-section-height-default\" data-id=\"7e6c7e1\" data-element_type=\"section\">\n\t\t\t\t\t\t<div class=\"elementor-container elementor-column-gap-default\">\n\t\t\t\t\t<div class=\"elementor-column elementor-col-100 elementor-top-column elementor-element elementor-element-450041d\" data-id=\"450041d\" data-element_type=\"column\">\n\t\t\t<div class=\"elementor-widget-wrap elementor-element-populated\">\n\t\t\t\t\t\t<div class=\"elementor-element elementor-element-4461ff1 elementor-widget elementor-widget-image\" data-id=\"4461ff1\" data-element_type=\"widget\" data-widget_type=\"image.default\">\n\t\t\t\t<div class=\"elementor-widget-container\">\n\t\t\t\t\t\t\t\t\t\t\t\t\t\t\t<img fetchpriority=\"high\" decoding=\"async\" width=\"696\" height=\"377\" src=\"https:\/\/pc.sc.gov.br\/\/wp-content\/uploads\/2024\/02\/ff2e1d53-7a39-44de-98d5-a020f95706ae-fotor-20240223164856-1024x554.jpg\" class=\"attachment-large size-large wp-image-17762\" alt=\"\" srcset=\"https:\/\/pc.sc.gov.br\/\/wp-content\/uploads\/2024\/02\/ff2e1d53-7a39-44de-98d5-a020f95706ae-fotor-20240223164856-1024x554.jpg 1024w, https:\/\/pc.sc.gov.br\/\/wp-content\/uploads\/2024\/02\/ff2e1d53-7a39-44de-98d5-a020f95706ae-fotor-20240223164856-300x162.jpg 300w, https:\/\/pc.sc.gov.br\/\/wp-content\/uploads\/2024\/02\/ff2e1d53-7a39-44de-98d5-a020f95706ae-fotor-20240223164856-768x416.jpg 768w, https:\/\/pc.sc.gov.br\/\/wp-content\/uploads\/2024\/02\/ff2e1d53-7a39-44de-98d5-a020f95706ae-fotor-20240223164856-1536x831.jpg 1536w, https:\/\/pc.sc.gov.br\/\/wp-content\/uploads\/2024\/02\/ff2e1d53-7a39-44de-98d5-a020f95706ae-fotor-20240223164856.jpg 2014w\" sizes=\"(max-width: 696px) 100vw, 696px\" \/>\t\t\t\t\t\t\t\t\t\t\t\t\t\t\t<\/div>\n\t\t\t\t<\/div>\n\t\t\t\t\t<\/div>\n\t\t<\/div>\n\t\t\t\t\t<\/div>\n\t\t<\/section>\n\t\t\t\t<section class=\"elementor-section elementor-top-section elementor-element elementor-element-4f73b59 elementor-section-boxed elementor-section-height-default elementor-section-height-default\" data-id=\"4f73b59\" data-element_type=\"section\">\n\t\t\t\t\t\t<div class=\"elementor-container elementor-column-gap-default\">\n\t\t\t\t\t<div class=\"elementor-column elementor-col-100 elementor-top-column elementor-element elementor-element-419a02b\" data-id=\"419a02b\" data-element_type=\"column\">\n\t\t\t<div class=\"elementor-widget-wrap elementor-element-populated\">\n\t\t\t\t\t\t<div class=\"elementor-element elementor-element-8702ff9 elementor-widget elementor-widget-text-editor\" data-id=\"8702ff9\" data-element_type=\"widget\" data-widget_type=\"text-editor.default\">\n\t\t\t\t<div class=\"elementor-widget-container\">\n\t\t\t\t\t\t\t\t\t<p>A Pol\u00edcia Civil de Santa Catarina estar\u00e1 presente no Conex\u00e3o Pets, evento que ocorre neste final de semana (24 e 25), das 10h \u00e0s 22h, no Porto Belo Outlet Premium. No s\u00e1bado (24), \u00e0s 15h30min, a agente da Pol\u00edcia Civil Sandra Vaz, trar\u00e1 reflex\u00f5es fundamentais sobre \u201cC\u00e3es na Seguran\u00e7a P\u00fablica\u201d.&nbsp;<\/p>\n<p>Especialista no tema, a policial Sandra Vaz vai falar sobre as habilidades e treinamentos especiais que tornam os c\u00e3es policiais t\u00e3o essenciais para manter a seguran\u00e7a da comunidade.Trata-se de uma oportunidade para que a popula\u00e7\u00e3o possa interagir com agentes da PCSC e conhecer de perto o equipamento utilizado e os desafios enfrentados no dia a dia da seguran\u00e7a p\u00fablica.<\/p>\n<p>No domingo (25) tamb\u00e9m \u00e0s 15h30min ser\u00e1 vez da Delegada de Pol\u00edcia Civil Luana Chaves abordar \u201cMaus-Tratos a Animais e Conscientiza\u00e7\u00e3o dos Tutores\u201d. Na sua palestra a delegada Luana trabalha os temas na perspectiva da conscientiza\u00e7\u00e3o sobre maus-tratos como, por exemplo,como identificar uma situa\u00e7\u00e3o de maus-tratos e&nbsp; como agir para buscar ajuda. A delegada da PCSC tamb\u00e9m vai destacar a import\u00e2ncia da uni\u00e3o de esfor\u00e7os entre os protetores e a comunidade em prol da defesa dos animais.&nbsp;<\/p>\n<p>Desde o ano passado a Pol\u00edcia Civil tem intensificado sua atua\u00e7\u00e3o n\u00e3o apenas na defesa dos animais, mas tamb\u00e9m na busca da responsabiliza\u00e7\u00e3o criminal dos autores deste tipo de crime. Al\u00e9m de criar uma Delegacia de Prote\u00e7\u00e3o a Animais Dom\u00e9sticos, que atua na Grande Florian\u00f3polis, o site da institui\u00e7\u00e3o tem a \u00e1rea&nbsp;<a href=\"https:\/\/sistemas.pc.sc.gov.br\/sospets\/\" target=\"_blank\">SOS PET<\/a>, espa\u00e7o onde as pessoas podem publicar uma foto de uma animal desaparecido, bem como inserir imagem de um animal que foi encontrado, sempre com a devida prote\u00e7\u00e3o dos dados pessoais.<\/p>\n<p>Al\u00e9m do bate-papo com as duas representantes da PCSC no evento, haver\u00e1 exposi\u00e7\u00e3o da viatura GM\/Camaro da PCSC \u2013 fruto de uma apreens\u00e3o envolvendo tr\u00e1fico de drogas; apresenta\u00e7\u00e3o de C\u00e3es Policiais; banner e displays para fotografias que divertem a garotada e distribui\u00e7\u00e3o de adesivos de Policial Mirim para Crian\u00e7as.<span style=\"color: var( --e-global-color-text ); font-family: var( --e-global-typography-primary-font-family ), Sans-serif; font-size: var( --e-global-typography-primary-font-size ); font-weight: var( --e-global-typography-primary-font-weight ); letter-spacing: var( --e-global-typography-primary-letter-spacing );\">&nbsp;<\/span><\/p><p><span style=\"color: var( --e-global-color-text ); font-family: var( --e-global-typography-primary-font-family ), Sans-serif; font-size: var( --e-global-typography-primary-font-size ); font-weight: var( --e-global-typography-primary-font-weight ); letter-spacing: var( --e-global-typography-primary-letter-spacing );\">Foto: Jaqueline Noceti\/SAP<\/span><\/p>\t\t\t\t\t\t\t\t<\/div>\n\t\t\t\t<\/div>\n\t\t\t\t\t<\/div>\n\t\t<\/div>\n\t\t\t\t\t<\/div>\n\t\t<\/section>\n\t\t\t\t<\/div>\n\t\t","protected":false},"excerpt":{"rendered":"<p>Pol\u00edcia Civil participa do evento Conex\u00e3o Pets com palestras, exposi\u00e7\u00e3o de viatura e atividades l\u00fadicas para crian\u00e7as A Pol\u00edcia Civil de Santa Catarina estar\u00e1 presente no Conex\u00e3o Pets, evento que ocorre neste final de semana (24 e 25), das 10h \u00e0s 22h, no Porto Belo Outlet Premium. No s\u00e1bado (24), \u00e0s 15h30min, a agente da [&hellip;]<\/p>\n","protected":false},"author":5,"featured_media":17762,"comment_status":"closed","ping_status":"open","sticky":false,"template":"","format":"standard","meta":{"_monsterinsights_skip_tracking":false,"_monsterinsights_sitenote_active":false,"_monsterinsights_sitenote_note":"","_monsterinsights_sitenote_category":0,"footnotes":""},"categories":[1],"tags":[],"class_list":["post-17761","post","type-post","status-publish","format-standard","has-post-thumbnail","hentry","category-sem-categoria"],"_links":{"self":[{"href":"https:\/\/pc.sc.gov.br\/index.php?rest_route=\/wp\/v2\/posts\/17761","targetHints":{"allow":["GET"]}}],"collection":[{"href":"https:\/\/pc.sc.gov.br\/index.php?rest_route=\/wp\/v2\/posts"}],"about":[{"href":"https:\/\/pc.sc.gov.br\/index.php?rest_route=\/wp\/v2\/types\/post"}],"author":[{"embeddable":true,"href":"https:\/\/pc.sc.gov.br\/index.php?rest_route=\/wp\/v2\/users\/5"}],"replies":[{"embeddable":true,"href":"https:\/\/pc.sc.gov.br\/index.php?rest_route=%2Fwp%2Fv2%2Fcomments&post=17761"}],"version-history":[{"count":7,"href":"https:\/\/pc.sc.gov.br\/index.php?rest_route=\/wp\/v2\/posts\/17761\/revisions"}],"predecessor-version":[{"id":17769,"href":"https:\/\/pc.sc.gov.br\/index.php?rest_route=\/wp\/v2\/posts\/17761\/revisions\/17769"}],"wp:featuredmedia":[{"embeddable":true,"href":"https:\/\/pc.sc.gov.br\/index.php?rest_route=\/wp\/v2\/media\/17762"}],"wp:attachment":[{"href":"https:\/\/pc.sc.gov.br\/index.php?rest_route=%2Fwp%2Fv2%2Fmedia&parent=17761"}],"wp:term":[{"taxonomy":"category","embeddable":true,"href":"https:\/\/pc.sc.gov.br\/index.php?rest_route=%2Fwp%2Fv2%2Fcategories&post=17761"},{"taxonomy":"post_tag","embeddable":true,"href":"https:\/\/pc.sc.gov.br\/index.php?rest_route=%2Fwp%2Fv2%2Ftags&post=17761"}],"curies":[{"name":"wp","href":"https:\/\/api.w.org\/{rel}","templated":true}]}}