{"id":17770,"date":"2024-02-23T17:43:17","date_gmt":"2024-02-23T20:43:17","guid":{"rendered":"https:\/\/pc.sc.gov.br\/?p=17770"},"modified":"2024-02-23T17:45:43","modified_gmt":"2024-02-23T20:45:43","slug":"dic-de-laguna-prende-homem-que-efetuava-disparos-de-arma-fogo-em-estabelecimento-comerciais-e-apreende-farta-municao","status":"publish","type":"post","link":"https:\/\/pc.sc.gov.br\/?p=17770","title":{"rendered":"DIC de Laguna prende homem que efetuava disparos de arma fogo em estabelecimentos comerciais e apreende farta muni\u00e7\u00e3o"},"content":{"rendered":"\t\t<div data-elementor-type=\"wp-post\" data-elementor-id=\"17770\" class=\"elementor elementor-17770\" data-elementor-post-type=\"post\">\n\t\t\t\t\t\t<section class=\"elementor-section elementor-top-section elementor-element elementor-element-359a6d5 elementor-section-boxed elementor-section-height-default elementor-section-height-default\" data-id=\"359a6d5\" data-element_type=\"section\">\n\t\t\t\t\t\t<div class=\"elementor-container elementor-column-gap-default\">\n\t\t\t\t\t<div class=\"elementor-column elementor-col-100 elementor-top-column elementor-element elementor-element-0eab443\" data-id=\"0eab443\" data-element_type=\"column\">\n\t\t\t<div class=\"elementor-widget-wrap elementor-element-populated\">\n\t\t\t\t\t\t<div class=\"elementor-element elementor-element-030a4d8 elementor-widget elementor-widget-heading\" data-id=\"030a4d8\" data-element_type=\"widget\" data-widget_type=\"heading.default\">\n\t\t\t\t<div class=\"elementor-widget-container\">\n\t\t\t\t\t<h2 class=\"elementor-heading-title elementor-size-default\">DIC de Laguna prende homem que efetuava disparos de arma fogo em estabelecimentos comerciais e apreende farta muni\u00e7\u00e3o<\/h2>\t\t\t\t<\/div>\n\t\t\t\t<\/div>\n\t\t\t\t\t<\/div>\n\t\t<\/div>\n\t\t\t\t\t<\/div>\n\t\t<\/section>\n\t\t\t\t<section class=\"elementor-section elementor-top-section elementor-element elementor-element-6427fdb elementor-section-boxed elementor-section-height-default elementor-section-height-default\" data-id=\"6427fdb\" data-element_type=\"section\">\n\t\t\t\t\t\t<div class=\"elementor-container elementor-column-gap-default\">\n\t\t\t\t\t<div class=\"elementor-column elementor-col-100 elementor-top-column elementor-element elementor-element-04aa0db\" data-id=\"04aa0db\" data-element_type=\"column\">\n\t\t\t<div class=\"elementor-widget-wrap elementor-element-populated\">\n\t\t\t\t\t\t<div class=\"elementor-element elementor-element-53ebd62 elementor-widget elementor-widget-image\" data-id=\"53ebd62\" data-element_type=\"widget\" data-widget_type=\"image.default\">\n\t\t\t\t<div class=\"elementor-widget-container\">\n\t\t\t\t\t\t\t\t\t\t\t\t\t\t\t<img fetchpriority=\"high\" decoding=\"async\" width=\"696\" height=\"522\" src=\"https:\/\/pc.sc.gov.br\/\/wp-content\/uploads\/2024\/02\/WhatsApp-Image-2024-02-23-at-13.12.55-1024x768.jpeg\" class=\"attachment-large size-large wp-image-17771\" alt=\"\" srcset=\"https:\/\/pc.sc.gov.br\/\/wp-content\/uploads\/2024\/02\/WhatsApp-Image-2024-02-23-at-13.12.55-1024x768.jpeg 1024w, https:\/\/pc.sc.gov.br\/\/wp-content\/uploads\/2024\/02\/WhatsApp-Image-2024-02-23-at-13.12.55-300x225.jpeg 300w, https:\/\/pc.sc.gov.br\/\/wp-content\/uploads\/2024\/02\/WhatsApp-Image-2024-02-23-at-13.12.55-768x576.jpeg 768w, https:\/\/pc.sc.gov.br\/\/wp-content\/uploads\/2024\/02\/WhatsApp-Image-2024-02-23-at-13.12.55.jpeg 1280w\" sizes=\"(max-width: 696px) 100vw, 696px\" \/>\t\t\t\t\t\t\t\t\t\t\t\t\t\t\t<\/div>\n\t\t\t\t<\/div>\n\t\t\t\t\t<\/div>\n\t\t<\/div>\n\t\t\t\t\t<\/div>\n\t\t<\/section>\n\t\t\t\t<section class=\"elementor-section elementor-top-section elementor-element elementor-element-ce594e4 elementor-section-boxed elementor-section-height-default elementor-section-height-default\" data-id=\"ce594e4\" data-element_type=\"section\">\n\t\t\t\t\t\t<div class=\"elementor-container elementor-column-gap-default\">\n\t\t\t\t\t<div class=\"elementor-column elementor-col-100 elementor-top-column elementor-element elementor-element-9acf085\" data-id=\"9acf085\" data-element_type=\"column\">\n\t\t\t<div class=\"elementor-widget-wrap elementor-element-populated\">\n\t\t\t\t\t\t<div class=\"elementor-element elementor-element-abd637e elementor-widget elementor-widget-text-editor\" data-id=\"abd637e\" data-element_type=\"widget\" data-widget_type=\"text-editor.default\">\n\t\t\t\t<div class=\"elementor-widget-container\">\n\t\t\t\t\t\t\t\t\t<p>A Pol\u00edcia Civil de Santa Catarina, por interm\u00e9dio da Divis\u00e3o de Investiga\u00e7\u00e3o Criminal (DIC) de Laguna, deflagrou, nessa semana, opera\u00e7\u00e3o policial visando realizar o cumprimento ao mandado de busca e apreens\u00e3o em desfavor de um homem respons\u00e1vel por efetuar disparos de arma de fogo em diversos estabelecimentos comerciais de Laguna.<\/p><p>De acordo com as apura\u00e7\u00f5es, esse investigado, entre os meses de dezembro e janeiro, n\u00e3o se sabendo ao certo as suas exatas raz\u00f5es, passou a transitar em via p\u00fablica com seu ve\u00edculo, no per\u00edodo da madrugada, e, ainda que de seu interior, a efetuar diversos disparos de armas em alguns estabelecimentos comerciais, danificando, por completo, algumas fachadas de vidro do com\u00e9rcio local.<\/p><p>Por essa raz\u00e3o, a DIC de Laguna passou a apurar o caso, descobrindo o ve\u00edculo utilizado e elucidando a respectiva autoria, e representando, na sequ\u00eancia, pela expedi\u00e7\u00e3o de mandados de busca e apreens\u00e3o em seu im\u00f3vel.<\/p><p>Ao se realizar o cumprimento, os policiais verificaram que o investigado n\u00e3o s\u00f3 detinha em sua posse diversas muni\u00e7\u00f5es, como tamb\u00e9m que, possivelmente, as vinha fabricando a revendendo, sem autoriza\u00e7\u00e3o, a terceiras pessoas. Ainda, que ele tamb\u00e9m detinha em sua posse uma granada artesanal.<\/p><p>Por esse motivo, o investigado restou imediatamente preso em flagrante delito por possuir, em seu im\u00f3vel, sem autoriza\u00e7\u00e3o legal e\/ou regulamentar, arma de fogo\/acess\u00f3rio\/muni\u00e7\u00f5es, e bem como por possuir artefatos explosivos e incendi\u00e1rios. Ap\u00f3s o investigado ser interrogado na sede da DIC, restou encaminhado \u00e0 Unidade Prisional Avan\u00e7ada de Laguna.<\/p><p>\u00a0<\/p>\t\t\t\t\t\t\t\t<\/div>\n\t\t\t\t<\/div>\n\t\t\t\t\t<\/div>\n\t\t<\/div>\n\t\t\t\t\t<\/div>\n\t\t<\/section>\n\t\t\t\t<\/div>\n\t\t","protected":false},"excerpt":{"rendered":"<p>DIC de Laguna prende homem que efetuava disparos de arma fogo em estabelecimentos comerciais e apreende farta muni\u00e7\u00e3o A Pol\u00edcia Civil de Santa Catarina, por interm\u00e9dio da Divis\u00e3o de Investiga\u00e7\u00e3o Criminal (DIC) de Laguna, deflagrou, nessa semana, opera\u00e7\u00e3o policial visando realizar o cumprimento ao mandado de busca e apreens\u00e3o em desfavor de um homem respons\u00e1vel [&hellip;]<\/p>\n","protected":false},"author":5,"featured_media":17771,"comment_status":"closed","ping_status":"open","sticky":false,"template":"","format":"standard","meta":{"_monsterinsights_skip_tracking":false,"_monsterinsights_sitenote_active":false,"_monsterinsights_sitenote_note":"","_monsterinsights_sitenote_category":0,"footnotes":""},"categories":[1],"tags":[],"class_list":["post-17770","post","type-post","status-publish","format-standard","has-post-thumbnail","hentry","category-sem-categoria"],"_links":{"self":[{"href":"https:\/\/pc.sc.gov.br\/index.php?rest_route=\/wp\/v2\/posts\/17770","targetHints":{"allow":["GET"]}}],"collection":[{"href":"https:\/\/pc.sc.gov.br\/index.php?rest_route=\/wp\/v2\/posts"}],"about":[{"href":"https:\/\/pc.sc.gov.br\/index.php?rest_route=\/wp\/v2\/types\/post"}],"author":[{"embeddable":true,"href":"https:\/\/pc.sc.gov.br\/index.php?rest_route=\/wp\/v2\/users\/5"}],"replies":[{"embeddable":true,"href":"https:\/\/pc.sc.gov.br\/index.php?rest_route=%2Fwp%2Fv2%2Fcomments&post=17770"}],"version-history":[{"count":5,"href":"https:\/\/pc.sc.gov.br\/index.php?rest_route=\/wp\/v2\/posts\/17770\/revisions"}],"predecessor-version":[{"id":17776,"href":"https:\/\/pc.sc.gov.br\/index.php?rest_route=\/wp\/v2\/posts\/17770\/revisions\/17776"}],"wp:featuredmedia":[{"embeddable":true,"href":"https:\/\/pc.sc.gov.br\/index.php?rest_route=\/wp\/v2\/media\/17771"}],"wp:attachment":[{"href":"https:\/\/pc.sc.gov.br\/index.php?rest_route=%2Fwp%2Fv2%2Fmedia&parent=17770"}],"wp:term":[{"taxonomy":"category","embeddable":true,"href":"https:\/\/pc.sc.gov.br\/index.php?rest_route=%2Fwp%2Fv2%2Fcategories&post=17770"},{"taxonomy":"post_tag","embeddable":true,"href":"https:\/\/pc.sc.gov.br\/index.php?rest_route=%2Fwp%2Fv2%2Ftags&post=17770"}],"curies":[{"name":"wp","href":"https:\/\/api.w.org\/{rel}","templated":true}]}}