{"id":1778,"date":"2022-12-06T07:03:00","date_gmt":"2022-12-06T10:03:00","guid":{"rendered":"https:\/\/pc.sc.gov.br\/?p=1778"},"modified":"2022-12-14T08:54:08","modified_gmt":"2022-12-14T11:54:08","slug":"policia-civil-participa-da-10a-edicao-da-operacao-luz-na-infancia-para-coibir-a-exploracao-sexual-de-criancas-e-adolescentes-na-internet","status":"publish","type":"post","link":"https:\/\/pc.sc.gov.br\/?p=1778","title":{"rendered":"Pol\u00edcia Civil participa da 10\u00aa edi\u00e7\u00e3o da opera\u00e7\u00e3o \u201cLuz na Inf\u00e2ncia\u201d para coibir a explora\u00e7\u00e3o sexual de crian\u00e7as e adolescentes na internet"},"content":{"rendered":"\t\t<div data-elementor-type=\"wp-post\" data-elementor-id=\"1778\" class=\"elementor elementor-1778\" data-elementor-post-type=\"post\">\n\t\t\t\t\t\t<section class=\"elementor-section elementor-top-section elementor-element elementor-element-c603a62 elementor-section-boxed elementor-section-height-default elementor-section-height-default\" data-id=\"c603a62\" data-element_type=\"section\">\n\t\t\t\t\t\t<div class=\"elementor-container elementor-column-gap-default\">\n\t\t\t\t\t<div class=\"elementor-column elementor-col-100 elementor-top-column elementor-element elementor-element-698776d\" data-id=\"698776d\" data-element_type=\"column\">\n\t\t\t<div class=\"elementor-widget-wrap elementor-element-populated\">\n\t\t\t\t\t\t<div class=\"elementor-element elementor-element-208acd5 elementor-widget elementor-widget-heading\" data-id=\"208acd5\" data-element_type=\"widget\" data-widget_type=\"heading.default\">\n\t\t\t\t<div class=\"elementor-widget-container\">\n\t\t\t\t\t<h2 class=\"elementor-heading-title elementor-size-default\">Pol\u00edcia Civil participa da 10\u00aa edi\u00e7\u00e3o da opera\u00e7\u00e3o \u201cLuz na Inf\u00e2ncia\u201d para coibir a explora\u00e7\u00e3o sexual de crian\u00e7as e adolescentes na internet<\/h2>\t\t\t\t<\/div>\n\t\t\t\t<\/div>\n\t\t\t\t\t<\/div>\n\t\t<\/div>\n\t\t\t\t\t<\/div>\n\t\t<\/section>\n\t\t\t\t<section class=\"elementor-section elementor-top-section elementor-element elementor-element-fad0520 elementor-section-boxed elementor-section-height-default elementor-section-height-default\" data-id=\"fad0520\" data-element_type=\"section\">\n\t\t\t\t\t\t<div class=\"elementor-container elementor-column-gap-default\">\n\t\t\t\t\t<div class=\"elementor-column elementor-col-100 elementor-top-column elementor-element elementor-element-a8d1771\" data-id=\"a8d1771\" data-element_type=\"column\">\n\t\t\t<div class=\"elementor-widget-wrap elementor-element-populated\">\n\t\t\t\t\t\t<div class=\"elementor-element elementor-element-7a5a477 elementor-widget elementor-widget-image\" data-id=\"7a5a477\" data-element_type=\"widget\" data-widget_type=\"image.default\">\n\t\t\t\t<div class=\"elementor-widget-container\">\n\t\t\t\t\t\t\t\t\t\t\t\t\t\t\t<img fetchpriority=\"high\" decoding=\"async\" width=\"696\" height=\"549\" src=\"https:\/\/pc.sc.gov.br\/\/wp-content\/uploads\/2022\/12\/02-1.jpg\" class=\"attachment-large size-large wp-image-1766\" alt=\"\" srcset=\"https:\/\/pc.sc.gov.br\/\/wp-content\/uploads\/2022\/12\/02-1.jpg 834w, https:\/\/pc.sc.gov.br\/\/wp-content\/uploads\/2022\/12\/02-1-300x237.jpg 300w, https:\/\/pc.sc.gov.br\/\/wp-content\/uploads\/2022\/12\/02-1-768x606.jpg 768w\" sizes=\"(max-width: 696px) 100vw, 696px\" \/>\t\t\t\t\t\t\t\t\t\t\t\t\t\t\t<\/div>\n\t\t\t\t<\/div>\n\t\t\t\t<div class=\"elementor-element elementor-element-522558d elementor-widget elementor-widget-text-editor\" data-id=\"522558d\" data-element_type=\"widget\" data-widget_type=\"text-editor.default\">\n\t\t\t\t<div class=\"elementor-widget-container\">\n\t\t\t\t\t\t\t\t\t<p>A Pol\u00edcia Civil, por meio da Delegacia de Repress\u00e3o a Crimes de Inform\u00e1tica (DEIC\/PCSC), participou, na manh\u00e3 desta ter\u00e7a-feira (06), da 10\u00aa edi\u00e7\u00e3o da opera\u00e7\u00e3o \u201cLuz na Inf\u00e2ncia\u201d que mobilizou mais de 500 policiais civis em 18 estados da Federa\u00e7\u00e3o e em cinco pa\u00edses.<\/p><p>Em todo o pa\u00eds, foram cumpridos 125 mandados de busca e apreens\u00e3o nos estados do Amazonas, Bahia, Cear\u00e1, Esp\u00edrito Santo, Goi\u00e1s, Maranh\u00e3o, Minas Gerais, Mato Grosso, Par\u00e1, Pernambuco, Piau\u00ed, Rio de Janeiro, Rio Grande do Sul, Paran\u00e1, Santa Catarina, Mato Grosso do Sul, S\u00e3o Paulo e Distrito Federal. For\u00e7as de seguran\u00e7a da Argentina, Estados Unidos, Panam\u00e1 e Equador tamb\u00e9m se envolveram.<\/p><p>Em Santa Catarina, a DEIC com apoio do Laborat\u00f3rio de Tecnol\u00f3gica Cibern\u00e9tica (Ciberlab\/Deic), de alunos da Acadepol e da Pol\u00edcia Cient\u00edfica de Santa Catarina cumpriram dois mandados, um deles com pris\u00e3o em flagrante em Jaragu\u00e1 do Sul.<\/p><p>A opera\u00e7\u00e3o, que est\u00e1 em sua d\u00e9cima edi\u00e7\u00e3o, tem como objetivo reprimir crimes de abuso e explora\u00e7\u00e3o sexual de crian\u00e7as e adolescentes na internet. A n\u00edvel nacional \u00e9 coordenada pelo Minist\u00e9rio da Justi\u00e7a e Seguran\u00e7a P\u00fablica (MJSP), por meio do Laborat\u00f3rio de Opera\u00e7\u00f5es Cibern\u00e9ticas (Ciberlab), da Secretaria de Opera\u00e7\u00f5es Integradas (Seopi).<\/p><p>Nesta edi\u00e7\u00e3o, houve ainda a colabora\u00e7\u00e3o da Embaixada dos Estados Unidos no Brasil, por meio da Homeland Security Investigations (HSI).<\/p><p>De acordo com o Delegado da Delegacia de Repress\u00e3o a Crimes de Inform\u00e1tica (DEIC\/PCSC), Luis Felipe Rosado, a pena para quem armazena conte\u00fado sexual envolvendo crian\u00e7as varia de 1 a 4 anos de pris\u00e3o e pode aumentar de 3 para 6 anos no caso de compartilhamento e de 4 a 8 anos no caso de produ\u00e7\u00e3o de conte\u00fado.<\/p>\t\t\t\t\t\t\t\t<\/div>\n\t\t\t\t<\/div>\n\t\t\t\t\t<\/div>\n\t\t<\/div>\n\t\t\t\t\t<\/div>\n\t\t<\/section>\n\t\t\t\t<\/div>\n\t\t","protected":false},"excerpt":{"rendered":"<p>Pol\u00edcia Civil participa da 10\u00aa edi\u00e7\u00e3o da opera\u00e7\u00e3o \u201cLuz na Inf\u00e2ncia\u201d para coibir a explora\u00e7\u00e3o sexual de crian\u00e7as e adolescentes na internet A Pol\u00edcia Civil, por meio da Delegacia de Repress\u00e3o a Crimes de Inform\u00e1tica (DEIC\/PCSC), participou, na manh\u00e3 desta ter\u00e7a-feira (06), da 10\u00aa edi\u00e7\u00e3o da opera\u00e7\u00e3o \u201cLuz na Inf\u00e2ncia\u201d que mobilizou mais de 500 [&hellip;]<\/p>\n","protected":false},"author":2,"featured_media":1766,"comment_status":"closed","ping_status":"open","sticky":false,"template":"elementor_header_footer","format":"standard","meta":{"_monsterinsights_skip_tracking":false,"_monsterinsights_sitenote_active":false,"_monsterinsights_sitenote_note":"","_monsterinsights_sitenote_category":0,"footnotes":""},"categories":[1],"tags":[],"class_list":["post-1778","post","type-post","status-publish","format-standard","has-post-thumbnail","hentry","category-sem-categoria"],"_links":{"self":[{"href":"https:\/\/pc.sc.gov.br\/index.php?rest_route=\/wp\/v2\/posts\/1778","targetHints":{"allow":["GET"]}}],"collection":[{"href":"https:\/\/pc.sc.gov.br\/index.php?rest_route=\/wp\/v2\/posts"}],"about":[{"href":"https:\/\/pc.sc.gov.br\/index.php?rest_route=\/wp\/v2\/types\/post"}],"author":[{"embeddable":true,"href":"https:\/\/pc.sc.gov.br\/index.php?rest_route=\/wp\/v2\/users\/2"}],"replies":[{"embeddable":true,"href":"https:\/\/pc.sc.gov.br\/index.php?rest_route=%2Fwp%2Fv2%2Fcomments&post=1778"}],"version-history":[{"count":4,"href":"https:\/\/pc.sc.gov.br\/index.php?rest_route=\/wp\/v2\/posts\/1778\/revisions"}],"predecessor-version":[{"id":1783,"href":"https:\/\/pc.sc.gov.br\/index.php?rest_route=\/wp\/v2\/posts\/1778\/revisions\/1783"}],"wp:featuredmedia":[{"embeddable":true,"href":"https:\/\/pc.sc.gov.br\/index.php?rest_route=\/wp\/v2\/media\/1766"}],"wp:attachment":[{"href":"https:\/\/pc.sc.gov.br\/index.php?rest_route=%2Fwp%2Fv2%2Fmedia&parent=1778"}],"wp:term":[{"taxonomy":"category","embeddable":true,"href":"https:\/\/pc.sc.gov.br\/index.php?rest_route=%2Fwp%2Fv2%2Fcategories&post=1778"},{"taxonomy":"post_tag","embeddable":true,"href":"https:\/\/pc.sc.gov.br\/index.php?rest_route=%2Fwp%2Fv2%2Ftags&post=1778"}],"curies":[{"name":"wp","href":"https:\/\/api.w.org\/{rel}","templated":true}]}}