{"id":17798,"date":"2024-02-26T17:34:08","date_gmt":"2024-02-26T20:34:08","guid":{"rendered":"https:\/\/pc.sc.gov.br\/?p=17798"},"modified":"2024-02-26T17:43:48","modified_gmt":"2024-02-26T20:43:48","slug":"apos-representacao-da-policia-civil-interpol-captura-em-portugal-dupla-que-aplicava-o-golpe-do-falso-aluguel-em-sc","status":"publish","type":"post","link":"https:\/\/pc.sc.gov.br\/?p=17798","title":{"rendered":"Ap\u00f3s representa\u00e7\u00e3o da Pol\u00edcia Civil, Interpol captura em Portugal dupla que aplicava o golpe do falso aluguel em SC"},"content":{"rendered":"\t\t<div data-elementor-type=\"wp-post\" data-elementor-id=\"17798\" class=\"elementor elementor-17798\" data-elementor-post-type=\"post\">\n\t\t\t\t\t\t<section class=\"elementor-section elementor-top-section elementor-element elementor-element-a65150c elementor-section-boxed elementor-section-height-default elementor-section-height-default\" data-id=\"a65150c\" data-element_type=\"section\">\n\t\t\t\t\t\t<div class=\"elementor-container elementor-column-gap-default\">\n\t\t\t\t\t<div class=\"elementor-column elementor-col-100 elementor-top-column elementor-element elementor-element-352ba19\" data-id=\"352ba19\" data-element_type=\"column\">\n\t\t\t<div class=\"elementor-widget-wrap elementor-element-populated\">\n\t\t\t\t\t\t<div class=\"elementor-element elementor-element-3b986ac elementor-widget elementor-widget-heading\" data-id=\"3b986ac\" data-element_type=\"widget\" data-widget_type=\"heading.default\">\n\t\t\t\t<div class=\"elementor-widget-container\">\n\t\t\t\t\t<h2 class=\"elementor-heading-title elementor-size-default\">Ap\u00f3s representa\u00e7\u00e3o da Pol\u00edcia Civil, Interpol captura, em Portugal, dupla que aplicava o golpe do \"falso aluguel\" em SC<br>,<\/h2>\t\t\t\t<\/div>\n\t\t\t\t<\/div>\n\t\t\t\t\t<\/div>\n\t\t<\/div>\n\t\t\t\t\t<\/div>\n\t\t<\/section>\n\t\t\t\t<section class=\"elementor-section elementor-top-section elementor-element elementor-element-042cd61 elementor-section-boxed elementor-section-height-default elementor-section-height-default\" data-id=\"042cd61\" data-element_type=\"section\">\n\t\t\t\t\t\t<div class=\"elementor-container elementor-column-gap-default\">\n\t\t\t\t\t<div class=\"elementor-column elementor-col-100 elementor-top-column elementor-element elementor-element-8d6fdb7\" data-id=\"8d6fdb7\" data-element_type=\"column\">\n\t\t\t<div class=\"elementor-widget-wrap elementor-element-populated\">\n\t\t\t\t\t\t<div class=\"elementor-element elementor-element-c90f54b elementor-widget elementor-widget-image\" data-id=\"c90f54b\" data-element_type=\"widget\" data-widget_type=\"image.default\">\n\t\t\t\t<div class=\"elementor-widget-container\">\n\t\t\t\t\t\t\t\t\t\t\t\t\t\t\t<img fetchpriority=\"high\" decoding=\"async\" width=\"338\" height=\"148\" src=\"https:\/\/pc.sc.gov.br\/\/wp-content\/uploads\/2023\/12\/WhatsApp-Image-2023-12-11-at-17.02.53.jpeg\" class=\"attachment-large size-large wp-image-15928\" alt=\"\" srcset=\"https:\/\/pc.sc.gov.br\/\/wp-content\/uploads\/2023\/12\/WhatsApp-Image-2023-12-11-at-17.02.53.jpeg 338w, https:\/\/pc.sc.gov.br\/\/wp-content\/uploads\/2023\/12\/WhatsApp-Image-2023-12-11-at-17.02.53-300x131.jpeg 300w\" sizes=\"(max-width: 338px) 100vw, 338px\" \/>\t\t\t\t\t\t\t\t\t\t\t\t\t\t\t<\/div>\n\t\t\t\t<\/div>\n\t\t\t\t\t<\/div>\n\t\t<\/div>\n\t\t\t\t\t<\/div>\n\t\t<\/section>\n\t\t\t\t<section class=\"elementor-section elementor-top-section elementor-element elementor-element-92f8153 elementor-section-boxed elementor-section-height-default elementor-section-height-default\" data-id=\"92f8153\" data-element_type=\"section\">\n\t\t\t\t\t\t<div class=\"elementor-container elementor-column-gap-default\">\n\t\t\t\t\t<div class=\"elementor-column elementor-col-100 elementor-top-column elementor-element elementor-element-5cb0af5\" data-id=\"5cb0af5\" data-element_type=\"column\">\n\t\t\t<div class=\"elementor-widget-wrap elementor-element-populated\">\n\t\t\t\t\t\t<div class=\"elementor-element elementor-element-ff30110 elementor-widget elementor-widget-text-editor\" data-id=\"ff30110\" data-element_type=\"widget\" data-widget_type=\"text-editor.default\">\n\t\t\t\t<div class=\"elementor-widget-container\">\n\t\t\t\t\t\t\t\t\t<p>A Pol\u00edcia Civil de Santa Catarina, por meio da Divis\u00e3o de Combate a Estelionatos da Capital (DIC\/DCE), com aux\u00edlio do Centro Integrado de opera\u00e7\u00f5es de Fronteira (CIOF\/CGFRON\/DIOPI\/SENASP\/MJSP), e apoio da INTERPOL, deu cumprimento a dois mandados de pris\u00e3o preventiva expedidos pela 2\u00b0Vara Criminal da Comarca da Capital.<\/p>\n<p>As investiga\u00e7\u00f5es foram iniciadas em setembro de 2023, ap\u00f3s uma v\u00edtima cair no golpe do \u201cfalso aluguel\u201d. Durante as dilig\u00eancias ficou demonstrado que os suspeitos exibiam diversos registros semelhantes na Grande Florian\u00f3polis (aproximadamente 12 boletins de ocorr\u00eancia de estelionato). No curso do inqu\u00e9rito, foram cumpridos mandados de busca e apreens\u00e3o na cidade de Palho\u00e7a, al\u00e9m do sequestro de valores em conta do casal investigado.&nbsp;<\/p>\n<p>Ap\u00f3s a instaura\u00e7\u00e3o de outro inqu\u00e9rito policial e a representa\u00e7\u00e3o pela pris\u00e3o preventiva dos envolvidos, os mandados foram expedidos pela 2\u00b0Vara Criminal da Capital. Entretanto, a Divis\u00e3o de Combate a Estelionatos da Capital (DCE) constatou que ambos haviam fugido do pa\u00eds e estavam no exterior h\u00e1 cerca de tr\u00eas meses.<\/p>\n<p>Diante do fato, a Pol\u00edcia Civil representou pela inclus\u00e3o dos mandados de pris\u00e3o preventiva no sistema informatizado da Interpol, com vista \u00e0 Difus\u00e3o Vermelha, sendo o pedido acatado pelo ju\u00edzo no dia 30 de janeiro deste ano. Ap\u00f3s a incorpora\u00e7\u00e3o dos mandados, os suspeitos foram presos no dia 20 de fevereiro, em Portugal, onde aguardam os tr\u00e2mites da extradi\u00e7\u00e3o para o cumprimento da pena no Brasil.<\/p>\n<div>&nbsp;<\/div>\t\t\t\t\t\t\t\t<\/div>\n\t\t\t\t<\/div>\n\t\t\t\t\t<\/div>\n\t\t<\/div>\n\t\t\t\t\t<\/div>\n\t\t<\/section>\n\t\t\t\t<\/div>\n\t\t","protected":false},"excerpt":{"rendered":"<p>Ap\u00f3s representa\u00e7\u00e3o da Pol\u00edcia Civil, Interpol captura, em Portugal, dupla que aplicava o golpe do &#8220;falso aluguel&#8221; em SC, A Pol\u00edcia Civil de Santa Catarina, por meio da Divis\u00e3o de Combate a Estelionatos da Capital (DIC\/DCE), com aux\u00edlio do Centro Integrado de opera\u00e7\u00f5es de Fronteira (CIOF\/CGFRON\/DIOPI\/SENASP\/MJSP), e apoio da INTERPOL, deu cumprimento a dois mandados [&hellip;]<\/p>\n","protected":false},"author":5,"featured_media":2864,"comment_status":"closed","ping_status":"closed","sticky":false,"template":"","format":"standard","meta":{"_monsterinsights_skip_tracking":false,"_monsterinsights_sitenote_active":false,"_monsterinsights_sitenote_note":"","_monsterinsights_sitenote_category":0,"footnotes":""},"categories":[1],"tags":[],"class_list":["post-17798","post","type-post","status-publish","format-standard","has-post-thumbnail","hentry","category-sem-categoria"],"_links":{"self":[{"href":"https:\/\/pc.sc.gov.br\/index.php?rest_route=\/wp\/v2\/posts\/17798","targetHints":{"allow":["GET"]}}],"collection":[{"href":"https:\/\/pc.sc.gov.br\/index.php?rest_route=\/wp\/v2\/posts"}],"about":[{"href":"https:\/\/pc.sc.gov.br\/index.php?rest_route=\/wp\/v2\/types\/post"}],"author":[{"embeddable":true,"href":"https:\/\/pc.sc.gov.br\/index.php?rest_route=\/wp\/v2\/users\/5"}],"replies":[{"embeddable":true,"href":"https:\/\/pc.sc.gov.br\/index.php?rest_route=%2Fwp%2Fv2%2Fcomments&post=17798"}],"version-history":[{"count":3,"href":"https:\/\/pc.sc.gov.br\/index.php?rest_route=\/wp\/v2\/posts\/17798\/revisions"}],"predecessor-version":[{"id":17801,"href":"https:\/\/pc.sc.gov.br\/index.php?rest_route=\/wp\/v2\/posts\/17798\/revisions\/17801"}],"wp:featuredmedia":[{"embeddable":true,"href":"https:\/\/pc.sc.gov.br\/index.php?rest_route=\/wp\/v2\/media\/2864"}],"wp:attachment":[{"href":"https:\/\/pc.sc.gov.br\/index.php?rest_route=%2Fwp%2Fv2%2Fmedia&parent=17798"}],"wp:term":[{"taxonomy":"category","embeddable":true,"href":"https:\/\/pc.sc.gov.br\/index.php?rest_route=%2Fwp%2Fv2%2Fcategories&post=17798"},{"taxonomy":"post_tag","embeddable":true,"href":"https:\/\/pc.sc.gov.br\/index.php?rest_route=%2Fwp%2Fv2%2Ftags&post=17798"}],"curies":[{"name":"wp","href":"https:\/\/api.w.org\/{rel}","templated":true}]}}