{"id":17818,"date":"2024-02-27T12:58:17","date_gmt":"2024-02-27T15:58:17","guid":{"rendered":"https:\/\/pc.sc.gov.br\/?p=17818"},"modified":"2024-02-27T12:59:27","modified_gmt":"2024-02-27T15:59:27","slug":"policia-civil-deflagra-operacao-maktub-contra-irregularidades-em-concorrencias-publicas-realizadas-pela-prefeitura-de-forquilinha","status":"publish","type":"post","link":"https:\/\/pc.sc.gov.br\/?p=17818","title":{"rendered":"Pol\u00edcia Civil deflagra opera\u00e7\u00e3o \u201cMaktub\u201d contra irregularidades em concorr\u00eancias p\u00fablicas realizadas pela Prefeitura de Forquilinha"},"content":{"rendered":"\t\t<div data-elementor-type=\"wp-post\" data-elementor-id=\"17818\" class=\"elementor elementor-17818\" data-elementor-post-type=\"post\">\n\t\t\t\t\t\t<section class=\"elementor-section elementor-top-section elementor-element elementor-element-da41240 elementor-section-boxed elementor-section-height-default elementor-section-height-default\" data-id=\"da41240\" data-element_type=\"section\">\n\t\t\t\t\t\t<div class=\"elementor-container elementor-column-gap-default\">\n\t\t\t\t\t<div class=\"elementor-column elementor-col-100 elementor-top-column elementor-element elementor-element-f4c2afa\" data-id=\"f4c2afa\" data-element_type=\"column\">\n\t\t\t<div class=\"elementor-widget-wrap elementor-element-populated\">\n\t\t\t\t\t\t<div class=\"elementor-element elementor-element-791b371 elementor-widget elementor-widget-heading\" data-id=\"791b371\" data-element_type=\"widget\" data-widget_type=\"heading.default\">\n\t\t\t\t<div class=\"elementor-widget-container\">\n\t\t\t\t\t<h2 class=\"elementor-heading-title elementor-size-default\">Pol\u00edcia Civil deflagra opera\u00e7\u00e3o \u201cMaktub\u201d contra irregularidades em concorr\u00eancias p\u00fablicas realizadas pela Prefeitura de Forquilinha <\/h2>\t\t\t\t<\/div>\n\t\t\t\t<\/div>\n\t\t\t\t\t<\/div>\n\t\t<\/div>\n\t\t\t\t\t<\/div>\n\t\t<\/section>\n\t\t\t\t<section class=\"elementor-section elementor-top-section elementor-element elementor-element-c64ec91 elementor-section-boxed elementor-section-height-default elementor-section-height-default\" data-id=\"c64ec91\" data-element_type=\"section\">\n\t\t\t\t\t\t<div class=\"elementor-container elementor-column-gap-default\">\n\t\t\t\t\t<div class=\"elementor-column elementor-col-100 elementor-top-column elementor-element elementor-element-f8439c1\" data-id=\"f8439c1\" data-element_type=\"column\">\n\t\t\t<div class=\"elementor-widget-wrap elementor-element-populated\">\n\t\t\t\t\t\t<div class=\"elementor-element elementor-element-e6c55de elementor-widget elementor-widget-image\" data-id=\"e6c55de\" data-element_type=\"widget\" data-widget_type=\"image.default\">\n\t\t\t\t<div class=\"elementor-widget-container\">\n\t\t\t\t\t\t\t\t\t\t\t\t\t\t\t<img fetchpriority=\"high\" decoding=\"async\" width=\"696\" height=\"523\" src=\"https:\/\/pc.sc.gov.br\/\/wp-content\/uploads\/2024\/02\/WhatsApp-Image-2024-02-27-at-06.59.57-1-1024x770.jpeg\" class=\"attachment-large size-large wp-image-17819\" alt=\"\" srcset=\"https:\/\/pc.sc.gov.br\/\/wp-content\/uploads\/2024\/02\/WhatsApp-Image-2024-02-27-at-06.59.57-1-1024x770.jpeg 1024w, https:\/\/pc.sc.gov.br\/\/wp-content\/uploads\/2024\/02\/WhatsApp-Image-2024-02-27-at-06.59.57-1-300x226.jpeg 300w, https:\/\/pc.sc.gov.br\/\/wp-content\/uploads\/2024\/02\/WhatsApp-Image-2024-02-27-at-06.59.57-1-768x578.jpeg 768w, https:\/\/pc.sc.gov.br\/\/wp-content\/uploads\/2024\/02\/WhatsApp-Image-2024-02-27-at-06.59.57-1.jpeg 1280w\" sizes=\"(max-width: 696px) 100vw, 696px\" \/>\t\t\t\t\t\t\t\t\t\t\t\t\t\t\t<\/div>\n\t\t\t\t<\/div>\n\t\t\t\t\t<\/div>\n\t\t<\/div>\n\t\t\t\t\t<\/div>\n\t\t<\/section>\n\t\t\t\t<section class=\"elementor-section elementor-top-section elementor-element elementor-element-99a4f36 elementor-section-boxed elementor-section-height-default elementor-section-height-default\" data-id=\"99a4f36\" data-element_type=\"section\">\n\t\t\t\t\t\t<div class=\"elementor-container elementor-column-gap-default\">\n\t\t\t\t\t<div class=\"elementor-column elementor-col-100 elementor-top-column elementor-element elementor-element-3cb76be\" data-id=\"3cb76be\" data-element_type=\"column\">\n\t\t\t<div class=\"elementor-widget-wrap elementor-element-populated\">\n\t\t\t\t\t\t<div class=\"elementor-element elementor-element-d56d0de elementor-widget elementor-widget-text-editor\" data-id=\"d56d0de\" data-element_type=\"widget\" data-widget_type=\"text-editor.default\">\n\t\t\t\t<div class=\"elementor-widget-container\">\n\t\t\t\t\t\t\t\t\t<p>Nesta ter\u00e7a-feira (27), a Pol\u00edcia Civil de Santa Catarina, por meio da Delegacia de Combate \u00e0 Corrup\u00e7\u00e3o da Diretoria Estadual de Investiga\u00e7\u00f5es Criminais (DECOR\/DEIC), deflagrou a opera\u00e7\u00e3o \u201cMaktub\u201d nas cidades de Forquilhinha, Ararangu\u00e1, Meleiro, Turvo, I\u00e7ara e Nova Veneza.<\/p><p>O inqu\u00e9rito policial foi instaurado na DEIC a fim de apurar irregularidades e ilicitudes em tr\u00eas concorr\u00eancias p\u00fablicas &#8211; com mesmo objeto &#8211; realizadas pela Prefeitura Municipal de Forquilhinha, para a contrata\u00e7\u00e3o de empresa especializada para a fabrica\u00e7\u00e3o e instala\u00e7\u00e3o de estrutura met\u00e1lica para a cobertura do gin\u00e1sio anexo \u00e0 Escola do Bairro Santa L\u00edbera.<\/p><p>O s\u00f3cio de uma das empresas participantes da licita\u00e7\u00e3o procurou a DECOR informando que o certame estava direcionado \u00e0 determinada empresa. Apresentou documentos demonstrando que o procedimento havia sido sustado pelo TCE em duas oportunidades, em raz\u00e3o da inclus\u00e3o de cl\u00e1usulas restritivas, o que foi acatado pelo Munic\u00edpio.<\/p><p>Na terceira tentativa de contrata\u00e7\u00e3o, logo ap\u00f3s a entrega dos envelopes na Prefeitura Municipal, o propriet\u00e1rio da empresa, supostamente favorecida, procurou o informante na tentativa de marcar um encontro em particular com o pretexto de vender algumas mercadorias.<\/p><p>Assim, de posse dessas informa\u00e7\u00f5es iniciais, o encontro entre os empres\u00e1rios foi monitorado pela DECOR\/DEIC ap\u00f3s autoriza\u00e7\u00e3o judicial, ocasi\u00e3o que o empres\u00e1rio ofereceu R$ 20.000,00 para que o denunciante desistisse do certame ou confeccionasse outro envelope que seria substitu\u00eddo pela comiss\u00e3o de licita\u00e7\u00e3o. O empres\u00e1rio, ainda, afirmou que toda a estrutura met\u00e1lica para a cobertura do Gin\u00e1sio j\u00e1 estava comprada e, desde o in\u00edcio, a obra seria de sua responsabilidade, raz\u00e3o pela qual havia cl\u00e1usulas restritivas nos dois primeiros editais de licita\u00e7\u00e3o publicados \u2013 os quais foram sustados pelo TCE.<\/p><p>Diante da negativa do informante em aceitar o valor proposto, na data de abertura dos envelopes, os policiais identificaram a funcion\u00e1ria da empresa entrando na Prefeitura carregando consigo alguns arquivos na m\u00e3o esquerda, um deles, aparentando ser um envelope de cor parda, permanecendo no local por cerca de trinta minutos. Ainda, no mesmo dia, a comiss\u00e3o de licita\u00e7\u00e3o declarou a empresa vencedora do certame.<\/p><p>Por fim, apuram-se, ainda, poss\u00edveis irregularidades\/ilicitudes na constru\u00e7\u00e3o do pr\u00f3prio gin\u00e1sio &#8211; local onde ser\u00e1 instalada a estrutura met\u00e1lica objeto das Concorr\u00eancias P\u00fablicas investigadas.<\/p><p>Foram cumpridos mandados de pris\u00e3o preventiva em desfavor do empres\u00e1rio e de pris\u00e3o tempor\u00e1ria contra a funcion\u00e1ria da empresa. Tamb\u00e9m, foram cumpridos quatro mandados de afastamento das fun\u00e7\u00f5es p\u00fablicas dos membros da comiss\u00e3o de licita\u00e7\u00e3o, bem como ordem para a suspens\u00e3o dos contratos assinados contra a empresa, al\u00e9m de dez mandados de busca e apreens\u00e3o.<\/p><p>Os trabalhos contaram com apoio Pol\u00edcia Cient\u00edfica, da CECOR, da DIC Crici\u00fama, da 2\u00aa DECOR de Tubar\u00e3o, da 3\u00aa DECOR de Joinville, do Laborat\u00f3rio de Lavagem de Dinheiro da DEIC e do GAECO da Capital durante uma das dilig\u00eancias iniciais da investiga\u00e7\u00e3o.<\/p>\t\t\t\t\t\t\t\t<\/div>\n\t\t\t\t<\/div>\n\t\t\t\t\t<\/div>\n\t\t<\/div>\n\t\t\t\t\t<\/div>\n\t\t<\/section>\n\t\t\t\t<section class=\"elementor-section elementor-top-section elementor-element elementor-element-6b47993 elementor-section-boxed elementor-section-height-default elementor-section-height-default\" data-id=\"6b47993\" data-element_type=\"section\">\n\t\t\t\t\t\t<div class=\"elementor-container elementor-column-gap-default\">\n\t\t\t\t\t<div class=\"elementor-column elementor-col-100 elementor-top-column elementor-element elementor-element-cfe7670\" data-id=\"cfe7670\" data-element_type=\"column\">\n\t\t\t<div class=\"elementor-widget-wrap elementor-element-populated\">\n\t\t\t\t\t\t<div class=\"elementor-element elementor-element-5c52569 elementor-widget elementor-widget-image\" data-id=\"5c52569\" data-element_type=\"widget\" data-widget_type=\"image.default\">\n\t\t\t\t<div class=\"elementor-widget-container\">\n\t\t\t\t\t\t\t\t\t\t\t\t\t\t\t<img decoding=\"async\" width=\"696\" height=\"392\" src=\"https:\/\/pc.sc.gov.br\/\/wp-content\/uploads\/2024\/02\/WhatsApp-Image-2024-02-27-at-06.59.57-1024x576.jpeg\" class=\"attachment-large size-large wp-image-17821\" alt=\"\" srcset=\"https:\/\/pc.sc.gov.br\/\/wp-content\/uploads\/2024\/02\/WhatsApp-Image-2024-02-27-at-06.59.57-1024x576.jpeg 1024w, https:\/\/pc.sc.gov.br\/\/wp-content\/uploads\/2024\/02\/WhatsApp-Image-2024-02-27-at-06.59.57-300x169.jpeg 300w, https:\/\/pc.sc.gov.br\/\/wp-content\/uploads\/2024\/02\/WhatsApp-Image-2024-02-27-at-06.59.57-768x432.jpeg 768w, https:\/\/pc.sc.gov.br\/\/wp-content\/uploads\/2024\/02\/WhatsApp-Image-2024-02-27-at-06.59.57.jpeg 1280w\" sizes=\"(max-width: 696px) 100vw, 696px\" \/>\t\t\t\t\t\t\t\t\t\t\t\t\t\t\t<\/div>\n\t\t\t\t<\/div>\n\t\t\t\t\t<\/div>\n\t\t<\/div>\n\t\t\t\t\t<\/div>\n\t\t<\/section>\n\t\t\t\t<\/div>\n\t\t","protected":false},"excerpt":{"rendered":"<p>Pol\u00edcia Civil deflagra opera\u00e7\u00e3o \u201cMaktub\u201d contra irregularidades em concorr\u00eancias p\u00fablicas realizadas pela Prefeitura de Forquilinha Nesta ter\u00e7a-feira (27), a Pol\u00edcia Civil de Santa Catarina, por meio da Delegacia de Combate \u00e0 Corrup\u00e7\u00e3o da Diretoria Estadual de Investiga\u00e7\u00f5es Criminais (DECOR\/DEIC), deflagrou a opera\u00e7\u00e3o \u201cMaktub\u201d nas cidades de Forquilhinha, Ararangu\u00e1, Meleiro, Turvo, I\u00e7ara e Nova Veneza. O [&hellip;]<\/p>\n","protected":false},"author":5,"featured_media":17819,"comment_status":"closed","ping_status":"open","sticky":false,"template":"","format":"standard","meta":{"_monsterinsights_skip_tracking":false,"_monsterinsights_sitenote_active":false,"_monsterinsights_sitenote_note":"","_monsterinsights_sitenote_category":0,"footnotes":""},"categories":[1],"tags":[],"class_list":["post-17818","post","type-post","status-publish","format-standard","has-post-thumbnail","hentry","category-sem-categoria"],"_links":{"self":[{"href":"https:\/\/pc.sc.gov.br\/index.php?rest_route=\/wp\/v2\/posts\/17818","targetHints":{"allow":["GET"]}}],"collection":[{"href":"https:\/\/pc.sc.gov.br\/index.php?rest_route=\/wp\/v2\/posts"}],"about":[{"href":"https:\/\/pc.sc.gov.br\/index.php?rest_route=\/wp\/v2\/types\/post"}],"author":[{"embeddable":true,"href":"https:\/\/pc.sc.gov.br\/index.php?rest_route=\/wp\/v2\/users\/5"}],"replies":[{"embeddable":true,"href":"https:\/\/pc.sc.gov.br\/index.php?rest_route=%2Fwp%2Fv2%2Fcomments&post=17818"}],"version-history":[{"count":4,"href":"https:\/\/pc.sc.gov.br\/index.php?rest_route=\/wp\/v2\/posts\/17818\/revisions"}],"predecessor-version":[{"id":17824,"href":"https:\/\/pc.sc.gov.br\/index.php?rest_route=\/wp\/v2\/posts\/17818\/revisions\/17824"}],"wp:featuredmedia":[{"embeddable":true,"href":"https:\/\/pc.sc.gov.br\/index.php?rest_route=\/wp\/v2\/media\/17819"}],"wp:attachment":[{"href":"https:\/\/pc.sc.gov.br\/index.php?rest_route=%2Fwp%2Fv2%2Fmedia&parent=17818"}],"wp:term":[{"taxonomy":"category","embeddable":true,"href":"https:\/\/pc.sc.gov.br\/index.php?rest_route=%2Fwp%2Fv2%2Fcategories&post=17818"},{"taxonomy":"post_tag","embeddable":true,"href":"https:\/\/pc.sc.gov.br\/index.php?rest_route=%2Fwp%2Fv2%2Ftags&post=17818"}],"curies":[{"name":"wp","href":"https:\/\/api.w.org\/{rel}","templated":true}]}}