{"id":17825,"date":"2024-02-27T14:39:22","date_gmt":"2024-02-27T17:39:22","guid":{"rendered":"https:\/\/pc.sc.gov.br\/?p=17825"},"modified":"2024-02-27T14:42:37","modified_gmt":"2024-02-27T17:42:37","slug":"dic-de-lages-localiza-e-prende-homem-condenado-a-26-anos-e-8-meses-de-reclusao-por-estupro-de-vulneravel","status":"publish","type":"post","link":"https:\/\/pc.sc.gov.br\/?p=17825","title":{"rendered":"DIC de Lages localiza e prende homem condenado a 26 anos e 8 meses de reclus\u00e3o por estupro de vulner\u00e1vel"},"content":{"rendered":"\t\t<div data-elementor-type=\"wp-post\" data-elementor-id=\"17825\" class=\"elementor elementor-17825\" data-elementor-post-type=\"post\">\n\t\t\t\t\t\t<section class=\"elementor-section elementor-top-section elementor-element elementor-element-d3f4b54 elementor-section-boxed elementor-section-height-default elementor-section-height-default\" data-id=\"d3f4b54\" data-element_type=\"section\">\n\t\t\t\t\t\t<div class=\"elementor-container elementor-column-gap-default\">\n\t\t\t\t\t<div class=\"elementor-column elementor-col-100 elementor-top-column elementor-element elementor-element-e5bb487\" data-id=\"e5bb487\" data-element_type=\"column\">\n\t\t\t<div class=\"elementor-widget-wrap elementor-element-populated\">\n\t\t\t\t\t\t<div class=\"elementor-element elementor-element-a11e944 elementor-widget elementor-widget-heading\" data-id=\"a11e944\" data-element_type=\"widget\" data-widget_type=\"heading.default\">\n\t\t\t\t<div class=\"elementor-widget-container\">\n\t\t\t\t\t<h2 class=\"elementor-heading-title elementor-size-default\">DIC de Lages localiza e prende homem condenado a 26 anos e 8 meses de reclus\u00e3o por estupro de vulner\u00e1vel<\/h2>\t\t\t\t<\/div>\n\t\t\t\t<\/div>\n\t\t\t\t\t<\/div>\n\t\t<\/div>\n\t\t\t\t\t<\/div>\n\t\t<\/section>\n\t\t\t\t<section class=\"elementor-section elementor-top-section elementor-element elementor-element-d29a441 elementor-section-boxed elementor-section-height-default elementor-section-height-default\" data-id=\"d29a441\" data-element_type=\"section\">\n\t\t\t\t\t\t<div class=\"elementor-container elementor-column-gap-default\">\n\t\t\t\t\t<div class=\"elementor-column elementor-col-100 elementor-top-column elementor-element elementor-element-cdcc20c\" data-id=\"cdcc20c\" data-element_type=\"column\">\n\t\t\t<div class=\"elementor-widget-wrap elementor-element-populated\">\n\t\t\t\t\t\t<div class=\"elementor-element elementor-element-1a9cffd elementor-widget elementor-widget-image\" data-id=\"1a9cffd\" data-element_type=\"widget\" data-widget_type=\"image.default\">\n\t\t\t\t<div class=\"elementor-widget-container\">\n\t\t\t\t\t\t\t\t\t\t\t\t\t\t\t<img fetchpriority=\"high\" decoding=\"async\" width=\"696\" height=\"501\" src=\"https:\/\/pc.sc.gov.br\/\/wp-content\/uploads\/2024\/02\/DIC-DE-LAGES-CORTA-fotor-202401031851.png\" class=\"attachment-large size-large wp-image-17826\" alt=\"\" srcset=\"https:\/\/pc.sc.gov.br\/\/wp-content\/uploads\/2024\/02\/DIC-DE-LAGES-CORTA-fotor-202401031851.png 950w, https:\/\/pc.sc.gov.br\/\/wp-content\/uploads\/2024\/02\/DIC-DE-LAGES-CORTA-fotor-202401031851-300x216.png 300w, https:\/\/pc.sc.gov.br\/\/wp-content\/uploads\/2024\/02\/DIC-DE-LAGES-CORTA-fotor-202401031851-768x553.png 768w\" sizes=\"(max-width: 696px) 100vw, 696px\" \/>\t\t\t\t\t\t\t\t\t\t\t\t\t\t\t<\/div>\n\t\t\t\t<\/div>\n\t\t\t\t\t<\/div>\n\t\t<\/div>\n\t\t\t\t\t<\/div>\n\t\t<\/section>\n\t\t\t\t<section class=\"elementor-section elementor-top-section elementor-element elementor-element-d8c2a20 elementor-section-boxed elementor-section-height-default elementor-section-height-default\" data-id=\"d8c2a20\" data-element_type=\"section\">\n\t\t\t\t\t\t<div class=\"elementor-container elementor-column-gap-default\">\n\t\t\t\t\t<div class=\"elementor-column elementor-col-100 elementor-top-column elementor-element elementor-element-2d467ab\" data-id=\"2d467ab\" data-element_type=\"column\">\n\t\t\t<div class=\"elementor-widget-wrap elementor-element-populated\">\n\t\t\t\t\t\t<div class=\"elementor-element elementor-element-ec77d2d elementor-widget elementor-widget-text-editor\" data-id=\"ec77d2d\" data-element_type=\"widget\" data-widget_type=\"text-editor.default\">\n\t\t\t\t<div class=\"elementor-widget-container\">\n\t\t\t\t\t\t\t\t\t<p>A Pol\u00edcia Civil de Santa Catarina, por meio da Divis\u00e3o de Investiga\u00e7\u00e3o Criminal (DIC) de Lages, realizou a pris\u00e3o de um homem no bairro Restinga Seca, no munic\u00edpio de Lages. Ele foi condenado pela pr\u00e1tica de crime de estupro de vulner\u00e1vel.<\/p><p>O crime ocorreu no ano de 2014, no munic\u00edpio de Lages\/SC, e ap\u00f3s a condena\u00e7\u00e3o, a equipe da DIC iniciou as dilig\u00eancias visando \u00e0 localiza\u00e7\u00e3o e pris\u00e3o do condenado, uma vez que se encontrava foragido.\u00a0<\/p><p>Ap\u00f3s o cumprimento do mandado de pris\u00e3o, o condenado foi encaminhado para a Unidade Prisional de Lages, local onde ser\u00e1 cumprida a pena.<\/p>\t\t\t\t\t\t\t\t<\/div>\n\t\t\t\t<\/div>\n\t\t\t\t\t<\/div>\n\t\t<\/div>\n\t\t\t\t\t<\/div>\n\t\t<\/section>\n\t\t\t\t<\/div>\n\t\t","protected":false},"excerpt":{"rendered":"<p>DIC de Lages localiza e prende homem condenado a 26 anos e 8 meses de reclus\u00e3o por estupro de vulner\u00e1vel A Pol\u00edcia Civil de Santa Catarina, por meio da Divis\u00e3o de Investiga\u00e7\u00e3o Criminal (DIC) de Lages, realizou a pris\u00e3o de um homem no bairro Restinga Seca, no munic\u00edpio de Lages. Ele foi condenado pela pr\u00e1tica [&hellip;]<\/p>\n","protected":false},"author":5,"featured_media":17826,"comment_status":"closed","ping_status":"open","sticky":false,"template":"","format":"standard","meta":{"_monsterinsights_skip_tracking":false,"_monsterinsights_sitenote_active":false,"_monsterinsights_sitenote_note":"","_monsterinsights_sitenote_category":0,"footnotes":""},"categories":[1],"tags":[],"class_list":["post-17825","post","type-post","status-publish","format-standard","has-post-thumbnail","hentry","category-sem-categoria"],"_links":{"self":[{"href":"https:\/\/pc.sc.gov.br\/index.php?rest_route=\/wp\/v2\/posts\/17825","targetHints":{"allow":["GET"]}}],"collection":[{"href":"https:\/\/pc.sc.gov.br\/index.php?rest_route=\/wp\/v2\/posts"}],"about":[{"href":"https:\/\/pc.sc.gov.br\/index.php?rest_route=\/wp\/v2\/types\/post"}],"author":[{"embeddable":true,"href":"https:\/\/pc.sc.gov.br\/index.php?rest_route=\/wp\/v2\/users\/5"}],"replies":[{"embeddable":true,"href":"https:\/\/pc.sc.gov.br\/index.php?rest_route=%2Fwp%2Fv2%2Fcomments&post=17825"}],"version-history":[{"count":3,"href":"https:\/\/pc.sc.gov.br\/index.php?rest_route=\/wp\/v2\/posts\/17825\/revisions"}],"predecessor-version":[{"id":17829,"href":"https:\/\/pc.sc.gov.br\/index.php?rest_route=\/wp\/v2\/posts\/17825\/revisions\/17829"}],"wp:featuredmedia":[{"embeddable":true,"href":"https:\/\/pc.sc.gov.br\/index.php?rest_route=\/wp\/v2\/media\/17826"}],"wp:attachment":[{"href":"https:\/\/pc.sc.gov.br\/index.php?rest_route=%2Fwp%2Fv2%2Fmedia&parent=17825"}],"wp:term":[{"taxonomy":"category","embeddable":true,"href":"https:\/\/pc.sc.gov.br\/index.php?rest_route=%2Fwp%2Fv2%2Fcategories&post=17825"},{"taxonomy":"post_tag","embeddable":true,"href":"https:\/\/pc.sc.gov.br\/index.php?rest_route=%2Fwp%2Fv2%2Ftags&post=17825"}],"curies":[{"name":"wp","href":"https:\/\/api.w.org\/{rel}","templated":true}]}}