{"id":17830,"date":"2024-02-27T14:47:12","date_gmt":"2024-02-27T17:47:12","guid":{"rendered":"https:\/\/pc.sc.gov.br\/?p=17830"},"modified":"2024-02-27T14:48:12","modified_gmt":"2024-02-27T17:48:12","slug":"policia-civil-deflagra-operacao-rescaldo-e-prende-duas-pessoas-em-flagrante-por-posse-ilegal-de-arma-de-fogo-e-trafico-de-drogas","status":"publish","type":"post","link":"https:\/\/pc.sc.gov.br\/?p=17830","title":{"rendered":"Pol\u00edcia Civil deflagra opera\u00e7\u00e3o \u201cRescaldo\u201d e prende duas pessoas em flagrante por posse ilegal de arma de fogo e tr\u00e1fico de drogas"},"content":{"rendered":"\t\t<div data-elementor-type=\"wp-post\" data-elementor-id=\"17830\" class=\"elementor elementor-17830\" data-elementor-post-type=\"post\">\n\t\t\t\t\t\t<section class=\"elementor-section elementor-top-section elementor-element elementor-element-47e3b30 elementor-section-boxed elementor-section-height-default elementor-section-height-default\" data-id=\"47e3b30\" data-element_type=\"section\">\n\t\t\t\t\t\t<div class=\"elementor-container elementor-column-gap-default\">\n\t\t\t\t\t<div class=\"elementor-column elementor-col-100 elementor-top-column elementor-element elementor-element-cadb76d\" data-id=\"cadb76d\" data-element_type=\"column\">\n\t\t\t<div class=\"elementor-widget-wrap elementor-element-populated\">\n\t\t\t\t\t\t<div class=\"elementor-element elementor-element-d5f94f7 elementor-widget elementor-widget-heading\" data-id=\"d5f94f7\" data-element_type=\"widget\" data-widget_type=\"heading.default\">\n\t\t\t\t<div class=\"elementor-widget-container\">\n\t\t\t\t\t<h2 class=\"elementor-heading-title elementor-size-default\">Pol\u00edcia Civil deflagra opera\u00e7\u00e3o \u201cRescaldo\u201d e prende duas pessoas em flagrante por posse ilegal de arma de fogo e tr\u00e1fico de drogas<\/h2>\t\t\t\t<\/div>\n\t\t\t\t<\/div>\n\t\t\t\t\t<\/div>\n\t\t<\/div>\n\t\t\t\t\t<\/div>\n\t\t<\/section>\n\t\t\t\t<section class=\"elementor-section elementor-top-section elementor-element elementor-element-38e1b1a elementor-section-boxed elementor-section-height-default elementor-section-height-default\" data-id=\"38e1b1a\" data-element_type=\"section\">\n\t\t\t\t\t\t<div class=\"elementor-container elementor-column-gap-default\">\n\t\t\t\t\t<div class=\"elementor-column elementor-col-100 elementor-top-column elementor-element elementor-element-c81e6f9\" data-id=\"c81e6f9\" data-element_type=\"column\">\n\t\t\t<div class=\"elementor-widget-wrap elementor-element-populated\">\n\t\t\t\t\t\t<div class=\"elementor-element elementor-element-ccc9338 elementor-widget elementor-widget-image\" data-id=\"ccc9338\" data-element_type=\"widget\" data-widget_type=\"image.default\">\n\t\t\t\t<div class=\"elementor-widget-container\">\n\t\t\t\t\t\t\t\t\t\t\t\t\t\t\t<img fetchpriority=\"high\" decoding=\"async\" width=\"696\" height=\"353\" src=\"https:\/\/pc.sc.gov.br\/\/wp-content\/uploads\/2024\/02\/WhatsApp-Image-2024-02-27-at-10.38.58-1024x520.jpeg\" class=\"attachment-large size-large wp-image-17831\" alt=\"\" srcset=\"https:\/\/pc.sc.gov.br\/\/wp-content\/uploads\/2024\/02\/WhatsApp-Image-2024-02-27-at-10.38.58-1024x520.jpeg 1024w, https:\/\/pc.sc.gov.br\/\/wp-content\/uploads\/2024\/02\/WhatsApp-Image-2024-02-27-at-10.38.58-300x152.jpeg 300w, https:\/\/pc.sc.gov.br\/\/wp-content\/uploads\/2024\/02\/WhatsApp-Image-2024-02-27-at-10.38.58-768x390.jpeg 768w, https:\/\/pc.sc.gov.br\/\/wp-content\/uploads\/2024\/02\/WhatsApp-Image-2024-02-27-at-10.38.58.jpeg 1280w\" sizes=\"(max-width: 696px) 100vw, 696px\" \/>\t\t\t\t\t\t\t\t\t\t\t\t\t\t\t<\/div>\n\t\t\t\t<\/div>\n\t\t\t\t\t<\/div>\n\t\t<\/div>\n\t\t\t\t\t<\/div>\n\t\t<\/section>\n\t\t\t\t<section class=\"elementor-section elementor-top-section elementor-element elementor-element-bfa0137 elementor-section-boxed elementor-section-height-default elementor-section-height-default\" data-id=\"bfa0137\" data-element_type=\"section\">\n\t\t\t\t\t\t<div class=\"elementor-container elementor-column-gap-default\">\n\t\t\t\t\t<div class=\"elementor-column elementor-col-100 elementor-top-column elementor-element elementor-element-cfd60dc\" data-id=\"cfd60dc\" data-element_type=\"column\">\n\t\t\t<div class=\"elementor-widget-wrap elementor-element-populated\">\n\t\t\t\t\t\t<div class=\"elementor-element elementor-element-af0181b elementor-widget elementor-widget-text-editor\" data-id=\"af0181b\" data-element_type=\"widget\" data-widget_type=\"text-editor.default\">\n\t\t\t\t<div class=\"elementor-widget-container\">\n\t\t\t\t\t\t\t\t\t<p>Nesta ter\u00e7a-feira (27), a Pol\u00edcia Civil de Santa Catarina, por meio da Delegacia de Pol\u00edcia de Sombrio, empreendeu dilig\u00eancias a fim de cumprir ordem judicial de buscas, decorrentes de investiga\u00e7\u00e3o da opera\u00e7\u00e3o \u201cRescaldo\u201d. Na a\u00e7\u00e3o, foram apreendidas 2 armas de fogo, muni\u00e7\u00e3o, drogas (cerca de 320g de maconha, 52g de coca\u00edna e 6 comprimidos de ecstasy) e outros (balan\u00e7a de precis\u00e3o, celulares etc).<\/p><p>A a\u00e7\u00e3o contou tamb\u00e9m contou com a participa\u00e7\u00e3o da Pol\u00edcia Civil (Divis\u00e3o de Investiga\u00e7\u00e3o Criminal, Balne\u00e1rio Gaivota, Turvo, Santa Rosa, 1a DP, Balne\u00e1rio Arroio do Silva e DPCAMI), al\u00e9m da Pol\u00edcia Militar (PPT e Canil). Dois suspeitos foram presos, com a lavratura dos respectivos autos de pris\u00e3o em flagrante, por posse ilegal de arma de fogo e tr\u00e1fico de drogas.<\/p><p>O nome da opera\u00e7\u00e3o se deu em alus\u00e3o ao frequente combate do tr\u00e1fico de drogas por esta Delegacia de Pol\u00edcia, sendo que a principal lideran\u00e7a morreu em confronto (11.02.24) com policiais civis. Desta forma, a fim de manter de forma cont\u00ednua o combate \u00e0 criminalidade organizada e &#8220;apagar as cinzas remanescentes do inc\u00eandio&#8221;, deflagrou-se esta opera\u00e7\u00e3o.<\/p>\t\t\t\t\t\t\t\t<\/div>\n\t\t\t\t<\/div>\n\t\t\t\t\t<\/div>\n\t\t<\/div>\n\t\t\t\t\t<\/div>\n\t\t<\/section>\n\t\t\t\t<\/div>\n\t\t","protected":false},"excerpt":{"rendered":"<p>Pol\u00edcia Civil deflagra opera\u00e7\u00e3o \u201cRescaldo\u201d e prende duas pessoas em flagrante por posse ilegal de arma de fogo e tr\u00e1fico de drogas Nesta ter\u00e7a-feira (27), a Pol\u00edcia Civil de Santa Catarina, por meio da Delegacia de Pol\u00edcia de Sombrio, empreendeu dilig\u00eancias a fim de cumprir ordem judicial de buscas, decorrentes de investiga\u00e7\u00e3o da opera\u00e7\u00e3o \u201cRescaldo\u201d. [&hellip;]<\/p>\n","protected":false},"author":5,"featured_media":17831,"comment_status":"closed","ping_status":"open","sticky":false,"template":"","format":"standard","meta":{"_monsterinsights_skip_tracking":false,"_monsterinsights_sitenote_active":false,"_monsterinsights_sitenote_note":"","_monsterinsights_sitenote_category":0,"footnotes":""},"categories":[1],"tags":[],"class_list":["post-17830","post","type-post","status-publish","format-standard","has-post-thumbnail","hentry","category-sem-categoria"],"_links":{"self":[{"href":"https:\/\/pc.sc.gov.br\/index.php?rest_route=\/wp\/v2\/posts\/17830","targetHints":{"allow":["GET"]}}],"collection":[{"href":"https:\/\/pc.sc.gov.br\/index.php?rest_route=\/wp\/v2\/posts"}],"about":[{"href":"https:\/\/pc.sc.gov.br\/index.php?rest_route=\/wp\/v2\/types\/post"}],"author":[{"embeddable":true,"href":"https:\/\/pc.sc.gov.br\/index.php?rest_route=\/wp\/v2\/users\/5"}],"replies":[{"embeddable":true,"href":"https:\/\/pc.sc.gov.br\/index.php?rest_route=%2Fwp%2Fv2%2Fcomments&post=17830"}],"version-history":[{"count":4,"href":"https:\/\/pc.sc.gov.br\/index.php?rest_route=\/wp\/v2\/posts\/17830\/revisions"}],"predecessor-version":[{"id":17835,"href":"https:\/\/pc.sc.gov.br\/index.php?rest_route=\/wp\/v2\/posts\/17830\/revisions\/17835"}],"wp:featuredmedia":[{"embeddable":true,"href":"https:\/\/pc.sc.gov.br\/index.php?rest_route=\/wp\/v2\/media\/17831"}],"wp:attachment":[{"href":"https:\/\/pc.sc.gov.br\/index.php?rest_route=%2Fwp%2Fv2%2Fmedia&parent=17830"}],"wp:term":[{"taxonomy":"category","embeddable":true,"href":"https:\/\/pc.sc.gov.br\/index.php?rest_route=%2Fwp%2Fv2%2Fcategories&post=17830"},{"taxonomy":"post_tag","embeddable":true,"href":"https:\/\/pc.sc.gov.br\/index.php?rest_route=%2Fwp%2Fv2%2Ftags&post=17830"}],"curies":[{"name":"wp","href":"https:\/\/api.w.org\/{rel}","templated":true}]}}