{"id":1784,"date":"2022-12-06T08:06:00","date_gmt":"2022-12-06T11:06:00","guid":{"rendered":"https:\/\/pc.sc.gov.br\/?p=1784"},"modified":"2022-12-14T08:54:08","modified_gmt":"2022-12-14T11:54:08","slug":"policia-civil-deflagra-2a-fase-de-operacao-que-apura-furto-de-carga-de-azeite-de-oliva-em-itajai","status":"publish","type":"post","link":"https:\/\/pc.sc.gov.br\/?p=1784","title":{"rendered":"Pol\u00edcia Civil deflagra 2\u00aa fase de opera\u00e7\u00e3o que apura furto de carga de azeite de oliva em Itaja\u00ed"},"content":{"rendered":"\t\t<div data-elementor-type=\"wp-post\" data-elementor-id=\"1784\" class=\"elementor elementor-1784\" data-elementor-post-type=\"post\">\n\t\t\t\t\t\t<section class=\"elementor-section elementor-top-section elementor-element elementor-element-fc9f32f elementor-section-boxed elementor-section-height-default elementor-section-height-default\" data-id=\"fc9f32f\" data-element_type=\"section\">\n\t\t\t\t\t\t<div class=\"elementor-container elementor-column-gap-default\">\n\t\t\t\t\t<div class=\"elementor-column elementor-col-100 elementor-top-column elementor-element elementor-element-2181c14\" data-id=\"2181c14\" data-element_type=\"column\">\n\t\t\t<div class=\"elementor-widget-wrap elementor-element-populated\">\n\t\t\t\t\t\t<div class=\"elementor-element elementor-element-239b417 elementor-widget elementor-widget-heading\" data-id=\"239b417\" data-element_type=\"widget\" data-widget_type=\"heading.default\">\n\t\t\t\t<div class=\"elementor-widget-container\">\n\t\t\t\t\t<h2 class=\"elementor-heading-title elementor-size-default\">Pol\u00edcia Civil deflagra 2\u00aa fase de opera\u00e7\u00e3o que apura furto de carga de azeite de oliva em Itaja\u00ed<\/h2>\t\t\t\t<\/div>\n\t\t\t\t<\/div>\n\t\t\t\t\t<\/div>\n\t\t<\/div>\n\t\t\t\t\t<\/div>\n\t\t<\/section>\n\t\t\t\t<section class=\"elementor-section elementor-top-section elementor-element elementor-element-682e019 elementor-section-boxed elementor-section-height-default elementor-section-height-default\" data-id=\"682e019\" data-element_type=\"section\">\n\t\t\t\t\t\t<div class=\"elementor-container elementor-column-gap-default\">\n\t\t\t\t\t<div class=\"elementor-column elementor-col-100 elementor-top-column elementor-element elementor-element-5ee6de6\" data-id=\"5ee6de6\" data-element_type=\"column\">\n\t\t\t<div class=\"elementor-widget-wrap elementor-element-populated\">\n\t\t\t\t\t\t<div class=\"elementor-element elementor-element-bff0d8b elementor-widget elementor-widget-image\" data-id=\"bff0d8b\" data-element_type=\"widget\" data-widget_type=\"image.default\">\n\t\t\t\t<div class=\"elementor-widget-container\">\n\t\t\t\t\t\t\t\t\t\t\t\t\t\t\t<img fetchpriority=\"high\" decoding=\"async\" width=\"696\" height=\"581\" src=\"https:\/\/pc.sc.gov.br\/\/wp-content\/uploads\/2022\/12\/03-1-1024x855.jpg\" class=\"attachment-large size-large wp-image-1767\" alt=\"\" srcset=\"https:\/\/pc.sc.gov.br\/\/wp-content\/uploads\/2022\/12\/03-1-1024x855.jpg 1024w, https:\/\/pc.sc.gov.br\/\/wp-content\/uploads\/2022\/12\/03-1-300x251.jpg 300w, https:\/\/pc.sc.gov.br\/\/wp-content\/uploads\/2022\/12\/03-1-768x641.jpg 768w, https:\/\/pc.sc.gov.br\/\/wp-content\/uploads\/2022\/12\/03-1.jpg 1104w\" sizes=\"(max-width: 696px) 100vw, 696px\" \/>\t\t\t\t\t\t\t\t\t\t\t\t\t\t\t<\/div>\n\t\t\t\t<\/div>\n\t\t\t\t<div class=\"elementor-element elementor-element-776b73e elementor-widget elementor-widget-text-editor\" data-id=\"776b73e\" data-element_type=\"widget\" data-widget_type=\"text-editor.default\">\n\t\t\t\t<div class=\"elementor-widget-container\">\n\t\t\t\t\t\t\t\t\t<p>A Pol\u00edcia Civil de Santa Catarina, por meio da Delegacia de Furtos e Roubos de Carga da Diretoria Estadual de Investiga\u00e7\u00f5es Criminais (DFRC\/DEIC), deflagrou a 2\u00aa fase da opera\u00e7\u00e3o \u201cOliva\u201d, em Itaja\u00ed. No total, foram cumpridos quatro mandados de busca e apreens\u00e3o em resid\u00eancias e empresas de investigados por envolvimento no furto de carga de azeite de oliva, ocorrido em Itaja\u00ed em junho deste ano.<\/p><p>Ap\u00f3s tomar conhecimento do furto da carga de azeite, os policiais civis iniciaram as investiga\u00e7\u00f5es e identificaram indiv\u00edduos suspeitos de participarem da a\u00e7\u00e3o delituosa. Durante a busca foram apreendidos objetos e documentos que ser\u00e3o submetidos \u00e0 an\u00e1lise pela Pol\u00edcia Civil.<\/p><p>A a\u00e7\u00e3o contou com apoio de outras delegacias especializadas da DEIC. Den\u00fancias e informa\u00e7\u00f5es relacionadas a Roubo de Cargas podem ser enviadas para o e-mail <a href=\"mailto:deic-dfrc@pc.sc.gov.br\">deic-dfrc@pc.sc.gov.br<\/a> ou para o Disque Den\u00fancia 181, sendo garantido o anonimato.<\/p>\t\t\t\t\t\t\t\t<\/div>\n\t\t\t\t<\/div>\n\t\t\t\t\t<\/div>\n\t\t<\/div>\n\t\t\t\t\t<\/div>\n\t\t<\/section>\n\t\t\t\t<\/div>\n\t\t","protected":false},"excerpt":{"rendered":"<p>Pol\u00edcia Civil deflagra 2\u00aa fase de opera\u00e7\u00e3o que apura furto de carga de azeite de oliva em Itaja\u00ed A Pol\u00edcia Civil de Santa Catarina, por meio da Delegacia de Furtos e Roubos de Carga da Diretoria Estadual de Investiga\u00e7\u00f5es Criminais (DFRC\/DEIC), deflagrou a 2\u00aa fase da opera\u00e7\u00e3o \u201cOliva\u201d, em Itaja\u00ed. No total, foram cumpridos quatro [&hellip;]<\/p>\n","protected":false},"author":2,"featured_media":1767,"comment_status":"closed","ping_status":"open","sticky":false,"template":"elementor_header_footer","format":"standard","meta":{"_monsterinsights_skip_tracking":false,"_monsterinsights_sitenote_active":false,"_monsterinsights_sitenote_note":"","_monsterinsights_sitenote_category":0,"footnotes":""},"categories":[1],"tags":[],"class_list":["post-1784","post","type-post","status-publish","format-standard","has-post-thumbnail","hentry","category-sem-categoria"],"_links":{"self":[{"href":"https:\/\/pc.sc.gov.br\/index.php?rest_route=\/wp\/v2\/posts\/1784","targetHints":{"allow":["GET"]}}],"collection":[{"href":"https:\/\/pc.sc.gov.br\/index.php?rest_route=\/wp\/v2\/posts"}],"about":[{"href":"https:\/\/pc.sc.gov.br\/index.php?rest_route=\/wp\/v2\/types\/post"}],"author":[{"embeddable":true,"href":"https:\/\/pc.sc.gov.br\/index.php?rest_route=\/wp\/v2\/users\/2"}],"replies":[{"embeddable":true,"href":"https:\/\/pc.sc.gov.br\/index.php?rest_route=%2Fwp%2Fv2%2Fcomments&post=1784"}],"version-history":[{"count":4,"href":"https:\/\/pc.sc.gov.br\/index.php?rest_route=\/wp\/v2\/posts\/1784\/revisions"}],"predecessor-version":[{"id":1789,"href":"https:\/\/pc.sc.gov.br\/index.php?rest_route=\/wp\/v2\/posts\/1784\/revisions\/1789"}],"wp:featuredmedia":[{"embeddable":true,"href":"https:\/\/pc.sc.gov.br\/index.php?rest_route=\/wp\/v2\/media\/1767"}],"wp:attachment":[{"href":"https:\/\/pc.sc.gov.br\/index.php?rest_route=%2Fwp%2Fv2%2Fmedia&parent=1784"}],"wp:term":[{"taxonomy":"category","embeddable":true,"href":"https:\/\/pc.sc.gov.br\/index.php?rest_route=%2Fwp%2Fv2%2Fcategories&post=1784"},{"taxonomy":"post_tag","embeddable":true,"href":"https:\/\/pc.sc.gov.br\/index.php?rest_route=%2Fwp%2Fv2%2Ftags&post=1784"}],"curies":[{"name":"wp","href":"https:\/\/api.w.org\/{rel}","templated":true}]}}