{"id":17843,"date":"2024-02-27T17:24:13","date_gmt":"2024-02-27T20:24:13","guid":{"rendered":"https:\/\/pc.sc.gov.br\/?p=17843"},"modified":"2024-02-27T17:25:44","modified_gmt":"2024-02-27T20:25:44","slug":"dic-de-itajai-apreende-arma-de-fogo-furtada-em-rio-do-sul","status":"publish","type":"post","link":"https:\/\/pc.sc.gov.br\/?p=17843","title":{"rendered":"DIC de Itaja\u00ed apreende arma de fogo furtada em Rio do Sul"},"content":{"rendered":"\t\t<div data-elementor-type=\"wp-post\" data-elementor-id=\"17843\" class=\"elementor elementor-17843\" data-elementor-post-type=\"post\">\n\t\t\t\t\t\t<section class=\"elementor-section elementor-top-section elementor-element elementor-element-b813356 elementor-section-boxed elementor-section-height-default elementor-section-height-default\" data-id=\"b813356\" data-element_type=\"section\">\n\t\t\t\t\t\t<div class=\"elementor-container elementor-column-gap-default\">\n\t\t\t\t\t<div class=\"elementor-column elementor-col-100 elementor-top-column elementor-element elementor-element-ce4c859\" data-id=\"ce4c859\" data-element_type=\"column\">\n\t\t\t<div class=\"elementor-widget-wrap elementor-element-populated\">\n\t\t\t\t\t\t<div class=\"elementor-element elementor-element-dfce324 elementor-widget elementor-widget-heading\" data-id=\"dfce324\" data-element_type=\"widget\" data-widget_type=\"heading.default\">\n\t\t\t\t<div class=\"elementor-widget-container\">\n\t\t\t\t\t<h2 class=\"elementor-heading-title elementor-size-default\">DIC de Itaja\u00ed apreende arma de fogo furtada em Rio do Sul<\/h2>\t\t\t\t<\/div>\n\t\t\t\t<\/div>\n\t\t\t\t\t<\/div>\n\t\t<\/div>\n\t\t\t\t\t<\/div>\n\t\t<\/section>\n\t\t\t\t<section class=\"elementor-section elementor-top-section elementor-element elementor-element-9d16760 elementor-section-boxed elementor-section-height-default elementor-section-height-default\" data-id=\"9d16760\" data-element_type=\"section\">\n\t\t\t\t\t\t<div class=\"elementor-container elementor-column-gap-default\">\n\t\t\t\t\t<div class=\"elementor-column elementor-col-100 elementor-top-column elementor-element elementor-element-395d51c\" data-id=\"395d51c\" data-element_type=\"column\">\n\t\t\t<div class=\"elementor-widget-wrap elementor-element-populated\">\n\t\t\t\t\t\t<div class=\"elementor-element elementor-element-7df5697 elementor-widget elementor-widget-image\" data-id=\"7df5697\" data-element_type=\"widget\" data-widget_type=\"image.default\">\n\t\t\t\t<div class=\"elementor-widget-container\">\n\t\t\t\t\t\t\t\t\t\t\t\t\t\t\t<img fetchpriority=\"high\" decoding=\"async\" width=\"696\" height=\"743\" src=\"https:\/\/pc.sc.gov.br\/\/wp-content\/uploads\/2024\/02\/fe2dd8cc-df58-4c7e-8603-f962dae1532d-fotor-20240227171423-959x1024.jpg\" class=\"attachment-large size-large wp-image-17845\" alt=\"\" srcset=\"https:\/\/pc.sc.gov.br\/\/wp-content\/uploads\/2024\/02\/fe2dd8cc-df58-4c7e-8603-f962dae1532d-fotor-20240227171423-959x1024.jpg 959w, https:\/\/pc.sc.gov.br\/\/wp-content\/uploads\/2024\/02\/fe2dd8cc-df58-4c7e-8603-f962dae1532d-fotor-20240227171423-281x300.jpg 281w, https:\/\/pc.sc.gov.br\/\/wp-content\/uploads\/2024\/02\/fe2dd8cc-df58-4c7e-8603-f962dae1532d-fotor-20240227171423-768x820.jpg 768w, https:\/\/pc.sc.gov.br\/\/wp-content\/uploads\/2024\/02\/fe2dd8cc-df58-4c7e-8603-f962dae1532d-fotor-20240227171423-1438x1536.jpg 1438w, https:\/\/pc.sc.gov.br\/\/wp-content\/uploads\/2024\/02\/fe2dd8cc-df58-4c7e-8603-f962dae1532d-fotor-20240227171423-1917x2048.jpg 1917w\" sizes=\"(max-width: 696px) 100vw, 696px\" \/>\t\t\t\t\t\t\t\t\t\t\t\t\t\t\t<\/div>\n\t\t\t\t<\/div>\n\t\t\t\t\t<\/div>\n\t\t<\/div>\n\t\t\t\t\t<\/div>\n\t\t<\/section>\n\t\t\t\t<section class=\"elementor-section elementor-top-section elementor-element elementor-element-31476e5 elementor-section-boxed elementor-section-height-default elementor-section-height-default\" data-id=\"31476e5\" data-element_type=\"section\">\n\t\t\t\t\t\t<div class=\"elementor-container elementor-column-gap-default\">\n\t\t\t\t\t<div class=\"elementor-column elementor-col-100 elementor-top-column elementor-element elementor-element-dffd7aa\" data-id=\"dffd7aa\" data-element_type=\"column\">\n\t\t\t<div class=\"elementor-widget-wrap elementor-element-populated\">\n\t\t\t\t\t\t<div class=\"elementor-element elementor-element-7e8815b elementor-widget elementor-widget-text-editor\" data-id=\"7e8815b\" data-element_type=\"widget\" data-widget_type=\"text-editor.default\">\n\t\t\t\t<div class=\"elementor-widget-container\">\n\t\t\t\t\t\t\t\t\t<p>A Pol\u00edcia Civil de Santa Catarina, por meio da Divis\u00e3o de Investiga\u00e7\u00e3o Criminal (DIC) de Itaja\u00ed recebeu na segunda-feira (26) a den\u00fancia de que haveria armas de fogo irregulares em uma resid\u00eancia no bairro Machado, munic\u00edpio de Navegantes.<\/p><p>Em dilig\u00eancias na casa, foi localizado um rev\u00f3lver calibre .44 e muni\u00e7\u00f5es em um quarto alugado para terceiros. Verificou-se que o rev\u00f3lver foi objeto de furto em uma resid\u00eancia na cidade de Rio do Sul no ano de 2019.\u00a0\u00a0<\/p><p>O propriet\u00e1rio do im\u00f3vel prestou depoimento e foi liberado. O locador do quarto, possuidor da arma irregular, n\u00e3o se encontrava no local. Foi instaurado Inqu\u00e9rito Policial para apura\u00e7\u00e3o dos crimes de posse ilegal de arma de fogo de uso restrito e recepta\u00e7\u00e3o. O procedimento ser\u00e1 finalizado em at\u00e9 30 dias.<\/p>\t\t\t\t\t\t\t\t<\/div>\n\t\t\t\t<\/div>\n\t\t\t\t\t<\/div>\n\t\t<\/div>\n\t\t\t\t\t<\/div>\n\t\t<\/section>\n\t\t\t\t<\/div>\n\t\t","protected":false},"excerpt":{"rendered":"<p>DIC de Itaja\u00ed apreende arma de fogo furtada em Rio do Sul A Pol\u00edcia Civil de Santa Catarina, por meio da Divis\u00e3o de Investiga\u00e7\u00e3o Criminal (DIC) de Itaja\u00ed recebeu na segunda-feira (26) a den\u00fancia de que haveria armas de fogo irregulares em uma resid\u00eancia no bairro Machado, munic\u00edpio de Navegantes. Em dilig\u00eancias na casa, foi [&hellip;]<\/p>\n","protected":false},"author":5,"featured_media":17845,"comment_status":"closed","ping_status":"open","sticky":false,"template":"","format":"standard","meta":{"_monsterinsights_skip_tracking":false,"_monsterinsights_sitenote_active":false,"_monsterinsights_sitenote_note":"","_monsterinsights_sitenote_category":0,"footnotes":""},"categories":[1],"tags":[],"class_list":["post-17843","post","type-post","status-publish","format-standard","has-post-thumbnail","hentry","category-sem-categoria"],"_links":{"self":[{"href":"https:\/\/pc.sc.gov.br\/index.php?rest_route=\/wp\/v2\/posts\/17843","targetHints":{"allow":["GET"]}}],"collection":[{"href":"https:\/\/pc.sc.gov.br\/index.php?rest_route=\/wp\/v2\/posts"}],"about":[{"href":"https:\/\/pc.sc.gov.br\/index.php?rest_route=\/wp\/v2\/types\/post"}],"author":[{"embeddable":true,"href":"https:\/\/pc.sc.gov.br\/index.php?rest_route=\/wp\/v2\/users\/5"}],"replies":[{"embeddable":true,"href":"https:\/\/pc.sc.gov.br\/index.php?rest_route=%2Fwp%2Fv2%2Fcomments&post=17843"}],"version-history":[{"count":3,"href":"https:\/\/pc.sc.gov.br\/index.php?rest_route=\/wp\/v2\/posts\/17843\/revisions"}],"predecessor-version":[{"id":17851,"href":"https:\/\/pc.sc.gov.br\/index.php?rest_route=\/wp\/v2\/posts\/17843\/revisions\/17851"}],"wp:featuredmedia":[{"embeddable":true,"href":"https:\/\/pc.sc.gov.br\/index.php?rest_route=\/wp\/v2\/media\/17845"}],"wp:attachment":[{"href":"https:\/\/pc.sc.gov.br\/index.php?rest_route=%2Fwp%2Fv2%2Fmedia&parent=17843"}],"wp:term":[{"taxonomy":"category","embeddable":true,"href":"https:\/\/pc.sc.gov.br\/index.php?rest_route=%2Fwp%2Fv2%2Fcategories&post=17843"},{"taxonomy":"post_tag","embeddable":true,"href":"https:\/\/pc.sc.gov.br\/index.php?rest_route=%2Fwp%2Fv2%2Ftags&post=17843"}],"curies":[{"name":"wp","href":"https:\/\/api.w.org\/{rel}","templated":true}]}}