{"id":17918,"date":"2024-02-29T17:21:38","date_gmt":"2024-02-29T20:21:38","guid":{"rendered":"https:\/\/pc.sc.gov.br\/?p=17918"},"modified":"2024-02-29T17:29:23","modified_gmt":"2024-02-29T20:29:23","slug":"delegacia-de-homicidios-recebe-distincao-da-alesc","status":"publish","type":"post","link":"https:\/\/pc.sc.gov.br\/?p=17918","title":{"rendered":"ALESC parabeniza Delegacia de Homic\u00eddios da Capital"},"content":{"rendered":"\t\t<div data-elementor-type=\"wp-post\" data-elementor-id=\"17918\" class=\"elementor elementor-17918\" data-elementor-post-type=\"post\">\n\t\t\t\t\t\t<section class=\"elementor-section elementor-top-section elementor-element elementor-element-94494e4 elementor-section-boxed elementor-section-height-default elementor-section-height-default\" data-id=\"94494e4\" data-element_type=\"section\">\n\t\t\t\t\t\t<div class=\"elementor-container elementor-column-gap-default\">\n\t\t\t\t\t<div class=\"elementor-column elementor-col-100 elementor-top-column elementor-element elementor-element-7d9393a\" data-id=\"7d9393a\" data-element_type=\"column\">\n\t\t\t<div class=\"elementor-widget-wrap elementor-element-populated\">\n\t\t\t\t\t\t<div class=\"elementor-element elementor-element-d7505e5 elementor-widget elementor-widget-heading\" data-id=\"d7505e5\" data-element_type=\"widget\" data-widget_type=\"heading.default\">\n\t\t\t\t<div class=\"elementor-widget-container\">\n\t\t\t\t\t<h2 class=\"elementor-heading-title elementor-size-default\">Alesc parabeniza delegacia de homic\u00eddios da capital<\/h2>\t\t\t\t<\/div>\n\t\t\t\t<\/div>\n\t\t\t\t\t<\/div>\n\t\t<\/div>\n\t\t\t\t\t<\/div>\n\t\t<\/section>\n\t\t\t\t<section class=\"elementor-section elementor-top-section elementor-element elementor-element-bd4a3de elementor-section-boxed elementor-section-height-default elementor-section-height-default\" data-id=\"bd4a3de\" data-element_type=\"section\">\n\t\t\t\t\t\t<div class=\"elementor-container elementor-column-gap-default\">\n\t\t\t\t\t<div class=\"elementor-column elementor-col-100 elementor-top-column elementor-element elementor-element-78c71cb\" data-id=\"78c71cb\" data-element_type=\"column\">\n\t\t\t<div class=\"elementor-widget-wrap elementor-element-populated\">\n\t\t\t\t\t\t<div class=\"elementor-element elementor-element-0d674d7 elementor-widget elementor-widget-image\" data-id=\"0d674d7\" data-element_type=\"widget\" data-widget_type=\"image.default\">\n\t\t\t\t<div class=\"elementor-widget-container\">\n\t\t\t\t\t\t\t\t\t\t\t\t\t\t\t<img fetchpriority=\"high\" decoding=\"async\" width=\"696\" height=\"498\" src=\"https:\/\/pc.sc.gov.br\/\/wp-content\/uploads\/2024\/02\/9bd0cee3-231c-4502-8870-80bd1a18d987-fotor-2024013015836.jpg\" class=\"attachment-large size-large wp-image-17919\" alt=\"\" srcset=\"https:\/\/pc.sc.gov.br\/\/wp-content\/uploads\/2024\/02\/9bd0cee3-231c-4502-8870-80bd1a18d987-fotor-2024013015836.jpg 881w, https:\/\/pc.sc.gov.br\/\/wp-content\/uploads\/2024\/02\/9bd0cee3-231c-4502-8870-80bd1a18d987-fotor-2024013015836-300x215.jpg 300w, https:\/\/pc.sc.gov.br\/\/wp-content\/uploads\/2024\/02\/9bd0cee3-231c-4502-8870-80bd1a18d987-fotor-2024013015836-768x549.jpg 768w\" sizes=\"(max-width: 696px) 100vw, 696px\" \/>\t\t\t\t\t\t\t\t\t\t\t\t\t\t\t<\/div>\n\t\t\t\t<\/div>\n\t\t\t\t\t<\/div>\n\t\t<\/div>\n\t\t\t\t\t<\/div>\n\t\t<\/section>\n\t\t\t\t<section class=\"elementor-section elementor-top-section elementor-element elementor-element-b343830 elementor-section-boxed elementor-section-height-default elementor-section-height-default\" data-id=\"b343830\" data-element_type=\"section\">\n\t\t\t\t\t\t<div class=\"elementor-container elementor-column-gap-default\">\n\t\t\t\t\t<div class=\"elementor-column elementor-col-100 elementor-top-column elementor-element elementor-element-bacde89\" data-id=\"bacde89\" data-element_type=\"column\">\n\t\t\t<div class=\"elementor-widget-wrap elementor-element-populated\">\n\t\t\t\t\t\t<div class=\"elementor-element elementor-element-38710bd elementor-widget elementor-widget-text-editor\" data-id=\"38710bd\" data-element_type=\"widget\" data-widget_type=\"text-editor.default\">\n\t\t\t\t<div class=\"elementor-widget-container\">\n\t\t\t\t\t\t\t\t\t<p>A Assembleia Legislativa do Estado de Santa Catarina, acolhendo proposi\u00e7\u00e3o do Deputado Maur\u00edcio Eskudlark, parabeniza os Policiais Civis que integraram e integram a Delegacia de Homic\u00eddios (DH) pelo trabalho de excel\u00eancia, colocando Santa Catarina dentre as pol\u00edcias mais eficientes do Brasil.\u00a0<\/p>\t\t\t\t\t\t\t\t<\/div>\n\t\t\t\t<\/div>\n\t\t\t\t\t<\/div>\n\t\t<\/div>\n\t\t\t\t\t<\/div>\n\t\t<\/section>\n\t\t\t\t<\/div>\n\t\t","protected":false},"excerpt":{"rendered":"<p>Alesc parabeniza delegacia de homic\u00eddios da capital A Assembleia Legislativa do Estado de Santa Catarina, acolhendo proposi\u00e7\u00e3o do Deputado Maur\u00edcio Eskudlark, parabeniza os Policiais Civis que integraram e integram a Delegacia de Homic\u00eddios (DH) pelo trabalho de excel\u00eancia, colocando Santa Catarina dentre as pol\u00edcias mais eficientes do Brasil.\u00a0<\/p>\n","protected":false},"author":5,"featured_media":17919,"comment_status":"closed","ping_status":"open","sticky":false,"template":"","format":"standard","meta":{"_monsterinsights_skip_tracking":false,"_monsterinsights_sitenote_active":false,"_monsterinsights_sitenote_note":"","_monsterinsights_sitenote_category":0,"footnotes":""},"categories":[1],"tags":[],"class_list":["post-17918","post","type-post","status-publish","format-standard","has-post-thumbnail","hentry","category-sem-categoria"],"_links":{"self":[{"href":"https:\/\/pc.sc.gov.br\/index.php?rest_route=\/wp\/v2\/posts\/17918","targetHints":{"allow":["GET"]}}],"collection":[{"href":"https:\/\/pc.sc.gov.br\/index.php?rest_route=\/wp\/v2\/posts"}],"about":[{"href":"https:\/\/pc.sc.gov.br\/index.php?rest_route=\/wp\/v2\/types\/post"}],"author":[{"embeddable":true,"href":"https:\/\/pc.sc.gov.br\/index.php?rest_route=\/wp\/v2\/users\/5"}],"replies":[{"embeddable":true,"href":"https:\/\/pc.sc.gov.br\/index.php?rest_route=%2Fwp%2Fv2%2Fcomments&post=17918"}],"version-history":[{"count":8,"href":"https:\/\/pc.sc.gov.br\/index.php?rest_route=\/wp\/v2\/posts\/17918\/revisions"}],"predecessor-version":[{"id":17930,"href":"https:\/\/pc.sc.gov.br\/index.php?rest_route=\/wp\/v2\/posts\/17918\/revisions\/17930"}],"wp:featuredmedia":[{"embeddable":true,"href":"https:\/\/pc.sc.gov.br\/index.php?rest_route=\/wp\/v2\/media\/17919"}],"wp:attachment":[{"href":"https:\/\/pc.sc.gov.br\/index.php?rest_route=%2Fwp%2Fv2%2Fmedia&parent=17918"}],"wp:term":[{"taxonomy":"category","embeddable":true,"href":"https:\/\/pc.sc.gov.br\/index.php?rest_route=%2Fwp%2Fv2%2Fcategories&post=17918"},{"taxonomy":"post_tag","embeddable":true,"href":"https:\/\/pc.sc.gov.br\/index.php?rest_route=%2Fwp%2Fv2%2Ftags&post=17918"}],"curies":[{"name":"wp","href":"https:\/\/api.w.org\/{rel}","templated":true}]}}