{"id":17937,"date":"2024-02-29T18:25:26","date_gmt":"2024-02-29T21:25:26","guid":{"rendered":"https:\/\/pc.sc.gov.br\/?p=17937"},"modified":"2024-02-29T18:33:40","modified_gmt":"2024-02-29T21:33:40","slug":"policia-civil-estoura-deposito-de-drogas-de-organizacao-criminosa-e-realiza-a-maior-apreensao-de-crack-ja-registrada-em-laguna","status":"publish","type":"post","link":"https:\/\/pc.sc.gov.br\/?p=17937","title":{"rendered":"Pol\u00edcia Civil estoura dep\u00f3sito de drogas de organiza\u00e7\u00e3o criminosa e realiza a maior apreens\u00e3o de crack j\u00e1 registrada em Laguna"},"content":{"rendered":"\t\t<div data-elementor-type=\"wp-post\" data-elementor-id=\"17937\" class=\"elementor elementor-17937\" data-elementor-post-type=\"post\">\n\t\t\t\t\t\t<section class=\"elementor-section elementor-top-section elementor-element elementor-element-5fe5663 elementor-section-boxed elementor-section-height-default elementor-section-height-default\" data-id=\"5fe5663\" data-element_type=\"section\">\n\t\t\t\t\t\t<div class=\"elementor-container elementor-column-gap-default\">\n\t\t\t\t\t<div class=\"elementor-column elementor-col-100 elementor-top-column elementor-element elementor-element-a545e82\" data-id=\"a545e82\" data-element_type=\"column\">\n\t\t\t<div class=\"elementor-widget-wrap elementor-element-populated\">\n\t\t\t\t\t\t<div class=\"elementor-element elementor-element-e300671 elementor-widget elementor-widget-heading\" data-id=\"e300671\" data-element_type=\"widget\" data-widget_type=\"heading.default\">\n\t\t\t\t<div class=\"elementor-widget-container\">\n\t\t\t\t\t<h2 class=\"elementor-heading-title elementor-size-default\">Pol\u00edcia Civil estoura dep\u00f3sito de drogas de organiza\u00e7\u00e3o criminosa e realiza a maior apreens\u00e3o de crack j\u00e1 registrada em Laguna<\/h2>\t\t\t\t<\/div>\n\t\t\t\t<\/div>\n\t\t\t\t\t<\/div>\n\t\t<\/div>\n\t\t\t\t\t<\/div>\n\t\t<\/section>\n\t\t\t\t<section class=\"elementor-section elementor-top-section elementor-element elementor-element-1b54e42 elementor-section-boxed elementor-section-height-default elementor-section-height-default\" data-id=\"1b54e42\" data-element_type=\"section\">\n\t\t\t\t\t\t<div class=\"elementor-container elementor-column-gap-default\">\n\t\t\t\t\t<div class=\"elementor-column elementor-col-100 elementor-top-column elementor-element elementor-element-61f4ff2\" data-id=\"61f4ff2\" data-element_type=\"column\">\n\t\t\t<div class=\"elementor-widget-wrap elementor-element-populated\">\n\t\t\t\t\t\t<div class=\"elementor-element elementor-element-3abecca elementor-widget elementor-widget-image\" data-id=\"3abecca\" data-element_type=\"widget\" data-widget_type=\"image.default\">\n\t\t\t\t<div class=\"elementor-widget-container\">\n\t\t\t\t\t\t\t\t\t\t\t\t\t\t\t<img fetchpriority=\"high\" decoding=\"async\" width=\"621\" height=\"1024\" src=\"https:\/\/pc.sc.gov.br\/\/wp-content\/uploads\/2024\/02\/WhatsApp-Image-2024-02-29-at-17.40.36-621x1024.jpeg\" class=\"attachment-large size-large wp-image-17939\" alt=\"\" srcset=\"https:\/\/pc.sc.gov.br\/\/wp-content\/uploads\/2024\/02\/WhatsApp-Image-2024-02-29-at-17.40.36-621x1024.jpeg 621w, https:\/\/pc.sc.gov.br\/\/wp-content\/uploads\/2024\/02\/WhatsApp-Image-2024-02-29-at-17.40.36-182x300.jpeg 182w, https:\/\/pc.sc.gov.br\/\/wp-content\/uploads\/2024\/02\/WhatsApp-Image-2024-02-29-at-17.40.36-768x1267.jpeg 768w, https:\/\/pc.sc.gov.br\/\/wp-content\/uploads\/2024\/02\/WhatsApp-Image-2024-02-29-at-17.40.36.jpeg 776w\" sizes=\"(max-width: 621px) 100vw, 621px\" \/>\t\t\t\t\t\t\t\t\t\t\t\t\t\t\t<\/div>\n\t\t\t\t<\/div>\n\t\t\t\t\t<\/div>\n\t\t<\/div>\n\t\t\t\t\t<\/div>\n\t\t<\/section>\n\t\t\t\t<section class=\"elementor-section elementor-top-section elementor-element elementor-element-524268d elementor-section-boxed elementor-section-height-default elementor-section-height-default\" data-id=\"524268d\" data-element_type=\"section\">\n\t\t\t\t\t\t<div class=\"elementor-container elementor-column-gap-default\">\n\t\t\t\t\t<div class=\"elementor-column elementor-col-100 elementor-top-column elementor-element elementor-element-571d22c\" data-id=\"571d22c\" data-element_type=\"column\">\n\t\t\t<div class=\"elementor-widget-wrap elementor-element-populated\">\n\t\t\t\t\t\t<div class=\"elementor-element elementor-element-d5a3c63 elementor-widget elementor-widget-text-editor\" data-id=\"d5a3c63\" data-element_type=\"widget\" data-widget_type=\"text-editor.default\">\n\t\t\t\t<div class=\"elementor-widget-container\">\n\t\t\t\t\t\t\t\t\t<p>Na quarta-feira (28), a Pol\u00edcia Civil de Santa Catarina, por meio da sua Divis\u00e3o de Investiga\u00e7\u00e3o Criminal, deflagrou opera\u00e7\u00e3o policial no bairro Vila Vit\u00f3ria, em Laguna, e realizou a maior apreens\u00e3o de crack j\u00e1 registrada no munic\u00edpio.<br>De acordo com as apura\u00e7\u00f5es, um indiv\u00edduo vinha escondendo em sua casa grandes por\u00e7\u00f5es de crack, todas pertencentes a uma organiza\u00e7\u00e3o criminosa instalada no bairro e destinadas \u00e0 distribui\u00e7\u00e3o em diversos pontos de venda da cidade.<br>Por essa raz\u00e3o, policiais civis munidos da competente ordem judicial, adentraram no local e encontraram e apreenderam, no interior desse dep\u00f3sito, cerca de 5 kg de crack, embalados em 5 tijolos. Se fracionada fosse, a droga renderia aproximadamente 25.500 pedras de crack, as quais renderiam, no varejo, aproximadamente R$255.000,00 de lucro.<br>Trata-se da maior apreens\u00e3o de crack j\u00e1 registrada no munic\u00edpio de Laguna e um duro golpe no crime organizado da cidade. Dessa opera\u00e7\u00e3o, um homem restou preso em flagrante delito pelo crime de tr\u00e1fico de drogas, sendo-o encaminhado, logo ap\u00f3s, ao Pres\u00eddio de Laguna.&nbsp;<\/p>\t\t\t\t\t\t\t\t<\/div>\n\t\t\t\t<\/div>\n\t\t\t\t\t<\/div>\n\t\t<\/div>\n\t\t\t\t\t<\/div>\n\t\t<\/section>\n\t\t\t\t<section class=\"elementor-section elementor-top-section elementor-element elementor-element-05330c5 elementor-section-boxed elementor-section-height-default elementor-section-height-default\" data-id=\"05330c5\" data-element_type=\"section\">\n\t\t\t\t\t\t<div class=\"elementor-container elementor-column-gap-default\">\n\t\t\t\t\t<div class=\"elementor-column elementor-col-100 elementor-top-column elementor-element elementor-element-a5718ab\" data-id=\"a5718ab\" data-element_type=\"column\">\n\t\t\t<div class=\"elementor-widget-wrap elementor-element-populated\">\n\t\t\t\t\t\t<div class=\"elementor-element elementor-element-e6120ce elementor-widget elementor-widget-image\" data-id=\"e6120ce\" data-element_type=\"widget\" data-widget_type=\"image.default\">\n\t\t\t\t<div class=\"elementor-widget-container\">\n\t\t\t\t\t\t\t\t\t\t\t\t\t\t\t<img decoding=\"async\" width=\"696\" height=\"522\" src=\"https:\/\/pc.sc.gov.br\/\/wp-content\/uploads\/2024\/02\/WhatsApp-Image-2024-02-29-at-17.40.36-1-1024x768.jpeg\" class=\"attachment-large size-large wp-image-17938\" alt=\"\" srcset=\"https:\/\/pc.sc.gov.br\/\/wp-content\/uploads\/2024\/02\/WhatsApp-Image-2024-02-29-at-17.40.36-1-1024x768.jpeg 1024w, https:\/\/pc.sc.gov.br\/\/wp-content\/uploads\/2024\/02\/WhatsApp-Image-2024-02-29-at-17.40.36-1-300x225.jpeg 300w, https:\/\/pc.sc.gov.br\/\/wp-content\/uploads\/2024\/02\/WhatsApp-Image-2024-02-29-at-17.40.36-1-768x576.jpeg 768w, https:\/\/pc.sc.gov.br\/\/wp-content\/uploads\/2024\/02\/WhatsApp-Image-2024-02-29-at-17.40.36-1.jpeg 1280w\" sizes=\"(max-width: 696px) 100vw, 696px\" \/>\t\t\t\t\t\t\t\t\t\t\t\t\t\t\t<\/div>\n\t\t\t\t<\/div>\n\t\t\t\t\t<\/div>\n\t\t<\/div>\n\t\t\t\t\t<\/div>\n\t\t<\/section>\n\t\t\t\t<\/div>\n\t\t","protected":false},"excerpt":{"rendered":"<p>Pol\u00edcia Civil estoura dep\u00f3sito de drogas de organiza\u00e7\u00e3o criminosa e realiza a maior apreens\u00e3o de crack j\u00e1 registrada em Laguna Na quarta-feira (28), a Pol\u00edcia Civil de Santa Catarina, por meio da sua Divis\u00e3o de Investiga\u00e7\u00e3o Criminal, deflagrou opera\u00e7\u00e3o policial no bairro Vila Vit\u00f3ria, em Laguna, e realizou a maior apreens\u00e3o de crack j\u00e1 registrada [&hellip;]<\/p>\n","protected":false},"author":5,"featured_media":17939,"comment_status":"closed","ping_status":"open","sticky":false,"template":"","format":"standard","meta":{"_monsterinsights_skip_tracking":false,"_monsterinsights_sitenote_active":false,"_monsterinsights_sitenote_note":"","_monsterinsights_sitenote_category":0,"footnotes":""},"categories":[1],"tags":[],"class_list":["post-17937","post","type-post","status-publish","format-standard","has-post-thumbnail","hentry","category-sem-categoria"],"_links":{"self":[{"href":"https:\/\/pc.sc.gov.br\/index.php?rest_route=\/wp\/v2\/posts\/17937","targetHints":{"allow":["GET"]}}],"collection":[{"href":"https:\/\/pc.sc.gov.br\/index.php?rest_route=\/wp\/v2\/posts"}],"about":[{"href":"https:\/\/pc.sc.gov.br\/index.php?rest_route=\/wp\/v2\/types\/post"}],"author":[{"embeddable":true,"href":"https:\/\/pc.sc.gov.br\/index.php?rest_route=\/wp\/v2\/users\/5"}],"replies":[{"embeddable":true,"href":"https:\/\/pc.sc.gov.br\/index.php?rest_route=%2Fwp%2Fv2%2Fcomments&post=17937"}],"version-history":[{"count":7,"href":"https:\/\/pc.sc.gov.br\/index.php?rest_route=\/wp\/v2\/posts\/17937\/revisions"}],"predecessor-version":[{"id":17950,"href":"https:\/\/pc.sc.gov.br\/index.php?rest_route=\/wp\/v2\/posts\/17937\/revisions\/17950"}],"wp:featuredmedia":[{"embeddable":true,"href":"https:\/\/pc.sc.gov.br\/index.php?rest_route=\/wp\/v2\/media\/17939"}],"wp:attachment":[{"href":"https:\/\/pc.sc.gov.br\/index.php?rest_route=%2Fwp%2Fv2%2Fmedia&parent=17937"}],"wp:term":[{"taxonomy":"category","embeddable":true,"href":"https:\/\/pc.sc.gov.br\/index.php?rest_route=%2Fwp%2Fv2%2Fcategories&post=17937"},{"taxonomy":"post_tag","embeddable":true,"href":"https:\/\/pc.sc.gov.br\/index.php?rest_route=%2Fwp%2Fv2%2Ftags&post=17937"}],"curies":[{"name":"wp","href":"https:\/\/api.w.org\/{rel}","templated":true}]}}