{"id":17957,"date":"2024-03-01T16:00:42","date_gmt":"2024-03-01T19:00:42","guid":{"rendered":"https:\/\/pc.sc.gov.br\/?p=17957"},"modified":"2024-03-01T16:05:28","modified_gmt":"2024-03-01T19:05:28","slug":"operacao-atria-pcsc-intensifica-acoes-de-prevencao-e-combate-a-violencia-contra-a-mulher","status":"publish","type":"post","link":"https:\/\/pc.sc.gov.br\/?p=17957","title":{"rendered":"Opera\u00e7\u00e3o \u00c1tria: PCSC intensifica a\u00e7\u00f5es de preven\u00e7\u00e3o e combate \u00e0 viol\u00eancia contra a mulher"},"content":{"rendered":"\t\t<div data-elementor-type=\"wp-post\" data-elementor-id=\"17957\" class=\"elementor elementor-17957\" data-elementor-post-type=\"post\">\n\t\t\t\t\t\t<section class=\"elementor-section elementor-top-section elementor-element elementor-element-5cb77e1 elementor-section-boxed elementor-section-height-default elementor-section-height-default\" data-id=\"5cb77e1\" data-element_type=\"section\">\n\t\t\t\t\t\t<div class=\"elementor-container elementor-column-gap-default\">\n\t\t\t\t\t<div class=\"elementor-column elementor-col-100 elementor-top-column elementor-element elementor-element-190cac7\" data-id=\"190cac7\" data-element_type=\"column\">\n\t\t\t<div class=\"elementor-widget-wrap elementor-element-populated\">\n\t\t\t\t\t\t<div class=\"elementor-element elementor-element-76cdeb2 elementor-widget elementor-widget-heading\" data-id=\"76cdeb2\" data-element_type=\"widget\" data-widget_type=\"heading.default\">\n\t\t\t\t<div class=\"elementor-widget-container\">\n\t\t\t\t\t<h2 class=\"elementor-heading-title elementor-size-default\">Opera\u00e7\u00e3o \u00c1tria: PCSC intensifica a\u00e7\u00f5es de preven\u00e7\u00e3o e combate \u00e0 viol\u00eancia contra a mulher<\/h2>\t\t\t\t<\/div>\n\t\t\t\t<\/div>\n\t\t\t\t\t<\/div>\n\t\t<\/div>\n\t\t\t\t\t<\/div>\n\t\t<\/section>\n\t\t\t\t<section class=\"elementor-section elementor-top-section elementor-element elementor-element-f3405b8 elementor-section-boxed elementor-section-height-default elementor-section-height-default\" data-id=\"f3405b8\" data-element_type=\"section\">\n\t\t\t\t\t\t<div class=\"elementor-container elementor-column-gap-default\">\n\t\t\t\t\t<div class=\"elementor-column elementor-col-100 elementor-top-column elementor-element elementor-element-e3b652a\" data-id=\"e3b652a\" data-element_type=\"column\">\n\t\t\t<div class=\"elementor-widget-wrap elementor-element-populated\">\n\t\t\t\t\t\t<div class=\"elementor-element elementor-element-1768b9d elementor-widget elementor-widget-image\" data-id=\"1768b9d\" data-element_type=\"widget\" data-widget_type=\"image.default\">\n\t\t\t\t<div class=\"elementor-widget-container\">\n\t\t\t\t\t\t\t\t\t\t\t\t\t\t\t<img fetchpriority=\"high\" decoding=\"async\" width=\"643\" height=\"476\" src=\"https:\/\/pc.sc.gov.br\/\/wp-content\/uploads\/2024\/03\/641990f1-e968-4f04-8be3-efda50ad3124-fotor-2024030116141.jpg\" class=\"attachment-large size-large wp-image-17958\" alt=\"\" srcset=\"https:\/\/pc.sc.gov.br\/\/wp-content\/uploads\/2024\/03\/641990f1-e968-4f04-8be3-efda50ad3124-fotor-2024030116141.jpg 643w, https:\/\/pc.sc.gov.br\/\/wp-content\/uploads\/2024\/03\/641990f1-e968-4f04-8be3-efda50ad3124-fotor-2024030116141-300x222.jpg 300w\" sizes=\"(max-width: 643px) 100vw, 643px\" \/>\t\t\t\t\t\t\t\t\t\t\t\t\t\t\t<\/div>\n\t\t\t\t<\/div>\n\t\t\t\t\t<\/div>\n\t\t<\/div>\n\t\t\t\t\t<\/div>\n\t\t<\/section>\n\t\t\t\t<section class=\"elementor-section elementor-top-section elementor-element elementor-element-f498f79 elementor-section-boxed elementor-section-height-default elementor-section-height-default\" data-id=\"f498f79\" data-element_type=\"section\">\n\t\t\t\t\t\t<div class=\"elementor-container elementor-column-gap-default\">\n\t\t\t\t\t<div class=\"elementor-column elementor-col-100 elementor-top-column elementor-element elementor-element-d700f54\" data-id=\"d700f54\" data-element_type=\"column\">\n\t\t\t<div class=\"elementor-widget-wrap elementor-element-populated\">\n\t\t\t\t\t\t<div class=\"elementor-element elementor-element-92dd7a4 elementor-widget elementor-widget-text-editor\" data-id=\"92dd7a4\" data-element_type=\"widget\" data-widget_type=\"text-editor.default\">\n\t\t\t\t<div class=\"elementor-widget-container\">\n\t\t\t\t\t\t\t\t\t<p>A Pol\u00edcia Civil de Santa Catarina est\u00e1 intensificando a\u00e7\u00f5es para a preven\u00e7\u00e3o e combate \u00e0 viol\u00eancia contra a mulher. Ao longo dos pr\u00f3ximos 30 dias, a PCSC aliada \u00e0s demais for\u00e7as de seguran\u00e7a se integra \u00e0 Opera\u00e7\u00e3o \u00c1tria, a\u00e7\u00e3o nacional coordenada pelo Minist\u00e9rio da Justi\u00e7a e da Seguran\u00e7a P\u00fablica (MJSC) para apurar crimes como feminic\u00eddio, a amea\u00e7a, a les\u00e3o corporal, o estupro, a importuna\u00e7\u00e3o, a persegui\u00e7\u00e3o (stalking) e o descumprimento de medidas protetivas.<\/p>\n<p>De acordo com o delegado-geral da PCSC, Ulisses Gabriel, a preven\u00e7\u00e3o e o combate \u00e0 viol\u00eancia contra a mulher \u00e9 uma das prioridades da institui\u00e7\u00e3o, aliada \u00e0s demais for\u00e7as de seguran\u00e7a. \u201cO governador Jorginho Mello, a vice-governadora Marilisa Bohem e o secret\u00e1rio de Seguran\u00e7a P\u00fablica, Sargento Lima, pediram para que n\u00f3s pud\u00e9ssemos fazer a\u00e7\u00f5es, opera\u00e7\u00f5es, for\u00e7as-tarefa que visem combater esse tipo de crime\u201d, assinalou.&nbsp;<\/p>\n<p>O delegado-geral enfatizou que neste m\u00eas de mar\u00e7o, m\u00eas da mulher, haver\u00e1 uma s\u00e9rie de opera\u00e7\u00f5es. \u201cVamos come\u00e7ar uma grande opera\u00e7\u00e3o atrav\u00e9s de Joinville, onde n\u00f3s vamos disponibilizar um n\u00famero de policiais para que os inqu\u00e9ritos e procedimentos que tratem de viol\u00eancia dom\u00e9stica contra a mulher possam ser encaminhados o mais r\u00e1pido poss\u00edvel para o Poder Judici\u00e1rio para que os criminosos sejam condenados\u201d, assinalou.&nbsp;<\/p>\n<p>Ulisses Gabriel lembrou que a Opera\u00e7\u00e3o \u00c1tria teve sua primeira fase em 2019 visando exatamente o combate a este tipo de Il\u00edcito. \u201cConsta do Plano de Governo do governador Jorginho o combate ao crime de viol\u00eancia dom\u00e9stica, \u00e9 isso que n\u00f3s estamos fazendo\u201d, enfatizou. O delegado-geral adiantou ainda que em maio haver\u00e1 outra a\u00e7\u00e3o tamb\u00e9m pautada na situa\u00e7\u00e3o de viol\u00eancia contra crian\u00e7a e o adolescente. \u201c\u00c9 um crime tamb\u00e9m repugnante, em especial os crimes sexuais, e isso redundar\u00e1 em um refor\u00e7o efetivo para outra grande cidade de Santa Catarina, que \u00e9 a cidade de Crici\u00fama\u201d.<span style=\"color: var( --e-global-color-text ); font-family: var( --e-global-typography-primary-font-family ), Sans-serif; font-size: var( --e-global-typography-primary-font-size ); font-weight: var( --e-global-typography-primary-font-weight ); letter-spacing: var( --e-global-typography-primary-letter-spacing );\">&nbsp;<\/span><\/p>\t\t\t\t\t\t\t\t<\/div>\n\t\t\t\t<\/div>\n\t\t\t\t\t<\/div>\n\t\t<\/div>\n\t\t\t\t\t<\/div>\n\t\t<\/section>\n\t\t\t\t<\/div>\n\t\t","protected":false},"excerpt":{"rendered":"<p>Opera\u00e7\u00e3o \u00c1tria: PCSC intensifica a\u00e7\u00f5es de preven\u00e7\u00e3o e combate \u00e0 viol\u00eancia contra a mulher A Pol\u00edcia Civil de Santa Catarina est\u00e1 intensificando a\u00e7\u00f5es para a preven\u00e7\u00e3o e combate \u00e0 viol\u00eancia contra a mulher. Ao longo dos pr\u00f3ximos 30 dias, a PCSC aliada \u00e0s demais for\u00e7as de seguran\u00e7a se integra \u00e0 Opera\u00e7\u00e3o \u00c1tria, a\u00e7\u00e3o nacional coordenada [&hellip;]<\/p>\n","protected":false},"author":5,"featured_media":17962,"comment_status":"closed","ping_status":"open","sticky":false,"template":"","format":"standard","meta":{"_monsterinsights_skip_tracking":false,"_monsterinsights_sitenote_active":false,"_monsterinsights_sitenote_note":"","_monsterinsights_sitenote_category":0,"footnotes":""},"categories":[1],"tags":[],"class_list":["post-17957","post","type-post","status-publish","format-standard","has-post-thumbnail","hentry","category-sem-categoria"],"_links":{"self":[{"href":"https:\/\/pc.sc.gov.br\/index.php?rest_route=\/wp\/v2\/posts\/17957","targetHints":{"allow":["GET"]}}],"collection":[{"href":"https:\/\/pc.sc.gov.br\/index.php?rest_route=\/wp\/v2\/posts"}],"about":[{"href":"https:\/\/pc.sc.gov.br\/index.php?rest_route=\/wp\/v2\/types\/post"}],"author":[{"embeddable":true,"href":"https:\/\/pc.sc.gov.br\/index.php?rest_route=\/wp\/v2\/users\/5"}],"replies":[{"embeddable":true,"href":"https:\/\/pc.sc.gov.br\/index.php?rest_route=%2Fwp%2Fv2%2Fcomments&post=17957"}],"version-history":[{"count":3,"href":"https:\/\/pc.sc.gov.br\/index.php?rest_route=\/wp\/v2\/posts\/17957\/revisions"}],"predecessor-version":[{"id":17961,"href":"https:\/\/pc.sc.gov.br\/index.php?rest_route=\/wp\/v2\/posts\/17957\/revisions\/17961"}],"wp:featuredmedia":[{"embeddable":true,"href":"https:\/\/pc.sc.gov.br\/index.php?rest_route=\/wp\/v2\/media\/17962"}],"wp:attachment":[{"href":"https:\/\/pc.sc.gov.br\/index.php?rest_route=%2Fwp%2Fv2%2Fmedia&parent=17957"}],"wp:term":[{"taxonomy":"category","embeddable":true,"href":"https:\/\/pc.sc.gov.br\/index.php?rest_route=%2Fwp%2Fv2%2Fcategories&post=17957"},{"taxonomy":"post_tag","embeddable":true,"href":"https:\/\/pc.sc.gov.br\/index.php?rest_route=%2Fwp%2Fv2%2Ftags&post=17957"}],"curies":[{"name":"wp","href":"https:\/\/api.w.org\/{rel}","templated":true}]}}