{"id":1796,"date":"2022-12-06T10:14:00","date_gmt":"2022-12-06T13:14:00","guid":{"rendered":"https:\/\/pc.sc.gov.br\/?p=1796"},"modified":"2022-12-14T08:54:07","modified_gmt":"2022-12-14T11:54:07","slug":"policia-civil-conclui-1o-curso-de-contrato-e-licitacoes","status":"publish","type":"post","link":"https:\/\/pc.sc.gov.br\/?p=1796","title":{"rendered":"Pol\u00edcia Civil conclui 1\u00ba Curso de Contrato e Licita\u00e7\u00f5es"},"content":{"rendered":"\t\t<div data-elementor-type=\"wp-post\" data-elementor-id=\"1796\" class=\"elementor elementor-1796\" data-elementor-post-type=\"post\">\n\t\t\t\t\t\t<section class=\"elementor-section elementor-top-section elementor-element elementor-element-2896be0 elementor-section-boxed elementor-section-height-default elementor-section-height-default\" data-id=\"2896be0\" data-element_type=\"section\">\n\t\t\t\t\t\t<div class=\"elementor-container elementor-column-gap-default\">\n\t\t\t\t\t<div class=\"elementor-column elementor-col-100 elementor-top-column elementor-element elementor-element-dfda8ff\" data-id=\"dfda8ff\" data-element_type=\"column\">\n\t\t\t<div class=\"elementor-widget-wrap elementor-element-populated\">\n\t\t\t\t\t\t<div class=\"elementor-element elementor-element-d3b2972 elementor-widget elementor-widget-heading\" data-id=\"d3b2972\" data-element_type=\"widget\" data-widget_type=\"heading.default\">\n\t\t\t\t<div class=\"elementor-widget-container\">\n\t\t\t\t\t<h2 class=\"elementor-heading-title elementor-size-default\">Pol\u00edcia Civil conclui 1\u00ba Curso de Contrato e Licita\u00e7\u00f5es<\/h2>\t\t\t\t<\/div>\n\t\t\t\t<\/div>\n\t\t\t\t\t<\/div>\n\t\t<\/div>\n\t\t\t\t\t<\/div>\n\t\t<\/section>\n\t\t\t\t<section class=\"elementor-section elementor-top-section elementor-element elementor-element-706dce0 elementor-section-boxed elementor-section-height-default elementor-section-height-default\" data-id=\"706dce0\" data-element_type=\"section\">\n\t\t\t\t\t\t<div class=\"elementor-container elementor-column-gap-default\">\n\t\t\t\t\t<div class=\"elementor-column elementor-col-100 elementor-top-column elementor-element elementor-element-32dbcde\" data-id=\"32dbcde\" data-element_type=\"column\">\n\t\t\t<div class=\"elementor-widget-wrap elementor-element-populated\">\n\t\t\t\t\t\t<div class=\"elementor-element elementor-element-deece77 elementor-widget elementor-widget-text-editor\" data-id=\"deece77\" data-element_type=\"widget\" data-widget_type=\"text-editor.default\">\n\t\t\t\t<div class=\"elementor-widget-container\">\n\t\t\t\t\t\t\t\t\t<div><p><img decoding=\"async\" src=\"https:\/\/pc.sc.gov.br\/images\/M_images\/pc2222222222222222222222222525152222222222222233335151515515.jpg\" alt=\"pc2222222222222222222222222525152222222222222233335151515515\" \/><\/p><p>A Pol\u00edcia Civil de Santa Catarina, por meio da Academia de Pol\u00edcia Civil de Santa Catarina (Acadepol), concluiu nesta ter\u00e7a-feira (06), o 1\u00ba Curso de Contrato e Licita\u00e7\u00f5es.\u00a0A capacita\u00e7\u00e3o \u00e9 fruto de um conv\u00eanio entre a Pol\u00edcia Civil e a Procuradoria Geral do Estado.<\/p><p>O curso de 32 horas\/aula capacitou e atualizou os servidores p\u00fablicos quanto aos procedimentos e normas referentes \u00e0s licita\u00e7\u00f5es p\u00fablicas e aos contratos administrativos, demonstrando casos pr\u00e1ticos, doutrina e jurisprud\u00eancia sobre a mat\u00e9ria.<\/p><\/div>\t\t\t\t\t\t\t\t<\/div>\n\t\t\t\t<\/div>\n\t\t\t\t\t<\/div>\n\t\t<\/div>\n\t\t\t\t\t<\/div>\n\t\t<\/section>\n\t\t\t\t<\/div>\n\t\t","protected":false},"excerpt":{"rendered":"<p>Pol\u00edcia Civil conclui 1\u00ba Curso de Contrato e Licita\u00e7\u00f5es A Pol\u00edcia Civil de Santa Catarina, por meio da Academia de Pol\u00edcia Civil de Santa Catarina (Acadepol), concluiu nesta ter\u00e7a-feira (06), o 1\u00ba Curso de Contrato e Licita\u00e7\u00f5es.\u00a0A capacita\u00e7\u00e3o \u00e9 fruto de um conv\u00eanio entre a Pol\u00edcia Civil e a Procuradoria Geral do Estado. O curso [&hellip;]<\/p>\n","protected":false},"author":2,"featured_media":1764,"comment_status":"closed","ping_status":"open","sticky":false,"template":"elementor_header_footer","format":"standard","meta":{"_monsterinsights_skip_tracking":false,"_monsterinsights_sitenote_active":false,"_monsterinsights_sitenote_note":"","_monsterinsights_sitenote_category":0,"footnotes":""},"categories":[1],"tags":[],"class_list":["post-1796","post","type-post","status-publish","format-standard","has-post-thumbnail","hentry","category-sem-categoria"],"_links":{"self":[{"href":"https:\/\/pc.sc.gov.br\/index.php?rest_route=\/wp\/v2\/posts\/1796","targetHints":{"allow":["GET"]}}],"collection":[{"href":"https:\/\/pc.sc.gov.br\/index.php?rest_route=\/wp\/v2\/posts"}],"about":[{"href":"https:\/\/pc.sc.gov.br\/index.php?rest_route=\/wp\/v2\/types\/post"}],"author":[{"embeddable":true,"href":"https:\/\/pc.sc.gov.br\/index.php?rest_route=\/wp\/v2\/users\/2"}],"replies":[{"embeddable":true,"href":"https:\/\/pc.sc.gov.br\/index.php?rest_route=%2Fwp%2Fv2%2Fcomments&post=1796"}],"version-history":[{"count":4,"href":"https:\/\/pc.sc.gov.br\/index.php?rest_route=\/wp\/v2\/posts\/1796\/revisions"}],"predecessor-version":[{"id":1801,"href":"https:\/\/pc.sc.gov.br\/index.php?rest_route=\/wp\/v2\/posts\/1796\/revisions\/1801"}],"wp:featuredmedia":[{"embeddable":true,"href":"https:\/\/pc.sc.gov.br\/index.php?rest_route=\/wp\/v2\/media\/1764"}],"wp:attachment":[{"href":"https:\/\/pc.sc.gov.br\/index.php?rest_route=%2Fwp%2Fv2%2Fmedia&parent=1796"}],"wp:term":[{"taxonomy":"category","embeddable":true,"href":"https:\/\/pc.sc.gov.br\/index.php?rest_route=%2Fwp%2Fv2%2Fcategories&post=1796"},{"taxonomy":"post_tag","embeddable":true,"href":"https:\/\/pc.sc.gov.br\/index.php?rest_route=%2Fwp%2Fv2%2Ftags&post=1796"}],"curies":[{"name":"wp","href":"https:\/\/api.w.org\/{rel}","templated":true}]}}