{"id":17963,"date":"2024-03-01T18:16:07","date_gmt":"2024-03-01T21:16:07","guid":{"rendered":"https:\/\/pc.sc.gov.br\/?p=17963"},"modified":"2024-03-01T18:18:28","modified_gmt":"2024-03-01T21:18:28","slug":"em-criciuma-policia-civil-identifica-e-promove-a-prisao-preventiva-de-tres-homens-por-assaltos-armados","status":"publish","type":"post","link":"https:\/\/pc.sc.gov.br\/?p=17963","title":{"rendered":"Em Crici\u00fama, Pol\u00edcia Civil identifica e promove a pris\u00e3o preventiva de tr\u00eas homens por assaltos armados"},"content":{"rendered":"\t\t<div data-elementor-type=\"wp-post\" data-elementor-id=\"17963\" class=\"elementor elementor-17963\" data-elementor-post-type=\"post\">\n\t\t\t\t\t\t<section class=\"elementor-section elementor-top-section elementor-element elementor-element-1d67cc4 elementor-section-boxed elementor-section-height-default elementor-section-height-default\" data-id=\"1d67cc4\" data-element_type=\"section\">\n\t\t\t\t\t\t<div class=\"elementor-container elementor-column-gap-default\">\n\t\t\t\t\t<div class=\"elementor-column elementor-col-100 elementor-top-column elementor-element elementor-element-1d24fb4\" data-id=\"1d24fb4\" data-element_type=\"column\">\n\t\t\t<div class=\"elementor-widget-wrap elementor-element-populated\">\n\t\t\t\t\t\t<div class=\"elementor-element elementor-element-707af28 elementor-widget elementor-widget-heading\" data-id=\"707af28\" data-element_type=\"widget\" data-widget_type=\"heading.default\">\n\t\t\t\t<div class=\"elementor-widget-container\">\n\t\t\t\t\t<h2 class=\"elementor-heading-title elementor-size-default\">Em Crici\u00fama, Pol\u00edcia Civil identifica e promove a pris\u00e3o preventiva de tr\u00eas homens por assaltos armados<\/h2>\t\t\t\t<\/div>\n\t\t\t\t<\/div>\n\t\t\t\t\t<\/div>\n\t\t<\/div>\n\t\t\t\t\t<\/div>\n\t\t<\/section>\n\t\t\t\t<section class=\"elementor-section elementor-top-section elementor-element elementor-element-97973c8 elementor-section-boxed elementor-section-height-default elementor-section-height-default\" data-id=\"97973c8\" data-element_type=\"section\">\n\t\t\t\t\t\t<div class=\"elementor-container elementor-column-gap-default\">\n\t\t\t\t\t<div class=\"elementor-column elementor-col-100 elementor-top-column elementor-element elementor-element-4ed7e0f\" data-id=\"4ed7e0f\" data-element_type=\"column\">\n\t\t\t<div class=\"elementor-widget-wrap elementor-element-populated\">\n\t\t\t\t\t\t<div class=\"elementor-element elementor-element-1fbee7e elementor-widget elementor-widget-image\" data-id=\"1fbee7e\" data-element_type=\"widget\" data-widget_type=\"image.default\">\n\t\t\t\t<div class=\"elementor-widget-container\">\n\t\t\t\t\t\t\t\t\t\t\t\t\t\t\t<img fetchpriority=\"high\" decoding=\"async\" width=\"696\" height=\"311\" src=\"https:\/\/pc.sc.gov.br\/\/wp-content\/uploads\/2024\/03\/4c09c5f2-48fc-4598-a7a0-58de2a278fa3-fotor-20240301181552.jpg\" class=\"attachment-large size-large wp-image-17964\" alt=\"\" srcset=\"https:\/\/pc.sc.gov.br\/\/wp-content\/uploads\/2024\/03\/4c09c5f2-48fc-4598-a7a0-58de2a278fa3-fotor-20240301181552.jpg 950w, https:\/\/pc.sc.gov.br\/\/wp-content\/uploads\/2024\/03\/4c09c5f2-48fc-4598-a7a0-58de2a278fa3-fotor-20240301181552-300x134.jpg 300w, https:\/\/pc.sc.gov.br\/\/wp-content\/uploads\/2024\/03\/4c09c5f2-48fc-4598-a7a0-58de2a278fa3-fotor-20240301181552-768x344.jpg 768w\" sizes=\"(max-width: 696px) 100vw, 696px\" \/>\t\t\t\t\t\t\t\t\t\t\t\t\t\t\t<\/div>\n\t\t\t\t<\/div>\n\t\t\t\t\t<\/div>\n\t\t<\/div>\n\t\t\t\t\t<\/div>\n\t\t<\/section>\n\t\t\t\t<section class=\"elementor-section elementor-top-section elementor-element elementor-element-7e838d2 elementor-section-boxed elementor-section-height-default elementor-section-height-default\" data-id=\"7e838d2\" data-element_type=\"section\">\n\t\t\t\t\t\t<div class=\"elementor-container elementor-column-gap-default\">\n\t\t\t\t\t<div class=\"elementor-column elementor-col-100 elementor-top-column elementor-element elementor-element-6f5dbae\" data-id=\"6f5dbae\" data-element_type=\"column\">\n\t\t\t<div class=\"elementor-widget-wrap elementor-element-populated\">\n\t\t\t\t\t\t<div class=\"elementor-element elementor-element-ae7504a elementor-widget elementor-widget-text-editor\" data-id=\"ae7504a\" data-element_type=\"widget\" data-widget_type=\"text-editor.default\">\n\t\t\t\t<div class=\"elementor-widget-container\">\n\t\t\t\t\t\t\t\t\t<p>A Divis\u00e3o de Repress\u00e3o a Roubos (DRR\/DIC Crici\u00fama) da Pol\u00edcia Civil, coordenada pelo Delegado Yuri Miqueluzzi, finalizou investiga\u00e7\u00f5es de roubos armados ocorridos nos bairros Vila Manaus, Nossa Senhora do Carmo e Vila Nova Esperan\u00e7a, na cidade de Crici\u00fama.\u00a0<\/p><p>Tr\u00eas homens foram identificados pelos investigadores policiais com participa\u00e7\u00e3o nos crimes. A Pol\u00edcia Civil realizou os indiciamentos pelos delitos e promoveu pedidos de pris\u00f5es preventivas, com manifesta\u00e7\u00e3o favor\u00e1vel do Minist\u00e9rio P\u00fablico e deferimento pelo Poder Judici\u00e1rio. As ordens de pris\u00f5es foram cumpridas e os investigados recolhidos ao sistema prisional.<\/p><p>Os propriet\u00e1rios de duas caminhonetes e os funcion\u00e1rios de uma farm\u00e1cia foram alvos dos criminosos. Os autom\u00f3veis foram recuperados e restitu\u00eddos \u00e0s v\u00edtimas. Na farm\u00e1cia, houve subtra\u00e7\u00e3o de valores em dinheiro do caixa.\u00a0<\/p>\t\t\t\t\t\t\t\t<\/div>\n\t\t\t\t<\/div>\n\t\t\t\t\t<\/div>\n\t\t<\/div>\n\t\t\t\t\t<\/div>\n\t\t<\/section>\n\t\t\t\t<\/div>\n\t\t","protected":false},"excerpt":{"rendered":"<p>Em Crici\u00fama, Pol\u00edcia Civil identifica e promove a pris\u00e3o preventiva de tr\u00eas homens por assaltos armados A Divis\u00e3o de Repress\u00e3o a Roubos (DRR\/DIC Crici\u00fama) da Pol\u00edcia Civil, coordenada pelo Delegado Yuri Miqueluzzi, finalizou investiga\u00e7\u00f5es de roubos armados ocorridos nos bairros Vila Manaus, Nossa Senhora do Carmo e Vila Nova Esperan\u00e7a, na cidade de Crici\u00fama.\u00a0 Tr\u00eas [&hellip;]<\/p>\n","protected":false},"author":5,"featured_media":17968,"comment_status":"closed","ping_status":"open","sticky":false,"template":"","format":"standard","meta":{"_monsterinsights_skip_tracking":false,"_monsterinsights_sitenote_active":false,"_monsterinsights_sitenote_note":"","_monsterinsights_sitenote_category":0,"footnotes":""},"categories":[1],"tags":[],"class_list":["post-17963","post","type-post","status-publish","format-standard","has-post-thumbnail","hentry","category-sem-categoria"],"_links":{"self":[{"href":"https:\/\/pc.sc.gov.br\/index.php?rest_route=\/wp\/v2\/posts\/17963","targetHints":{"allow":["GET"]}}],"collection":[{"href":"https:\/\/pc.sc.gov.br\/index.php?rest_route=\/wp\/v2\/posts"}],"about":[{"href":"https:\/\/pc.sc.gov.br\/index.php?rest_route=\/wp\/v2\/types\/post"}],"author":[{"embeddable":true,"href":"https:\/\/pc.sc.gov.br\/index.php?rest_route=\/wp\/v2\/users\/5"}],"replies":[{"embeddable":true,"href":"https:\/\/pc.sc.gov.br\/index.php?rest_route=%2Fwp%2Fv2%2Fcomments&post=17963"}],"version-history":[{"count":3,"href":"https:\/\/pc.sc.gov.br\/index.php?rest_route=\/wp\/v2\/posts\/17963\/revisions"}],"predecessor-version":[{"id":17967,"href":"https:\/\/pc.sc.gov.br\/index.php?rest_route=\/wp\/v2\/posts\/17963\/revisions\/17967"}],"wp:featuredmedia":[{"embeddable":true,"href":"https:\/\/pc.sc.gov.br\/index.php?rest_route=\/wp\/v2\/media\/17968"}],"wp:attachment":[{"href":"https:\/\/pc.sc.gov.br\/index.php?rest_route=%2Fwp%2Fv2%2Fmedia&parent=17963"}],"wp:term":[{"taxonomy":"category","embeddable":true,"href":"https:\/\/pc.sc.gov.br\/index.php?rest_route=%2Fwp%2Fv2%2Fcategories&post=17963"},{"taxonomy":"post_tag","embeddable":true,"href":"https:\/\/pc.sc.gov.br\/index.php?rest_route=%2Fwp%2Fv2%2Ftags&post=17963"}],"curies":[{"name":"wp","href":"https:\/\/api.w.org\/{rel}","templated":true}]}}