{"id":17969,"date":"2024-03-04T14:42:40","date_gmt":"2024-03-04T17:42:40","guid":{"rendered":"https:\/\/pc.sc.gov.br\/?p=17969"},"modified":"2024-03-04T14:44:13","modified_gmt":"2024-03-04T17:44:13","slug":"operacao-atria-pcsc-intensifica-acoes-de-prevencao-e-combate-a-violencia-domestica","status":"publish","type":"post","link":"https:\/\/pc.sc.gov.br\/?p=17969","title":{"rendered":"Opera\u00e7\u00e3o \u00c1tria: PCSC intensifica a\u00e7\u00f5es de preven\u00e7\u00e3o e combate \u00e0 viol\u00eancia dom\u00e9stica"},"content":{"rendered":"\t\t<div data-elementor-type=\"wp-post\" data-elementor-id=\"17969\" class=\"elementor elementor-17969\" data-elementor-post-type=\"post\">\n\t\t\t\t\t\t<section class=\"elementor-section elementor-top-section elementor-element elementor-element-1da116e elementor-section-boxed elementor-section-height-default elementor-section-height-default\" data-id=\"1da116e\" data-element_type=\"section\">\n\t\t\t\t\t\t<div class=\"elementor-container elementor-column-gap-default\">\n\t\t\t\t\t<div class=\"elementor-column elementor-col-100 elementor-top-column elementor-element elementor-element-c5399be\" data-id=\"c5399be\" data-element_type=\"column\">\n\t\t\t<div class=\"elementor-widget-wrap elementor-element-populated\">\n\t\t\t\t\t\t<div class=\"elementor-element elementor-element-6fec878 elementor-widget elementor-widget-heading\" data-id=\"6fec878\" data-element_type=\"widget\" data-widget_type=\"heading.default\">\n\t\t\t\t<div class=\"elementor-widget-container\">\n\t\t\t\t\t<h2 class=\"elementor-heading-title elementor-size-default\"><div><span style=\"color: var( --e-global-color-primary );font-family: var( --e-global-typography-accent-font-family ), Sans-serif;font-size: var( --e-global-typography-accent-font-size );font-weight: var( --e-global-typography-accent-font-weight );letter-spacing: var( --e-global-typography-accent-letter-spacing );text-transform: var( --e-global-typography-accent-text-transform )\">Opera\u00e7\u00e3o \u00c1tria: PCSC deflagra opera\u00e7\u00e3o \u00c1tria e intensifica a\u00e7\u00f5es de preven\u00e7\u00e3o e combate \u00e0 viol\u00eancia dom\u00e9stica<\/span><br><\/div><\/h2>\t\t\t\t<\/div>\n\t\t\t\t<\/div>\n\t\t\t\t\t<\/div>\n\t\t<\/div>\n\t\t\t\t\t<\/div>\n\t\t<\/section>\n\t\t\t\t<section class=\"elementor-section elementor-top-section elementor-element elementor-element-90fb8bc elementor-section-boxed elementor-section-height-default elementor-section-height-default\" data-id=\"90fb8bc\" data-element_type=\"section\">\n\t\t\t\t\t\t<div class=\"elementor-container elementor-column-gap-default\">\n\t\t\t\t\t<div class=\"elementor-column elementor-col-100 elementor-top-column elementor-element elementor-element-c61f649\" data-id=\"c61f649\" data-element_type=\"column\">\n\t\t\t<div class=\"elementor-widget-wrap elementor-element-populated\">\n\t\t\t\t\t\t<div class=\"elementor-element elementor-element-6e46e1c elementor-widget elementor-widget-image\" data-id=\"6e46e1c\" data-element_type=\"widget\" data-widget_type=\"image.default\">\n\t\t\t\t<div class=\"elementor-widget-container\">\n\t\t\t\t\t\t\t\t\t\t\t\t\t\t\t<img fetchpriority=\"high\" decoding=\"async\" width=\"696\" height=\"657\" src=\"https:\/\/pc.sc.gov.br\/\/wp-content\/uploads\/2024\/03\/44ba7d37-fc5a-487c-8a83-cdad79837432-fotor-20240304142057.jpg\" class=\"attachment-large size-large wp-image-17970\" alt=\"\" srcset=\"https:\/\/pc.sc.gov.br\/\/wp-content\/uploads\/2024\/03\/44ba7d37-fc5a-487c-8a83-cdad79837432-fotor-20240304142057.jpg 900w, https:\/\/pc.sc.gov.br\/\/wp-content\/uploads\/2024\/03\/44ba7d37-fc5a-487c-8a83-cdad79837432-fotor-20240304142057-300x283.jpg 300w, https:\/\/pc.sc.gov.br\/\/wp-content\/uploads\/2024\/03\/44ba7d37-fc5a-487c-8a83-cdad79837432-fotor-20240304142057-768x724.jpg 768w\" sizes=\"(max-width: 696px) 100vw, 696px\" \/>\t\t\t\t\t\t\t\t\t\t\t\t\t\t\t<\/div>\n\t\t\t\t<\/div>\n\t\t\t\t\t<\/div>\n\t\t<\/div>\n\t\t\t\t\t<\/div>\n\t\t<\/section>\n\t\t\t\t<section class=\"elementor-section elementor-top-section elementor-element elementor-element-041b9fa elementor-section-boxed elementor-section-height-default elementor-section-height-default\" data-id=\"041b9fa\" data-element_type=\"section\">\n\t\t\t\t\t\t<div class=\"elementor-container elementor-column-gap-default\">\n\t\t\t\t\t<div class=\"elementor-column elementor-col-100 elementor-top-column elementor-element elementor-element-bd21dc5\" data-id=\"bd21dc5\" data-element_type=\"column\">\n\t\t\t<div class=\"elementor-widget-wrap elementor-element-populated\">\n\t\t\t\t\t\t<div class=\"elementor-element elementor-element-a10c8cb elementor-widget elementor-widget-text-editor\" data-id=\"a10c8cb\" data-element_type=\"widget\" data-widget_type=\"text-editor.default\">\n\t\t\t\t<div class=\"elementor-widget-container\">\n\t\t\t\t\t\t\t\t\t<p>A Pol\u00edcia Civil est\u00e1 intensificando as a\u00e7\u00f5es de preven\u00e7\u00e3o e combate \u00e0 viol\u00eancia dom\u00e9stica. A seguir divulgamos alguns casos registrados na \u00faltima sexta-feira (01), primeiro dia da opera\u00e7\u00e3o.<\/p>\n<p><b>Bigua\u00e7u<\/b> &#8211;&nbsp; A DPCo de Bigua\u00e7u prendeu em flagrante delito um homem pelo crime de descumprimento de medida protetiva de urg\u00eancia, previsto no art. 24-A, Lei n\u00ba 11.340\/2006. O conduzido j\u00e1 havia sido preso por crimes relacionados \u00e0 viol\u00eancia dom\u00e9stica e familiar a menos de uma semana, como les\u00e3o corporal e amea\u00e7as, e mesmo ciente das medidas protetivas de urg\u00eancia retornou a casa da v\u00edtima e l\u00e1 permaneceu at\u00e9 o dia 01 de mar\u00e7o.<\/p>\n<p><b>Curitibanos <\/b>&#8211; A DPCAMI, com apoio do Setor de Investiga\u00e7\u00e3o e Capturas da Delegacia de Pol\u00edcia da Comarca de Curitibanos e da DIC de Curitibanos, prendeu na sexta-feira (01) um homem em virtude de mandado de pris\u00e3o preventiva pelo crime de Descumprimento de Medida Protetiva de Urg\u00eancia. Durante o cumprimento da busca na casa, o investigado foi encontrado dentro de um arm\u00e1rio sendo contido pelos policiais. Ap\u00f3s os tr\u00e2mites legais, o homem foi encaminhado ao sistema prisional.<\/p>\n<p><b>Santa Cec\u00edlia <\/b>&#8211; A Delegacia de Pol\u00edcia da Comarca de Santa Cec\u00edlia efetuou a pris\u00e3o em flagrante de um homem por tentativa de feminic\u00eddio e homic\u00eddio contra o pr\u00f3prio filho. Os fatos ocorreram na tarde de sexta-feira (01). Depois de tentar enforcar a mulher, o homem jogou gasolina nela, no filho do casal de um ano de idade, na resid\u00eancia e amea\u00e7ou atear fogo. Ao conseguir se desvencilhar, a mulher pegou a crian\u00e7a e foi na delegacia, momento em que os policiais se deslocaram at\u00e9 a casa da fam\u00edlia e prenderam o autor em flagrante.&nbsp;&nbsp;<\/p>\t\t\t\t\t\t\t\t<\/div>\n\t\t\t\t<\/div>\n\t\t\t\t\t<\/div>\n\t\t<\/div>\n\t\t\t\t\t<\/div>\n\t\t<\/section>\n\t\t\t\t<\/div>\n\t\t","protected":false},"excerpt":{"rendered":"<p>Opera\u00e7\u00e3o \u00c1tria: PCSC deflagra opera\u00e7\u00e3o \u00c1tria e intensifica a\u00e7\u00f5es de preven\u00e7\u00e3o e combate \u00e0 viol\u00eancia dom\u00e9stica A Pol\u00edcia Civil est\u00e1 intensificando as a\u00e7\u00f5es de preven\u00e7\u00e3o e combate \u00e0 viol\u00eancia dom\u00e9stica. A seguir divulgamos alguns casos registrados na \u00faltima sexta-feira (01), primeiro dia da opera\u00e7\u00e3o. Bigua\u00e7u &#8211;&nbsp; A DPCo de Bigua\u00e7u prendeu em flagrante delito um [&hellip;]<\/p>\n","protected":false},"author":5,"featured_media":17970,"comment_status":"closed","ping_status":"open","sticky":false,"template":"","format":"standard","meta":{"_monsterinsights_skip_tracking":false,"_monsterinsights_sitenote_active":false,"_monsterinsights_sitenote_note":"","_monsterinsights_sitenote_category":0,"footnotes":""},"categories":[1],"tags":[],"class_list":["post-17969","post","type-post","status-publish","format-standard","has-post-thumbnail","hentry","category-sem-categoria"],"_links":{"self":[{"href":"https:\/\/pc.sc.gov.br\/index.php?rest_route=\/wp\/v2\/posts\/17969","targetHints":{"allow":["GET"]}}],"collection":[{"href":"https:\/\/pc.sc.gov.br\/index.php?rest_route=\/wp\/v2\/posts"}],"about":[{"href":"https:\/\/pc.sc.gov.br\/index.php?rest_route=\/wp\/v2\/types\/post"}],"author":[{"embeddable":true,"href":"https:\/\/pc.sc.gov.br\/index.php?rest_route=\/wp\/v2\/users\/5"}],"replies":[{"embeddable":true,"href":"https:\/\/pc.sc.gov.br\/index.php?rest_route=%2Fwp%2Fv2%2Fcomments&post=17969"}],"version-history":[{"count":4,"href":"https:\/\/pc.sc.gov.br\/index.php?rest_route=\/wp\/v2\/posts\/17969\/revisions"}],"predecessor-version":[{"id":17974,"href":"https:\/\/pc.sc.gov.br\/index.php?rest_route=\/wp\/v2\/posts\/17969\/revisions\/17974"}],"wp:featuredmedia":[{"embeddable":true,"href":"https:\/\/pc.sc.gov.br\/index.php?rest_route=\/wp\/v2\/media\/17970"}],"wp:attachment":[{"href":"https:\/\/pc.sc.gov.br\/index.php?rest_route=%2Fwp%2Fv2%2Fmedia&parent=17969"}],"wp:term":[{"taxonomy":"category","embeddable":true,"href":"https:\/\/pc.sc.gov.br\/index.php?rest_route=%2Fwp%2Fv2%2Fcategories&post=17969"},{"taxonomy":"post_tag","embeddable":true,"href":"https:\/\/pc.sc.gov.br\/index.php?rest_route=%2Fwp%2Fv2%2Ftags&post=17969"}],"curies":[{"name":"wp","href":"https:\/\/api.w.org\/{rel}","templated":true}]}}