{"id":17975,"date":"2024-03-04T18:11:23","date_gmt":"2024-03-04T21:11:23","guid":{"rendered":"https:\/\/pc.sc.gov.br\/?p=17975"},"modified":"2024-03-04T18:15:34","modified_gmt":"2024-03-04T21:15:34","slug":"acadepol-promove-debates-interdisciplinares-em-alusao-ao-dia-internacional-da-mulher","status":"publish","type":"post","link":"https:\/\/pc.sc.gov.br\/?p=17975","title":{"rendered":"Acadepol promove debates interdisciplinares em alus\u00e3o ao Dia Internacional da Mulher"},"content":{"rendered":"\t\t<div data-elementor-type=\"wp-post\" data-elementor-id=\"17975\" class=\"elementor elementor-17975\" data-elementor-post-type=\"post\">\n\t\t\t\t\t\t<section class=\"elementor-section elementor-top-section elementor-element elementor-element-439030b elementor-section-boxed elementor-section-height-default elementor-section-height-default\" data-id=\"439030b\" data-element_type=\"section\">\n\t\t\t\t\t\t<div class=\"elementor-container elementor-column-gap-default\">\n\t\t\t\t\t<div class=\"elementor-column elementor-col-100 elementor-top-column elementor-element elementor-element-1cab9e4\" data-id=\"1cab9e4\" data-element_type=\"column\">\n\t\t\t<div class=\"elementor-widget-wrap elementor-element-populated\">\n\t\t\t\t\t\t<div class=\"elementor-element elementor-element-dd906e7 elementor-widget elementor-widget-heading\" data-id=\"dd906e7\" data-element_type=\"widget\" data-widget_type=\"heading.default\">\n\t\t\t\t<div class=\"elementor-widget-container\">\n\t\t\t\t\t<h2 class=\"elementor-heading-title elementor-size-default\">Acadepol promove debates interdisciplinares em alus\u00e3o ao Dia Internacional da Mulher<\/h2>\t\t\t\t<\/div>\n\t\t\t\t<\/div>\n\t\t\t\t\t<\/div>\n\t\t<\/div>\n\t\t\t\t\t<\/div>\n\t\t<\/section>\n\t\t\t\t<section class=\"elementor-section elementor-top-section elementor-element elementor-element-d00aa2b elementor-section-boxed elementor-section-height-default elementor-section-height-default\" data-id=\"d00aa2b\" data-element_type=\"section\">\n\t\t\t\t\t\t<div class=\"elementor-container elementor-column-gap-default\">\n\t\t\t\t\t<div class=\"elementor-column elementor-col-100 elementor-top-column elementor-element elementor-element-5becc3e\" data-id=\"5becc3e\" data-element_type=\"column\">\n\t\t\t<div class=\"elementor-widget-wrap elementor-element-populated\">\n\t\t\t\t\t\t<div class=\"elementor-element elementor-element-d92da64 elementor-widget elementor-widget-image\" data-id=\"d92da64\" data-element_type=\"widget\" data-widget_type=\"image.default\">\n\t\t\t\t<div class=\"elementor-widget-container\">\n\t\t\t\t\t\t\t\t\t\t\t\t\t\t\t<img fetchpriority=\"high\" decoding=\"async\" width=\"696\" height=\"857\" src=\"https:\/\/pc.sc.gov.br\/\/wp-content\/uploads\/2024\/03\/WhatsApp-Image-2024-03-04-at-18.12.05-1-832x1024.jpeg\" class=\"attachment-large size-large wp-image-17978\" alt=\"\" srcset=\"https:\/\/pc.sc.gov.br\/\/wp-content\/uploads\/2024\/03\/WhatsApp-Image-2024-03-04-at-18.12.05-1-832x1024.jpeg 832w, https:\/\/pc.sc.gov.br\/\/wp-content\/uploads\/2024\/03\/WhatsApp-Image-2024-03-04-at-18.12.05-1-244x300.jpeg 244w, https:\/\/pc.sc.gov.br\/\/wp-content\/uploads\/2024\/03\/WhatsApp-Image-2024-03-04-at-18.12.05-1-768x945.jpeg 768w, https:\/\/pc.sc.gov.br\/\/wp-content\/uploads\/2024\/03\/WhatsApp-Image-2024-03-04-at-18.12.05-1.jpeg 1080w\" sizes=\"(max-width: 696px) 100vw, 696px\" \/>\t\t\t\t\t\t\t\t\t\t\t\t\t\t\t<\/div>\n\t\t\t\t<\/div>\n\t\t\t\t\t<\/div>\n\t\t<\/div>\n\t\t\t\t\t<\/div>\n\t\t<\/section>\n\t\t\t\t<section class=\"elementor-section elementor-top-section elementor-element elementor-element-20b5cab elementor-section-boxed elementor-section-height-default elementor-section-height-default\" data-id=\"20b5cab\" data-element_type=\"section\">\n\t\t\t\t\t\t<div class=\"elementor-container elementor-column-gap-default\">\n\t\t\t\t\t<div class=\"elementor-column elementor-col-100 elementor-top-column elementor-element elementor-element-e5d47f0\" data-id=\"e5d47f0\" data-element_type=\"column\">\n\t\t\t<div class=\"elementor-widget-wrap elementor-element-populated\">\n\t\t\t\t\t\t<div class=\"elementor-element elementor-element-c2638de elementor-widget elementor-widget-text-editor\" data-id=\"c2638de\" data-element_type=\"widget\" data-widget_type=\"text-editor.default\">\n\t\t\t\t<div class=\"elementor-widget-container\">\n\t\t\t\t\t\t\t\t\t<p>A Pol\u00edcia Civil de Santa Catarina, por meio da Academia da Pol\u00edcia Civil (Acadepol) realiza no pr\u00f3ximo dia 08 de mar\u00e7o, em alus\u00e3o ao Dia Internacional da Mulher, o evento Debates Interdisciplinares em Comemora\u00e7\u00e3o ao Dia da Mulher para Mulheres Policiais Civis.&nbsp;&nbsp;<\/p>\n<p>O objetivo do encontro \u00e9 inspirar e fortalecer as policiais civis reunindo vozes influentes e hist\u00f3rias poderosas, e refletindo as conquistas, os desafios e as lutas das mulheres por igualdade de g\u00eanero em diversos \u00e2mbitos da sociedade, em especial, na Pol\u00edcia Civil catarinense.<\/p>\n<p><b><u>Confira a programa\u00e7\u00e3o:<\/u><\/b><\/p><p><span style=\"font-family: var( --e-global-typography-primary-font-family ), Sans-serif; font-size: var( --e-global-typography-primary-font-size ); font-weight: var( --e-global-typography-primary-font-weight ); letter-spacing: var( --e-global-typography-primary-letter-spacing );\">Dia:&nbsp;<\/span><span style=\"font-family: var( --e-global-typography-primary-font-family ), Sans-serif; font-size: var( --e-global-typography-primary-font-size ); letter-spacing: var( --e-global-typography-primary-letter-spacing );\"><b>8 de mar\u00e7o<\/b><\/span><\/p>\n<p>Local: <b>Audit\u00f3rio da ACADEPOL<\/b><\/p>\n<p><b>Programa\u00e7\u00e3o:&nbsp;<\/b><\/p>\n<p>9h \u2013 abertura e apresenta\u00e7\u00e3o do evento<\/p>\n<p>10h \u2013 Palestra: <b>Ponto de Equil\u00edbrio<\/b>, com a psic\u00f3loga Juliana Mendes.<\/p>\n<p>11h- 14h \u2013 intervalo<\/p>\n<p>14h \u2013 Mesa redonda: <b>A Mulher na Contemporaneidade<\/b> com a presen\u00e7a das delegadas Maria Carolina Milani Caldas e Ana S\u00edlvia Serrano; psic\u00f3loga policial Danielle Cadan; agente de pol\u00edcia M\u00e1rcia Cristina Nunes Sacarduelli e a escriv\u00e3 de pol\u00edcia Rafaela Guiliani Hahn.<\/p>\n<p>16h \u2013 encerramento<\/p>\n<p><span style=\"font-family: var( --e-global-typography-primary-font-family ), Sans-serif; font-size: var( --e-global-typography-primary-font-size ); font-weight: var( --e-global-typography-primary-font-weight ); letter-spacing: var( --e-global-typography-primary-letter-spacing );\">Exclusivo para policiais civis.<\/span><br><\/p>\n<p>Contato para mais informa\u00e7\u00f5es pelo (48) 98845-0555.<\/p>\n<div>&nbsp;<\/div>\t\t\t\t\t\t\t\t<\/div>\n\t\t\t\t<\/div>\n\t\t\t\t\t<\/div>\n\t\t<\/div>\n\t\t\t\t\t<\/div>\n\t\t<\/section>\n\t\t\t\t<\/div>\n\t\t","protected":false},"excerpt":{"rendered":"<p>Acadepol promove debates interdisciplinares em alus\u00e3o ao Dia Internacional da Mulher A Pol\u00edcia Civil de Santa Catarina, por meio da Academia da Pol\u00edcia Civil (Acadepol) realiza no pr\u00f3ximo dia 08 de mar\u00e7o, em alus\u00e3o ao Dia Internacional da Mulher, o evento Debates Interdisciplinares em Comemora\u00e7\u00e3o ao Dia da Mulher para Mulheres Policiais Civis.&nbsp;&nbsp; O objetivo [&hellip;]<\/p>\n","protected":false},"author":5,"featured_media":17976,"comment_status":"closed","ping_status":"open","sticky":false,"template":"","format":"standard","meta":{"_monsterinsights_skip_tracking":false,"_monsterinsights_sitenote_active":false,"_monsterinsights_sitenote_note":"","_monsterinsights_sitenote_category":0,"footnotes":""},"categories":[1],"tags":[],"class_list":["post-17975","post","type-post","status-publish","format-standard","has-post-thumbnail","hentry","category-sem-categoria"],"_links":{"self":[{"href":"https:\/\/pc.sc.gov.br\/index.php?rest_route=\/wp\/v2\/posts\/17975","targetHints":{"allow":["GET"]}}],"collection":[{"href":"https:\/\/pc.sc.gov.br\/index.php?rest_route=\/wp\/v2\/posts"}],"about":[{"href":"https:\/\/pc.sc.gov.br\/index.php?rest_route=\/wp\/v2\/types\/post"}],"author":[{"embeddable":true,"href":"https:\/\/pc.sc.gov.br\/index.php?rest_route=\/wp\/v2\/users\/5"}],"replies":[{"embeddable":true,"href":"https:\/\/pc.sc.gov.br\/index.php?rest_route=%2Fwp%2Fv2%2Fcomments&post=17975"}],"version-history":[{"count":4,"href":"https:\/\/pc.sc.gov.br\/index.php?rest_route=\/wp\/v2\/posts\/17975\/revisions"}],"predecessor-version":[{"id":17981,"href":"https:\/\/pc.sc.gov.br\/index.php?rest_route=\/wp\/v2\/posts\/17975\/revisions\/17981"}],"wp:featuredmedia":[{"embeddable":true,"href":"https:\/\/pc.sc.gov.br\/index.php?rest_route=\/wp\/v2\/media\/17976"}],"wp:attachment":[{"href":"https:\/\/pc.sc.gov.br\/index.php?rest_route=%2Fwp%2Fv2%2Fmedia&parent=17975"}],"wp:term":[{"taxonomy":"category","embeddable":true,"href":"https:\/\/pc.sc.gov.br\/index.php?rest_route=%2Fwp%2Fv2%2Fcategories&post=17975"},{"taxonomy":"post_tag","embeddable":true,"href":"https:\/\/pc.sc.gov.br\/index.php?rest_route=%2Fwp%2Fv2%2Ftags&post=17975"}],"curies":[{"name":"wp","href":"https:\/\/api.w.org\/{rel}","templated":true}]}}