{"id":17984,"date":"2024-03-04T18:30:54","date_gmt":"2024-03-04T21:30:54","guid":{"rendered":"https:\/\/pc.sc.gov.br\/?p=17984"},"modified":"2024-03-04T18:31:51","modified_gmt":"2024-03-04T21:31:51","slug":"dic-de-itajai-prende-foragido-condenado-pelos-crimes-de-roubo-lesao-corporal-por-violencia-domestica-e-receptacao","status":"publish","type":"post","link":"https:\/\/pc.sc.gov.br\/?p=17984","title":{"rendered":"DIC de Itaja\u00ed prende foragido condenado pelos crimes de roubo, les\u00e3o corporal por viol\u00eancia dom\u00e9stica e recepta\u00e7\u00e3o"},"content":{"rendered":"\t\t<div data-elementor-type=\"wp-post\" data-elementor-id=\"17984\" class=\"elementor elementor-17984\" data-elementor-post-type=\"post\">\n\t\t\t\t\t\t<section class=\"elementor-section elementor-top-section elementor-element elementor-element-bf82e0c elementor-section-boxed elementor-section-height-default elementor-section-height-default\" data-id=\"bf82e0c\" data-element_type=\"section\">\n\t\t\t\t\t\t<div class=\"elementor-container elementor-column-gap-default\">\n\t\t\t\t\t<div class=\"elementor-column elementor-col-100 elementor-top-column elementor-element elementor-element-7a7f0f8\" data-id=\"7a7f0f8\" data-element_type=\"column\">\n\t\t\t<div class=\"elementor-widget-wrap elementor-element-populated\">\n\t\t\t\t\t\t<div class=\"elementor-element elementor-element-771f16a elementor-widget elementor-widget-heading\" data-id=\"771f16a\" data-element_type=\"widget\" data-widget_type=\"heading.default\">\n\t\t\t\t<div class=\"elementor-widget-container\">\n\t\t\t\t\t<h2 class=\"elementor-heading-title elementor-size-default\">DIC de Itaja\u00ed prende foragido condenado pelos crimes de roubo, les\u00e3o corporal por viol\u00eancia dom\u00e9stica e recepta\u00e7\u00e3o<\/h2>\t\t\t\t<\/div>\n\t\t\t\t<\/div>\n\t\t\t\t\t<\/div>\n\t\t<\/div>\n\t\t\t\t\t<\/div>\n\t\t<\/section>\n\t\t\t\t<section class=\"elementor-section elementor-top-section elementor-element elementor-element-23b8d04 elementor-section-boxed elementor-section-height-default elementor-section-height-default\" data-id=\"23b8d04\" data-element_type=\"section\">\n\t\t\t\t\t\t<div class=\"elementor-container elementor-column-gap-default\">\n\t\t\t\t\t<div class=\"elementor-column elementor-col-100 elementor-top-column elementor-element elementor-element-ea2bbf7\" data-id=\"ea2bbf7\" data-element_type=\"column\">\n\t\t\t<div class=\"elementor-widget-wrap elementor-element-populated\">\n\t\t\t\t\t\t<div class=\"elementor-element elementor-element-11b3f98 elementor-widget elementor-widget-image\" data-id=\"11b3f98\" data-element_type=\"widget\" data-widget_type=\"image.default\">\n\t\t\t\t<div class=\"elementor-widget-container\">\n\t\t\t\t\t\t\t\t\t\t\t\t\t\t\t<img fetchpriority=\"high\" decoding=\"async\" width=\"696\" height=\"583\" src=\"https:\/\/pc.sc.gov.br\/\/wp-content\/uploads\/2024\/03\/52798047036_d7bc95aaed_k-fotor-20231101135311.jpg\" class=\"attachment-large size-large wp-image-17986\" alt=\"\" srcset=\"https:\/\/pc.sc.gov.br\/\/wp-content\/uploads\/2024\/03\/52798047036_d7bc95aaed_k-fotor-20231101135311.jpg 961w, https:\/\/pc.sc.gov.br\/\/wp-content\/uploads\/2024\/03\/52798047036_d7bc95aaed_k-fotor-20231101135311-300x251.jpg 300w, https:\/\/pc.sc.gov.br\/\/wp-content\/uploads\/2024\/03\/52798047036_d7bc95aaed_k-fotor-20231101135311-768x643.jpg 768w\" sizes=\"(max-width: 696px) 100vw, 696px\" \/>\t\t\t\t\t\t\t\t\t\t\t\t\t\t\t<\/div>\n\t\t\t\t<\/div>\n\t\t\t\t\t<\/div>\n\t\t<\/div>\n\t\t\t\t\t<\/div>\n\t\t<\/section>\n\t\t\t\t<section class=\"elementor-section elementor-top-section elementor-element elementor-element-12d7fc4 elementor-section-boxed elementor-section-height-default elementor-section-height-default\" data-id=\"12d7fc4\" data-element_type=\"section\">\n\t\t\t\t\t\t<div class=\"elementor-container elementor-column-gap-default\">\n\t\t\t\t\t<div class=\"elementor-column elementor-col-100 elementor-top-column elementor-element elementor-element-abe4fab\" data-id=\"abe4fab\" data-element_type=\"column\">\n\t\t\t<div class=\"elementor-widget-wrap elementor-element-populated\">\n\t\t\t\t\t\t<div class=\"elementor-element elementor-element-936c300 elementor-widget elementor-widget-text-editor\" data-id=\"936c300\" data-element_type=\"widget\" data-widget_type=\"text-editor.default\">\n\t\t\t\t<div class=\"elementor-widget-container\">\n\t\t\t\t\t\t\t\t\t<p>A Pol\u00edcia Civil de Santa Catarina, por meio da Divis\u00e3o de Investiga\u00e7\u00e3o Criminal (DIC) de Itaja\u00ed deu cumprimento, na sexta-feira (01) a dois mandados de pris\u00e3o decorrentes de senten\u00e7a condenat\u00f3ria expedidos em desfavor de MR, homem 30 anos.<\/p><p>O foragido teve suas pris\u00f5es decretadas pela 1\u00aa Vara Criminal da Comarca de Lages e pela Vara \u00danica da Comarca de Urubici por ter sido condenado pelo cometimento de diversos crimes, como roubo, les\u00e3o corporal qualificada pela viol\u00eancia dom\u00e9stica e recepta\u00e7\u00e3o.<\/p><p>Ap\u00f3s troca de informa\u00e7\u00f5es com a Delegacia de Pol\u00edcia da Comarca de S\u00e3o Joaquim, o foragido foi localizado e capturado em sua resid\u00eancia, no bairro Cordeiros, em Itaja\u00ed.<\/p><p>O preso foi encaminhado ao sistema penitenci\u00e1rio, onde permanece \u00e0 disposi\u00e7\u00e3o da Justi\u00e7a.<\/p><div>\u00a0<\/div>\t\t\t\t\t\t\t\t<\/div>\n\t\t\t\t<\/div>\n\t\t\t\t\t<\/div>\n\t\t<\/div>\n\t\t\t\t\t<\/div>\n\t\t<\/section>\n\t\t\t\t<\/div>\n\t\t","protected":false},"excerpt":{"rendered":"<p>DIC de Itaja\u00ed prende foragido condenado pelos crimes de roubo, les\u00e3o corporal por viol\u00eancia dom\u00e9stica e recepta\u00e7\u00e3o A Pol\u00edcia Civil de Santa Catarina, por meio da Divis\u00e3o de Investiga\u00e7\u00e3o Criminal (DIC) de Itaja\u00ed deu cumprimento, na sexta-feira (01) a dois mandados de pris\u00e3o decorrentes de senten\u00e7a condenat\u00f3ria expedidos em desfavor de MR, homem 30 anos. [&hellip;]<\/p>\n","protected":false},"author":5,"featured_media":17794,"comment_status":"closed","ping_status":"open","sticky":false,"template":"","format":"standard","meta":{"_monsterinsights_skip_tracking":false,"_monsterinsights_sitenote_active":false,"_monsterinsights_sitenote_note":"","_monsterinsights_sitenote_category":0,"footnotes":""},"categories":[1],"tags":[],"class_list":["post-17984","post","type-post","status-publish","format-standard","has-post-thumbnail","hentry","category-sem-categoria"],"_links":{"self":[{"href":"https:\/\/pc.sc.gov.br\/index.php?rest_route=\/wp\/v2\/posts\/17984","targetHints":{"allow":["GET"]}}],"collection":[{"href":"https:\/\/pc.sc.gov.br\/index.php?rest_route=\/wp\/v2\/posts"}],"about":[{"href":"https:\/\/pc.sc.gov.br\/index.php?rest_route=\/wp\/v2\/types\/post"}],"author":[{"embeddable":true,"href":"https:\/\/pc.sc.gov.br\/index.php?rest_route=\/wp\/v2\/users\/5"}],"replies":[{"embeddable":true,"href":"https:\/\/pc.sc.gov.br\/index.php?rest_route=%2Fwp%2Fv2%2Fcomments&post=17984"}],"version-history":[{"count":4,"href":"https:\/\/pc.sc.gov.br\/index.php?rest_route=\/wp\/v2\/posts\/17984\/revisions"}],"predecessor-version":[{"id":17989,"href":"https:\/\/pc.sc.gov.br\/index.php?rest_route=\/wp\/v2\/posts\/17984\/revisions\/17989"}],"wp:featuredmedia":[{"embeddable":true,"href":"https:\/\/pc.sc.gov.br\/index.php?rest_route=\/wp\/v2\/media\/17794"}],"wp:attachment":[{"href":"https:\/\/pc.sc.gov.br\/index.php?rest_route=%2Fwp%2Fv2%2Fmedia&parent=17984"}],"wp:term":[{"taxonomy":"category","embeddable":true,"href":"https:\/\/pc.sc.gov.br\/index.php?rest_route=%2Fwp%2Fv2%2Fcategories&post=17984"},{"taxonomy":"post_tag","embeddable":true,"href":"https:\/\/pc.sc.gov.br\/index.php?rest_route=%2Fwp%2Fv2%2Ftags&post=17984"}],"curies":[{"name":"wp","href":"https:\/\/api.w.org\/{rel}","templated":true}]}}