{"id":17990,"date":"2024-03-05T15:24:42","date_gmt":"2024-03-05T18:24:42","guid":{"rendered":"https:\/\/pc.sc.gov.br\/?p=17990"},"modified":"2024-03-05T15:29:33","modified_gmt":"2024-03-05T18:29:33","slug":"policia-civil-de-santa-catarina-institui-programa-a-mulher-tem-voz-para-prevenir-e-combater-a-violencia-contra-mulher","status":"publish","type":"post","link":"https:\/\/pc.sc.gov.br\/?p=17990","title":{"rendered":"Pol\u00edcia Civil de Santa Catarina institui programa &#8220;A Mulher Tem Voz&#8221; para prevenir e combater a viol\u00eancia contra mulher"},"content":{"rendered":"\t\t<div data-elementor-type=\"wp-post\" data-elementor-id=\"17990\" class=\"elementor elementor-17990\" data-elementor-post-type=\"post\">\n\t\t\t\t\t\t<section class=\"elementor-section elementor-top-section elementor-element elementor-element-903ec84 elementor-section-boxed elementor-section-height-default elementor-section-height-default\" data-id=\"903ec84\" data-element_type=\"section\">\n\t\t\t\t\t\t<div class=\"elementor-container elementor-column-gap-default\">\n\t\t\t\t\t<div class=\"elementor-column elementor-col-100 elementor-top-column elementor-element elementor-element-c5eb365\" data-id=\"c5eb365\" data-element_type=\"column\">\n\t\t\t<div class=\"elementor-widget-wrap elementor-element-populated\">\n\t\t\t\t\t\t<div class=\"elementor-element elementor-element-c7c338f elementor-widget elementor-widget-heading\" data-id=\"c7c338f\" data-element_type=\"widget\" data-widget_type=\"heading.default\">\n\t\t\t\t<div class=\"elementor-widget-container\">\n\t\t\t\t\t<h2 class=\"elementor-heading-title elementor-size-default\">Pol\u00edcia Civil de Santa Catarina institui programa \"A Mulher Tem Voz\" para prevenir e combater a viol\u00eancia contra a mulher<\/h2>\t\t\t\t<\/div>\n\t\t\t\t<\/div>\n\t\t\t\t<div class=\"elementor-element elementor-element-8f4d34c elementor-widget elementor-widget-image\" data-id=\"8f4d34c\" data-element_type=\"widget\" data-widget_type=\"image.default\">\n\t\t\t\t<div class=\"elementor-widget-container\">\n\t\t\t\t\t\t\t\t\t\t\t\t\t\t\t<img fetchpriority=\"high\" decoding=\"async\" width=\"696\" height=\"522\" src=\"https:\/\/pc.sc.gov.br\/\/wp-content\/uploads\/2024\/01\/CARRO-VIATUIRA-SIRENE-NOITE-POLICIA-CIVIL-PCSC-1024x768.jpg\" class=\"attachment-large size-large wp-image-16597\" alt=\"\" srcset=\"https:\/\/pc.sc.gov.br\/\/wp-content\/uploads\/2024\/01\/CARRO-VIATUIRA-SIRENE-NOITE-POLICIA-CIVIL-PCSC-1024x768.jpg 1024w, https:\/\/pc.sc.gov.br\/\/wp-content\/uploads\/2024\/01\/CARRO-VIATUIRA-SIRENE-NOITE-POLICIA-CIVIL-PCSC-300x225.jpg 300w, https:\/\/pc.sc.gov.br\/\/wp-content\/uploads\/2024\/01\/CARRO-VIATUIRA-SIRENE-NOITE-POLICIA-CIVIL-PCSC-768x576.jpg 768w, https:\/\/pc.sc.gov.br\/\/wp-content\/uploads\/2024\/01\/CARRO-VIATUIRA-SIRENE-NOITE-POLICIA-CIVIL-PCSC.jpg 1280w\" sizes=\"(max-width: 696px) 100vw, 696px\" \/>\t\t\t\t\t\t\t\t\t\t\t\t\t\t\t<\/div>\n\t\t\t\t<\/div>\n\t\t\t\t\t<\/div>\n\t\t<\/div>\n\t\t\t\t\t<\/div>\n\t\t<\/section>\n\t\t\t\t<section class=\"elementor-section elementor-top-section elementor-element elementor-element-e65362a elementor-section-boxed elementor-section-height-default elementor-section-height-default\" data-id=\"e65362a\" data-element_type=\"section\">\n\t\t\t\t\t\t<div class=\"elementor-container elementor-column-gap-default\">\n\t\t\t\t\t<div class=\"elementor-column elementor-col-100 elementor-top-column elementor-element elementor-element-1cfe886\" data-id=\"1cfe886\" data-element_type=\"column\">\n\t\t\t<div class=\"elementor-widget-wrap elementor-element-populated\">\n\t\t\t\t\t\t<div class=\"elementor-element elementor-element-921d40f elementor-widget elementor-widget-text-editor\" data-id=\"921d40f\" data-element_type=\"widget\" data-widget_type=\"text-editor.default\">\n\t\t\t\t<div class=\"elementor-widget-container\">\n\t\t\t\t\t\t\t\t\t<p>A Pol\u00edcia Civil de Santa Catarina est\u00e1 instituindo o programa denominado &#8220;A Mulher Tem Voz&#8221;, que ser\u00e1 implementado no ambiente das casas noturnas, boates, espet\u00e1culos musicais, sejam eles realizados em locais fechados, abertos, shows e similares.&nbsp;<\/p>\n<p>De acordo com o delegado-geral Ulisses Gabriel, o objetivo da Resolu\u00e7\u00e3o, publicada no Di\u00e1rio Oficial do Estado no dia 04 de mar\u00e7o de 2024, \u00e9 promover a prote\u00e7\u00e3o e a preven\u00e7\u00e3o de constrangimento ou viol\u00eancia contra as mulheres. \u201cO plano de governo do governador Jorginho tem como objetivo combate \u00e0 viol\u00eancia dom\u00e9stica e \u00e9 por isso que a Pol\u00edcia Civil tem intensificado esse tipo de a\u00e7\u00e3o\u201d. Para isso, a Pol\u00edcia Civil aposta na educa\u00e7\u00e3o preventiva por meio de v\u00eddeos, materiais digitais, que ser\u00e3o disponibilizados no site da institui\u00e7\u00e3o, redes sociais, bem como atrav\u00e9s de palestras e por outros meios de divulga\u00e7\u00e3o.&nbsp;<\/p>\n<p>O delegado-geral destacou que esses locais que promovem entretenimento est\u00e3o sujeitos \u00e0 fiscaliza\u00e7\u00e3o da Pol\u00edcia Civil e que, para obter os alvar\u00e1s, ter\u00e3o que cumprir alguns requistos com vistas \u00e0 prote\u00e7\u00e3o da mulher. \u201cEm especial ter algu\u00e9m da equipe de colaboradores que possa, atrav\u00e9s de maneira qualificada, atender uma v\u00edtima de viol\u00eancia dom\u00e9stica ou sexual dentro de um estabelecimento. Outra a\u00e7\u00e3o importante \u00e9 que estes estabelecimentos mantenham de forma vis\u00edvel, preferencialmente nos banheiros femininos, cartazes com informa\u00e7\u00f5es pela qual a mulher pode acionar a Pol\u00edcia Civil, a Pol\u00edcia Militar e a Central de Atendimento \u00e0 Mulher atrav\u00e9s do n\u00famero 180\u201d, assinalou.&nbsp;<\/p>\n<p>Ulisses Gabriel enfatizou que o objetivo principal destas a\u00e7\u00f5es \u00e9 criar uma consci\u00eancia, junto aos propriet\u00e1rios e colaboradores destes locais de entretenimento, sobre a necessidade de apoiar e dar aten\u00e7\u00e3o adequada a uma mulher v\u00edtima de qualquer ataque. \u201cTamb\u00e9m disponibilizar a mulher informa\u00e7\u00f5es sobre seus direitos, ofertar \u00e0 mulher a possibilidade de acionar os \u00f3rg\u00e3os de seguran\u00e7a p\u00fablica, uma unidade de sa\u00fade de refer\u00eancia para imediato atendimento m\u00e9dico\u201d, disse. O delegado-geral assinalou a import\u00e2ncia de buscar atendimento dos \u00f3rg\u00e3os de seguran\u00e7a de forma imediata, em especial quando a agress\u00e3o deixou vest\u00edgios para que seja poss\u00edvel colher junto com a Pol\u00edcia Cient\u00edfica os materiais e tamb\u00e9m acompanhamento de um funcion\u00e1rio para garantir que a v\u00edtima seja embarcada com seguran\u00e7a.&nbsp;<\/p>\n<p>A Resolu\u00e7\u00e3o determina ainda que os estabelecimentos ter\u00e3o que colaborar com a identifica\u00e7\u00e3o de poss\u00edveis testemunhas e informa\u00e7\u00f5es e dados de sistemas e c\u00e2meras de seguran\u00e7a, que al\u00e9m de garantir o acesso da PCSC \u00e0s imagens, preservar o material que registra o fato pelo per\u00edodo de 30 dias. \u201cEnt\u00e3o \u00e9 uma forma que n\u00f3s encontramos de tentar prevenir a viol\u00eancia contra a mulher, em especial a de cunho sexual, f\u00edsico e criar mecanismos a\u00ed para fortalecer a repress\u00e3o desse tipo de il\u00edcito penal que como eu disse \u00e9 uma um grande desejo do governador Jorginho garantir que as mulheres catarinenses estejam seguras em todos os ambientes\u201d, finalizou.<\/p>\t\t\t\t\t\t\t\t<\/div>\n\t\t\t\t<\/div>\n\t\t\t\t\t<\/div>\n\t\t<\/div>\n\t\t\t\t\t<\/div>\n\t\t<\/section>\n\t\t\t\t<\/div>\n\t\t","protected":false},"excerpt":{"rendered":"<p>Pol\u00edcia Civil de Santa Catarina institui programa &#8220;A Mulher Tem Voz&#8221; para prevenir e combater a viol\u00eancia contra a mulher A Pol\u00edcia Civil de Santa Catarina est\u00e1 instituindo o programa denominado &#8220;A Mulher Tem Voz&#8221;, que ser\u00e1 implementado no ambiente das casas noturnas, boates, espet\u00e1culos musicais, sejam eles realizados em locais fechados, abertos, shows e [&hellip;]<\/p>\n","protected":false},"author":5,"featured_media":15332,"comment_status":"closed","ping_status":"open","sticky":false,"template":"","format":"standard","meta":{"_monsterinsights_skip_tracking":false,"_monsterinsights_sitenote_active":false,"_monsterinsights_sitenote_note":"","_monsterinsights_sitenote_category":0,"footnotes":""},"categories":[1],"tags":[],"class_list":["post-17990","post","type-post","status-publish","format-standard","has-post-thumbnail","hentry","category-sem-categoria"],"_links":{"self":[{"href":"https:\/\/pc.sc.gov.br\/index.php?rest_route=\/wp\/v2\/posts\/17990","targetHints":{"allow":["GET"]}}],"collection":[{"href":"https:\/\/pc.sc.gov.br\/index.php?rest_route=\/wp\/v2\/posts"}],"about":[{"href":"https:\/\/pc.sc.gov.br\/index.php?rest_route=\/wp\/v2\/types\/post"}],"author":[{"embeddable":true,"href":"https:\/\/pc.sc.gov.br\/index.php?rest_route=\/wp\/v2\/users\/5"}],"replies":[{"embeddable":true,"href":"https:\/\/pc.sc.gov.br\/index.php?rest_route=%2Fwp%2Fv2%2Fcomments&post=17990"}],"version-history":[{"count":7,"href":"https:\/\/pc.sc.gov.br\/index.php?rest_route=\/wp\/v2\/posts\/17990\/revisions"}],"predecessor-version":[{"id":18000,"href":"https:\/\/pc.sc.gov.br\/index.php?rest_route=\/wp\/v2\/posts\/17990\/revisions\/18000"}],"wp:featuredmedia":[{"embeddable":true,"href":"https:\/\/pc.sc.gov.br\/index.php?rest_route=\/wp\/v2\/media\/15332"}],"wp:attachment":[{"href":"https:\/\/pc.sc.gov.br\/index.php?rest_route=%2Fwp%2Fv2%2Fmedia&parent=17990"}],"wp:term":[{"taxonomy":"category","embeddable":true,"href":"https:\/\/pc.sc.gov.br\/index.php?rest_route=%2Fwp%2Fv2%2Fcategories&post=17990"},{"taxonomy":"post_tag","embeddable":true,"href":"https:\/\/pc.sc.gov.br\/index.php?rest_route=%2Fwp%2Fv2%2Ftags&post=17990"}],"curies":[{"name":"wp","href":"https:\/\/api.w.org\/{rel}","templated":true}]}}