{"id":18001,"date":"2024-03-05T16:28:12","date_gmt":"2024-03-05T19:28:12","guid":{"rendered":"https:\/\/pc.sc.gov.br\/?p=18001"},"modified":"2024-03-05T16:37:47","modified_gmt":"2024-03-05T19:37:47","slug":"operacao-caminhos-seguros-ate-o-dia-07-de-marco-pcsc-recebe-inscricoes-para-escrivaes-interessados-em-compor-forca-tarefa","status":"publish","type":"post","link":"https:\/\/pc.sc.gov.br\/?p=18001","title":{"rendered":"Opera\u00e7\u00e3o Caminhos Seguros: At\u00e9 o dia 07 de mar\u00e7o, PCSC recebe inscri\u00e7\u00f5es para escriv\u00e3es interessados em compor for\u00e7a-tarefa"},"content":{"rendered":"\t\t<div data-elementor-type=\"wp-post\" data-elementor-id=\"18001\" class=\"elementor elementor-18001\" data-elementor-post-type=\"post\">\n\t\t\t\t\t\t<section class=\"elementor-section elementor-top-section elementor-element elementor-element-304713b elementor-section-boxed elementor-section-height-default elementor-section-height-default\" data-id=\"304713b\" data-element_type=\"section\">\n\t\t\t\t\t\t<div class=\"elementor-container elementor-column-gap-default\">\n\t\t\t\t\t<div class=\"elementor-column elementor-col-100 elementor-top-column elementor-element elementor-element-32829a3\" data-id=\"32829a3\" data-element_type=\"column\">\n\t\t\t<div class=\"elementor-widget-wrap elementor-element-populated\">\n\t\t\t\t\t\t<div class=\"elementor-element elementor-element-2e7ddf5 elementor-widget elementor-widget-heading\" data-id=\"2e7ddf5\" data-element_type=\"widget\" data-widget_type=\"heading.default\">\n\t\t\t\t<div class=\"elementor-widget-container\">\n\t\t\t\t\t<h2 class=\"elementor-heading-title elementor-size-default\">Opera\u00e7\u00e3o Caminhos Seguros: At\u00e9 o dia 07 de mar\u00e7o, PCSC recebe inscri\u00e7\u00f5es para escriv\u00e3es interessados em compor for\u00e7a-tarefa<\/h2>\t\t\t\t<\/div>\n\t\t\t\t<\/div>\n\t\t\t\t\t<\/div>\n\t\t<\/div>\n\t\t\t\t\t<\/div>\n\t\t<\/section>\n\t\t\t\t<section class=\"elementor-section elementor-top-section elementor-element elementor-element-b83fbfc elementor-section-boxed elementor-section-height-default elementor-section-height-default\" data-id=\"b83fbfc\" data-element_type=\"section\">\n\t\t\t\t\t\t<div class=\"elementor-container elementor-column-gap-default\">\n\t\t\t\t\t<div class=\"elementor-column elementor-col-100 elementor-top-column elementor-element elementor-element-1f9f998\" data-id=\"1f9f998\" data-element_type=\"column\">\n\t\t\t<div class=\"elementor-widget-wrap elementor-element-populated\">\n\t\t\t\t\t\t<div class=\"elementor-element elementor-element-dc358c7 elementor-widget elementor-widget-image\" data-id=\"dc358c7\" data-element_type=\"widget\" data-widget_type=\"image.default\">\n\t\t\t\t<div class=\"elementor-widget-container\">\n\t\t\t\t\t\t\t\t\t\t\t\t\t\t\t<img fetchpriority=\"high\" decoding=\"async\" width=\"696\" height=\"333\" src=\"https:\/\/pc.sc.gov.br\/\/wp-content\/uploads\/2024\/03\/PCSC-Dados-fotor-2024030516352.jpg\" class=\"attachment-large size-large wp-image-18005\" alt=\"\" srcset=\"https:\/\/pc.sc.gov.br\/\/wp-content\/uploads\/2024\/03\/PCSC-Dados-fotor-2024030516352.jpg 1024w, https:\/\/pc.sc.gov.br\/\/wp-content\/uploads\/2024\/03\/PCSC-Dados-fotor-2024030516352-300x144.jpg 300w, https:\/\/pc.sc.gov.br\/\/wp-content\/uploads\/2024\/03\/PCSC-Dados-fotor-2024030516352-768x368.jpg 768w\" sizes=\"(max-width: 696px) 100vw, 696px\" \/>\t\t\t\t\t\t\t\t\t\t\t\t\t\t\t<\/div>\n\t\t\t\t<\/div>\n\t\t\t\t\t<\/div>\n\t\t<\/div>\n\t\t\t\t\t<\/div>\n\t\t<\/section>\n\t\t\t\t<section class=\"elementor-section elementor-top-section elementor-element elementor-element-76fc6ca elementor-section-boxed elementor-section-height-default elementor-section-height-default\" data-id=\"76fc6ca\" data-element_type=\"section\">\n\t\t\t\t\t\t<div class=\"elementor-container elementor-column-gap-default\">\n\t\t\t\t\t<div class=\"elementor-column elementor-col-100 elementor-top-column elementor-element elementor-element-2a4e011\" data-id=\"2a4e011\" data-element_type=\"column\">\n\t\t\t<div class=\"elementor-widget-wrap elementor-element-populated\">\n\t\t\t\t\t\t<div class=\"elementor-element elementor-element-b885619 elementor-widget elementor-widget-text-editor\" data-id=\"b885619\" data-element_type=\"widget\" data-widget_type=\"text-editor.default\">\n\t\t\t\t<div class=\"elementor-widget-container\">\n\t\t\t\t\t\t\t\t\t<p>A Pol\u00edcia Civil de Santa Catarina informa que est\u00e3o abertas as inscri\u00e7\u00f5es para escriv\u00e3es interessados em compor o refor\u00e7o policial da Opera\u00e7\u00e3o Caminhos Seguros, que ser\u00e1 realizada entre os dias 06\/05 a 10\/05 (1\u00ba per\u00edodo) e dos dias 13\/05 a 17\/02 (segundo per\u00edodo), em Crici\u00fama. A Opera\u00e7\u00e3o Caminhos Seguros visa o combate \u00e0 explora\u00e7\u00e3o Sexual de Crian\u00e7as e Adolescentes e ser\u00e1 gerida pela Coordenadoria das DPCAMIs.<\/p>\n<p>As inscri\u00e7\u00f5es ser\u00e3o realizadas, exclusivamente, por meio do SISTEMA INTEGRA (https:\/\/integra.pc.sc.gov.br\/), at\u00e9 o dia 07 de mar\u00e7o de 2024 e a escolha ser\u00e1 realizada mediante sorteio, salvo quando os inscritos para as vagas n\u00e3o forem suficientes e houver necessidade de convoca\u00e7\u00e3o.&nbsp;<span style=\"font-family: var( --e-global-typography-text-font-family ), Sans-serif; font-size: var( --e-global-typography-text-font-size );\">As inscri\u00e7\u00f5es estar\u00e3o dispon\u00edveis para os 02 per\u00edodos em uma \u00fanica oportunidade. O policial dever\u00e1 fazer a inscri\u00e7\u00e3o para um ou mais per\u00edodos nesta mesma ocasi\u00e3o, se o desejar.<\/span><\/p>\n<p>O candidato dever\u00e1 incluir suas chefias\/homologadores hier\u00e1rquicos (por exemplo: Titular da Delegacia de Pol\u00edcia, Delegado Regional e Diretor). Alguns policiais se excetuam dessa via hier\u00e1rquica, os quais poder\u00e3o incluir as chefias\/homologadores de forma diferenciada em uma ou duas vias hier\u00e1rquicas, como os policiais de Coordenadorias, Ger\u00eancias, Delegacias Regionais, Diretorias, COPC e outras.&nbsp;<span style=\"font-family: var( --e-global-typography-text-font-family ), Sans-serif; font-size: var( --e-global-typography-text-font-size );\">Caso alguma chefia hier\u00e1rquica do candidato estiver de f\u00e9rias, o candidato dever\u00e1 incluir o nome da chefia substituta como homologador.&nbsp;<\/span><span style=\"font-family: var( --e-global-typography-text-font-family ), Sans-serif; font-size: var( --e-global-typography-text-font-size );\">O candidato somente participar\u00e1 do sorteio caso sua inscri\u00e7\u00e3o seja devidamente homologada por toda a cadeia hier\u00e1rquica, n\u00e3o h\u00e1 a previs\u00e3o de homologa\u00e7\u00e3o t\u00e1cita.<\/span><\/p>\n<p>O prazo para inscri\u00e7\u00e3o se encerra no dia 07\/03\/2024 \u00e0s 17:00h, podendo ser reaberto dependendo da necessidade de gest\u00e3o do Setor de Opera\u00e7\u00f5es, sendo neste caso informada a reabertura para o email pctodos@pc.sc.gov.br.&nbsp;<span style=\"font-family: var( --e-global-typography-text-font-family ), Sans-serif; font-size: var( --e-global-typography-text-font-size );\">Esclarecemos que as inscri\u00e7\u00f5es ser\u00e3o apenas para Escriv\u00e3o de Pol\u00edcia e para os per\u00edodos acima descritos, os quais podem sofrer altera\u00e7\u00e3o de datas e per\u00edodos. As informa\u00e7\u00f5es de altera\u00e7\u00e3o de datas ser\u00e3o comunicadas atrav\u00e9s do email pctodos@pc.sc.gov.br.<\/span><\/p>\n<p>Os policiais que se inscreverem devem estar plenamente aptos para o trabalho policial, exercer as atividades de pol\u00edcia judici\u00e1ria, ter conhecimento b\u00e1sico e habilidade no Sistema Integrado de Seguran\u00e7a P\u00fablica (SISP), EPROC e no Sistema Audiovisual\/Videoconfer\u00eancia e estar habituado com os servi\u00e7os inerentes \u00e0s rotinas das DPCAMIs. Os policiais que n\u00e3o preencherem esses requisitos poder\u00e3o ser desconvocados.<\/p>\n<p>Os policiais do CTISP \u2013 Corpo Tempor\u00e1rio de Inativos da Seguran\u00e7a P\u00fablica no Estado podem participar da Opera\u00e7\u00e3o Caminhos Seguros.&nbsp;<span style=\"font-family: var( --e-global-typography-text-font-family ), Sans-serif; font-size: var( --e-global-typography-text-font-size );\">O policial inscrito poder\u00e1 acompanhar todos os tr\u00e2mites de homologa\u00e7\u00e3o de sua inscri\u00e7\u00e3o e resultado dos sorteios atrav\u00e9s do Sistema INTEGRA.<\/span><\/p>\n<p>A convoca\u00e7\u00e3o do policial se dar\u00e1 atrav\u00e9s de e-mail pelo Setor de Opera\u00e7\u00f5es \u00e0 respectiva Diretoria a qual o policial \u00e9 subordinado. Sendo que a Diretoria dever\u00e1 dar ci\u00eancia de imediato atrav\u00e9s das demais Unidades de Pol\u00edcia da cadeia hier\u00e1rquica em que o policial civil convocado \u00e9 subordinado.<\/p>\n<p>As di\u00e1rias ser\u00e3o custeadas pelo Minist\u00e9rio da Justi\u00e7a e Seguran\u00e7a Nacional, no valor de R$ 335,00\/dia (Trezentos e trinta e cinco reais).&nbsp;<span style=\"font-family: var( --e-global-typography-text-font-family ), Sans-serif; font-size: var( --e-global-typography-text-font-size );\">\u00c9 vedada a participa\u00e7\u00e3o de policiais lotados nas unidades subordinadas \u00e0 Delegacia Regional de Pol\u00edcia da cidade sede da opera\u00e7\u00e3o (6\u00aa DRP de Crici\u00fama).<\/span><\/p>\t\t\t\t\t\t\t\t<\/div>\n\t\t\t\t<\/div>\n\t\t\t\t\t<\/div>\n\t\t<\/div>\n\t\t\t\t\t<\/div>\n\t\t<\/section>\n\t\t\t\t<\/div>\n\t\t","protected":false},"excerpt":{"rendered":"<p>Opera\u00e7\u00e3o Caminhos Seguros: At\u00e9 o dia 07 de mar\u00e7o, PCSC recebe inscri\u00e7\u00f5es para escriv\u00e3es interessados em compor for\u00e7a-tarefa A Pol\u00edcia Civil de Santa Catarina informa que est\u00e3o abertas as inscri\u00e7\u00f5es para escriv\u00e3es interessados em compor o refor\u00e7o policial da Opera\u00e7\u00e3o Caminhos Seguros, que ser\u00e1 realizada entre os dias 06\/05 a 10\/05 (1\u00ba per\u00edodo) e dos [&hellip;]<\/p>\n","protected":false},"author":5,"featured_media":18005,"comment_status":"closed","ping_status":"open","sticky":false,"template":"","format":"standard","meta":{"_monsterinsights_skip_tracking":false,"_monsterinsights_sitenote_active":false,"_monsterinsights_sitenote_note":"","_monsterinsights_sitenote_category":0,"footnotes":""},"categories":[1],"tags":[],"class_list":["post-18001","post","type-post","status-publish","format-standard","has-post-thumbnail","hentry","category-sem-categoria"],"_links":{"self":[{"href":"https:\/\/pc.sc.gov.br\/index.php?rest_route=\/wp\/v2\/posts\/18001","targetHints":{"allow":["GET"]}}],"collection":[{"href":"https:\/\/pc.sc.gov.br\/index.php?rest_route=\/wp\/v2\/posts"}],"about":[{"href":"https:\/\/pc.sc.gov.br\/index.php?rest_route=\/wp\/v2\/types\/post"}],"author":[{"embeddable":true,"href":"https:\/\/pc.sc.gov.br\/index.php?rest_route=\/wp\/v2\/users\/5"}],"replies":[{"embeddable":true,"href":"https:\/\/pc.sc.gov.br\/index.php?rest_route=%2Fwp%2Fv2%2Fcomments&post=18001"}],"version-history":[{"count":3,"href":"https:\/\/pc.sc.gov.br\/index.php?rest_route=\/wp\/v2\/posts\/18001\/revisions"}],"predecessor-version":[{"id":18008,"href":"https:\/\/pc.sc.gov.br\/index.php?rest_route=\/wp\/v2\/posts\/18001\/revisions\/18008"}],"wp:featuredmedia":[{"embeddable":true,"href":"https:\/\/pc.sc.gov.br\/index.php?rest_route=\/wp\/v2\/media\/18005"}],"wp:attachment":[{"href":"https:\/\/pc.sc.gov.br\/index.php?rest_route=%2Fwp%2Fv2%2Fmedia&parent=18001"}],"wp:term":[{"taxonomy":"category","embeddable":true,"href":"https:\/\/pc.sc.gov.br\/index.php?rest_route=%2Fwp%2Fv2%2Fcategories&post=18001"},{"taxonomy":"post_tag","embeddable":true,"href":"https:\/\/pc.sc.gov.br\/index.php?rest_route=%2Fwp%2Fv2%2Ftags&post=18001"}],"curies":[{"name":"wp","href":"https:\/\/api.w.org\/{rel}","templated":true}]}}