{"id":18017,"date":"2024-03-05T17:56:22","date_gmt":"2024-03-05T20:56:22","guid":{"rendered":"https:\/\/pc.sc.gov.br\/?p=18017"},"modified":"2024-03-05T17:57:36","modified_gmt":"2024-03-05T20:57:36","slug":"decor-deic-apura-peculato-e-outros-crimes-em-camara-de-vereadores-de-municipio-da-regiao-sul","status":"publish","type":"post","link":"https:\/\/pc.sc.gov.br\/?p=18017","title":{"rendered":"DECOR\/DEIC apura peculato e outros crimes em C\u00e2mara de Vereadores de munic\u00edpio da regi\u00e3o Sul"},"content":{"rendered":"\t\t<div data-elementor-type=\"wp-post\" data-elementor-id=\"18017\" class=\"elementor elementor-18017\" data-elementor-post-type=\"post\">\n\t\t\t\t\t\t<section class=\"elementor-section elementor-top-section elementor-element elementor-element-df5a2b1 elementor-section-boxed elementor-section-height-default elementor-section-height-default\" data-id=\"df5a2b1\" data-element_type=\"section\">\n\t\t\t\t\t\t<div class=\"elementor-container elementor-column-gap-default\">\n\t\t\t\t\t<div class=\"elementor-column elementor-col-100 elementor-top-column elementor-element elementor-element-8da4e2d\" data-id=\"8da4e2d\" data-element_type=\"column\">\n\t\t\t<div class=\"elementor-widget-wrap elementor-element-populated\">\n\t\t\t\t\t\t<div class=\"elementor-element elementor-element-68edce7 elementor-widget elementor-widget-heading\" data-id=\"68edce7\" data-element_type=\"widget\" data-widget_type=\"heading.default\">\n\t\t\t\t<div class=\"elementor-widget-container\">\n\t\t\t\t\t<h2 class=\"elementor-heading-title elementor-size-default\">DECOR\/DEIC apura peculato e outros crimes em C\u00e2mara de Vereadores de munic\u00edpio da regi\u00e3o Sul<\/h2>\t\t\t\t<\/div>\n\t\t\t\t<\/div>\n\t\t\t\t\t<\/div>\n\t\t<\/div>\n\t\t\t\t\t<\/div>\n\t\t<\/section>\n\t\t\t\t<section class=\"elementor-section elementor-top-section elementor-element elementor-element-cf3120e elementor-section-boxed elementor-section-height-default elementor-section-height-default\" data-id=\"cf3120e\" data-element_type=\"section\">\n\t\t\t\t\t\t<div class=\"elementor-container elementor-column-gap-default\">\n\t\t\t\t\t<div class=\"elementor-column elementor-col-100 elementor-top-column elementor-element elementor-element-8a3d252\" data-id=\"8a3d252\" data-element_type=\"column\">\n\t\t\t<div class=\"elementor-widget-wrap elementor-element-populated\">\n\t\t\t\t\t\t<div class=\"elementor-element elementor-element-6065546 elementor-widget elementor-widget-image\" data-id=\"6065546\" data-element_type=\"widget\" data-widget_type=\"image.default\">\n\t\t\t\t<div class=\"elementor-widget-container\">\n\t\t\t\t\t\t\t\t\t\t\t\t\t\t\t<img fetchpriority=\"high\" decoding=\"async\" width=\"696\" height=\"472\" src=\"https:\/\/pc.sc.gov.br\/\/wp-content\/uploads\/2024\/03\/a456d685-3831-4c24-89d2-d46fb59a1320-fotor-2024030517516.jpg\" class=\"attachment-large size-large wp-image-18018\" alt=\"\" srcset=\"https:\/\/pc.sc.gov.br\/\/wp-content\/uploads\/2024\/03\/a456d685-3831-4c24-89d2-d46fb59a1320-fotor-2024030517516.jpg 912w, https:\/\/pc.sc.gov.br\/\/wp-content\/uploads\/2024\/03\/a456d685-3831-4c24-89d2-d46fb59a1320-fotor-2024030517516-300x203.jpg 300w, https:\/\/pc.sc.gov.br\/\/wp-content\/uploads\/2024\/03\/a456d685-3831-4c24-89d2-d46fb59a1320-fotor-2024030517516-768x520.jpg 768w\" sizes=\"(max-width: 696px) 100vw, 696px\" \/>\t\t\t\t\t\t\t\t\t\t\t\t\t\t\t<\/div>\n\t\t\t\t<\/div>\n\t\t\t\t\t<\/div>\n\t\t<\/div>\n\t\t\t\t\t<\/div>\n\t\t<\/section>\n\t\t\t\t<section class=\"elementor-section elementor-top-section elementor-element elementor-element-022558d elementor-section-boxed elementor-section-height-default elementor-section-height-default\" data-id=\"022558d\" data-element_type=\"section\">\n\t\t\t\t\t\t<div class=\"elementor-container elementor-column-gap-default\">\n\t\t\t\t\t<div class=\"elementor-column elementor-col-100 elementor-top-column elementor-element elementor-element-cbdb779\" data-id=\"cbdb779\" data-element_type=\"column\">\n\t\t\t<div class=\"elementor-widget-wrap elementor-element-populated\">\n\t\t\t\t\t\t<div class=\"elementor-element elementor-element-2a9fec6 elementor-widget elementor-widget-text-editor\" data-id=\"2a9fec6\" data-element_type=\"widget\" data-widget_type=\"text-editor.default\">\n\t\t\t\t<div class=\"elementor-widget-container\">\n\t\t\t\t\t\t\t\t\t<p>A Pol\u00edcia Civil do Estado de Santa Catarina, por meio da 2\u00b0 Delegacia de Combate \u00e0 Corrup\u00e7\u00e3o da DEIC (2\u00b0DECOR\/DEIC), cumpriu nesta ter\u00e7a-feira (05) mandados de busca e apreens\u00e3o, sequestro de valores e afastamento de servidores efetivos e de vereador vinculados \u00e0 C\u00e2mara de Vereadores de munic\u00edpio da regi\u00e3o sul.<\/p>\n<p>As investiga\u00e7\u00f5es iniciaram-se em outubro de 2023 apurando fatos que indicam ao desvio de verba p\u00fablica em benef\u00edcio dos particulares, assim como de servidores efetivos da casa legislativa.&nbsp;<span style=\"font-family: var( --e-global-typography-primary-font-family ), Sans-serif; font-size: var( --e-global-typography-primary-font-size ); font-weight: var( --e-global-typography-primary-font-weight ); letter-spacing: var( --e-global-typography-primary-letter-spacing );\">Em dezembro de 2023, ap\u00f3s manifesta\u00e7\u00e3o favor\u00e1vel do Minist\u00e9rio P\u00fablico e deferimento pelo Poder Judici\u00e1rio, deu-se cumprimento a 11 (onze) mandados de busca e apreens\u00e3o, sendo coletado diversos elementos informativos que corroboraram com as dilig\u00eancias iniciais.<\/span><\/p>\n<p>As investiga\u00e7\u00f5es apuram, em s\u00edntese, dois fatos e, nesta ter\u00e7a-feira (05), volta-se contra um deles que, segundo apurado, tratou-se da simula\u00e7\u00e3o de contrato de presta\u00e7\u00e3o de servi\u00e7o para, assim, permitir o desvio da verba p\u00fablica e, por consequ\u00eancia, o rateio da vantagem indevida entre os investigados.<\/p>\n<p>Diante dos elementos informativos produzidos, a Pol\u00edcia Civil do Estado de Santa Catarina representou por ordens judiciais, restando-as deferidas para, desta forma, permitir o cumprimento de novas buscas e apreens\u00f5es, assim como o afastamento de dois servidores efetivos da casa legislativa e de um vereador (presidente da casa na \u00e9poca dos fatos) e, ainda, o sequestro de valores dos investigados para, desta forma, garantir eventual ressarcimento aos cofres p\u00fablicos.<\/p>\n<p>As investiga\u00e7\u00f5es prosseguem para apurar o outro fato investigado (aquisi\u00e7\u00e3o de itens em quantitativo e valores superfaturados), assim como o envolvimento, ou n\u00e3o, de outros servidores.&nbsp;<span style=\"font-family: var( --e-global-typography-primary-font-family ), Sans-serif; font-size: var( --e-global-typography-primary-font-size ); font-weight: var( --e-global-typography-primary-font-weight ); letter-spacing: var( --e-global-typography-primary-letter-spacing );\">Participaram da opera\u00e7\u00e3o policiais civis da CECOR, DECOR\/DEIC, 1\u00b0DECOR, LAB\/LD, DPCo de Bra\u00e7o do Norte e representantes da OAB\/SC.<\/span><\/p>\n<p><b>Colabore com a Pol\u00edcia Civil atrav\u00e9s dos n\u00fameros 181 ou 48-3631-9944<\/b><\/p>\n<div>&nbsp;<\/div>\t\t\t\t\t\t\t\t<\/div>\n\t\t\t\t<\/div>\n\t\t\t\t\t<\/div>\n\t\t<\/div>\n\t\t\t\t\t<\/div>\n\t\t<\/section>\n\t\t\t\t<\/div>\n\t\t","protected":false},"excerpt":{"rendered":"<p>DECOR\/DEIC apura peculato e outros crimes em C\u00e2mara de Vereadores de munic\u00edpio da regi\u00e3o Sul A Pol\u00edcia Civil do Estado de Santa Catarina, por meio da 2\u00b0 Delegacia de Combate \u00e0 Corrup\u00e7\u00e3o da DEIC (2\u00b0DECOR\/DEIC), cumpriu nesta ter\u00e7a-feira (05) mandados de busca e apreens\u00e3o, sequestro de valores e afastamento de servidores efetivos e de vereador [&hellip;]<\/p>\n","protected":false},"author":5,"featured_media":18018,"comment_status":"closed","ping_status":"open","sticky":false,"template":"","format":"standard","meta":{"_monsterinsights_skip_tracking":false,"_monsterinsights_sitenote_active":false,"_monsterinsights_sitenote_note":"","_monsterinsights_sitenote_category":0,"footnotes":""},"categories":[1],"tags":[],"class_list":["post-18017","post","type-post","status-publish","format-standard","has-post-thumbnail","hentry","category-sem-categoria"],"_links":{"self":[{"href":"https:\/\/pc.sc.gov.br\/index.php?rest_route=\/wp\/v2\/posts\/18017","targetHints":{"allow":["GET"]}}],"collection":[{"href":"https:\/\/pc.sc.gov.br\/index.php?rest_route=\/wp\/v2\/posts"}],"about":[{"href":"https:\/\/pc.sc.gov.br\/index.php?rest_route=\/wp\/v2\/types\/post"}],"author":[{"embeddable":true,"href":"https:\/\/pc.sc.gov.br\/index.php?rest_route=\/wp\/v2\/users\/5"}],"replies":[{"embeddable":true,"href":"https:\/\/pc.sc.gov.br\/index.php?rest_route=%2Fwp%2Fv2%2Fcomments&post=18017"}],"version-history":[{"count":4,"href":"https:\/\/pc.sc.gov.br\/index.php?rest_route=\/wp\/v2\/posts\/18017\/revisions"}],"predecessor-version":[{"id":18022,"href":"https:\/\/pc.sc.gov.br\/index.php?rest_route=\/wp\/v2\/posts\/18017\/revisions\/18022"}],"wp:featuredmedia":[{"embeddable":true,"href":"https:\/\/pc.sc.gov.br\/index.php?rest_route=\/wp\/v2\/media\/18018"}],"wp:attachment":[{"href":"https:\/\/pc.sc.gov.br\/index.php?rest_route=%2Fwp%2Fv2%2Fmedia&parent=18017"}],"wp:term":[{"taxonomy":"category","embeddable":true,"href":"https:\/\/pc.sc.gov.br\/index.php?rest_route=%2Fwp%2Fv2%2Fcategories&post=18017"},{"taxonomy":"post_tag","embeddable":true,"href":"https:\/\/pc.sc.gov.br\/index.php?rest_route=%2Fwp%2Fv2%2Ftags&post=18017"}],"curies":[{"name":"wp","href":"https:\/\/api.w.org\/{rel}","templated":true}]}}