{"id":1802,"date":"2022-12-06T11:16:00","date_gmt":"2022-12-06T14:16:00","guid":{"rendered":"https:\/\/pc.sc.gov.br\/?p=1802"},"modified":"2022-12-14T08:54:07","modified_gmt":"2022-12-14T11:54:07","slug":"policia-civil-deflagra-terceira-fase-da-operacao-linha-de-chegada-no-oeste-do-estado","status":"publish","type":"post","link":"https:\/\/pc.sc.gov.br\/?p=1802","title":{"rendered":"Pol\u00edcia Civil deflagra terceira fase da opera\u00e7\u00e3o \u201cLinha de Chegada\u201d no oeste do Estado"},"content":{"rendered":"\t\t<div data-elementor-type=\"wp-post\" data-elementor-id=\"1802\" class=\"elementor elementor-1802\" data-elementor-post-type=\"post\">\n\t\t\t\t\t\t<section class=\"elementor-section elementor-top-section elementor-element elementor-element-9db8b56 elementor-section-boxed elementor-section-height-default elementor-section-height-default\" data-id=\"9db8b56\" data-element_type=\"section\">\n\t\t\t\t\t\t<div class=\"elementor-container elementor-column-gap-default\">\n\t\t\t\t\t<div class=\"elementor-column elementor-col-100 elementor-top-column elementor-element elementor-element-76699af\" data-id=\"76699af\" data-element_type=\"column\">\n\t\t\t<div class=\"elementor-widget-wrap elementor-element-populated\">\n\t\t\t\t\t\t<div class=\"elementor-element elementor-element-e17a678 elementor-widget elementor-widget-heading\" data-id=\"e17a678\" data-element_type=\"widget\" data-widget_type=\"heading.default\">\n\t\t\t\t<div class=\"elementor-widget-container\">\n\t\t\t\t\t<h2 class=\"elementor-heading-title elementor-size-default\">Pol\u00edcia Civil deflagra terceira fase da opera\u00e7\u00e3o \u201cLinha de Chegada\u201d no oeste do Estado<\/h2>\t\t\t\t<\/div>\n\t\t\t\t<\/div>\n\t\t\t\t\t<\/div>\n\t\t<\/div>\n\t\t\t\t\t<\/div>\n\t\t<\/section>\n\t\t\t\t<section class=\"elementor-section elementor-top-section elementor-element elementor-element-ad4bee7 elementor-section-boxed elementor-section-height-default elementor-section-height-default\" data-id=\"ad4bee7\" data-element_type=\"section\">\n\t\t\t\t\t\t<div class=\"elementor-container elementor-column-gap-default\">\n\t\t\t\t\t<div class=\"elementor-column elementor-col-100 elementor-top-column elementor-element elementor-element-629e203\" data-id=\"629e203\" data-element_type=\"column\">\n\t\t\t<div class=\"elementor-widget-wrap elementor-element-populated\">\n\t\t\t\t\t\t<div class=\"elementor-element elementor-element-6ef31ba elementor-widget elementor-widget-image\" data-id=\"6ef31ba\" data-element_type=\"widget\" data-widget_type=\"image.default\">\n\t\t\t\t<div class=\"elementor-widget-container\">\n\t\t\t\t\t\t\t\t\t\t\t\t\t\t\t<img fetchpriority=\"high\" decoding=\"async\" width=\"696\" height=\"745\" src=\"https:\/\/pc.sc.gov.br\/\/wp-content\/uploads\/2022\/12\/07-957x1024.jpg\" class=\"attachment-large size-large wp-image-1804\" alt=\"\" srcset=\"https:\/\/pc.sc.gov.br\/\/wp-content\/uploads\/2022\/12\/07-957x1024.jpg 957w, https:\/\/pc.sc.gov.br\/\/wp-content\/uploads\/2022\/12\/07-280x300.jpg 280w, https:\/\/pc.sc.gov.br\/\/wp-content\/uploads\/2022\/12\/07-768x822.jpg 768w, https:\/\/pc.sc.gov.br\/\/wp-content\/uploads\/2022\/12\/07.jpg 1196w\" sizes=\"(max-width: 696px) 100vw, 696px\" \/>\t\t\t\t\t\t\t\t\t\t\t\t\t\t\t<\/div>\n\t\t\t\t<\/div>\n\t\t\t\t<div class=\"elementor-element elementor-element-4c816e5 elementor-widget elementor-widget-text-editor\" data-id=\"4c816e5\" data-element_type=\"widget\" data-widget_type=\"text-editor.default\">\n\t\t\t\t<div class=\"elementor-widget-container\">\n\t\t\t\t\t\t\t\t\t<p>A Pol\u00edcia Civil de Santa Catarina, por meio de Delegacias de Pol\u00edcia de Ipumirim e Irani, deflagraram a terceira fase da opera\u00e7\u00e3o \u201cLinha de Chegada\u201d no oeste do Estado. Na manh\u00e3 desta ter\u00e7a-feira (6), policiais civis cumpriram tr\u00eas mandados de pris\u00e3o preventiva, em Conc\u00f3rdia.<\/p><p>Al\u00e9m disso, tamb\u00e9m foram cumpridos mandados de pris\u00e3o preventiva no Pres\u00eddio Regional de Conc\u00f3rdia, no Pres\u00eddio Feminino de Chapec\u00f3 e na Penitenci\u00e1ria Modulada de Charqueadas, no Rio Grande do Sul, locais em que os demais investigados j\u00e1 se encontravam presos em decorr\u00eancia de mandados judiciais expedidos durante o curso do inqu\u00e9rito policial.<\/p><p>Dessa forma, ap\u00f3s a conclus\u00e3o do inqu\u00e9rito policial, 13 pessoas foram indiciadas pelos crimes de integrar organiza\u00e7\u00e3o criminosa e tr\u00e1fico de drogas.<\/p><p><strong>Opera\u00e7\u00e3o \u201cLinha de Chegada\u201d<\/strong><\/p><p>A opera\u00e7\u00e3o \u201cLinha de Chegada\u201d foi desencadeada ap\u00f3s a apreens\u00e3o de mais de 400 kg de maconha em junho deste ano. Durante a primeira fase da opera\u00e7\u00e3o, deflagrada em setembro deste ano, foram apreendidos R$ 8 mil em esp\u00e9cie, cumpridos cinco mandados de busca e apreens\u00e3o e seis mandados de pris\u00e3o preventiva. J\u00e1 na segunda fase da opera\u00e7\u00e3o, deflagrada em outubro deste ano, foram cumpridos dois mandados de busca e apreens\u00e3o e apreendidos cerca de 11 kg de maconha.<\/p>\t\t\t\t\t\t\t\t<\/div>\n\t\t\t\t<\/div>\n\t\t\t\t\t<\/div>\n\t\t<\/div>\n\t\t\t\t\t<\/div>\n\t\t<\/section>\n\t\t\t\t<\/div>\n\t\t","protected":false},"excerpt":{"rendered":"<p>Pol\u00edcia Civil deflagra terceira fase da opera\u00e7\u00e3o \u201cLinha de Chegada\u201d no oeste do Estado A Pol\u00edcia Civil de Santa Catarina, por meio de Delegacias de Pol\u00edcia de Ipumirim e Irani, deflagraram a terceira fase da opera\u00e7\u00e3o \u201cLinha de Chegada\u201d no oeste do Estado. Na manh\u00e3 desta ter\u00e7a-feira (6), policiais civis cumpriram tr\u00eas mandados de pris\u00e3o [&hellip;]<\/p>\n","protected":false},"author":2,"featured_media":1804,"comment_status":"closed","ping_status":"open","sticky":false,"template":"elementor_header_footer","format":"standard","meta":{"_monsterinsights_skip_tracking":false,"_monsterinsights_sitenote_active":false,"_monsterinsights_sitenote_note":"","_monsterinsights_sitenote_category":0,"footnotes":""},"categories":[1],"tags":[],"class_list":["post-1802","post","type-post","status-publish","format-standard","has-post-thumbnail","hentry","category-sem-categoria"],"_links":{"self":[{"href":"https:\/\/pc.sc.gov.br\/index.php?rest_route=\/wp\/v2\/posts\/1802","targetHints":{"allow":["GET"]}}],"collection":[{"href":"https:\/\/pc.sc.gov.br\/index.php?rest_route=\/wp\/v2\/posts"}],"about":[{"href":"https:\/\/pc.sc.gov.br\/index.php?rest_route=\/wp\/v2\/types\/post"}],"author":[{"embeddable":true,"href":"https:\/\/pc.sc.gov.br\/index.php?rest_route=\/wp\/v2\/users\/2"}],"replies":[{"embeddable":true,"href":"https:\/\/pc.sc.gov.br\/index.php?rest_route=%2Fwp%2Fv2%2Fcomments&post=1802"}],"version-history":[{"count":4,"href":"https:\/\/pc.sc.gov.br\/index.php?rest_route=\/wp\/v2\/posts\/1802\/revisions"}],"predecessor-version":[{"id":1809,"href":"https:\/\/pc.sc.gov.br\/index.php?rest_route=\/wp\/v2\/posts\/1802\/revisions\/1809"}],"wp:featuredmedia":[{"embeddable":true,"href":"https:\/\/pc.sc.gov.br\/index.php?rest_route=\/wp\/v2\/media\/1804"}],"wp:attachment":[{"href":"https:\/\/pc.sc.gov.br\/index.php?rest_route=%2Fwp%2Fv2%2Fmedia&parent=1802"}],"wp:term":[{"taxonomy":"category","embeddable":true,"href":"https:\/\/pc.sc.gov.br\/index.php?rest_route=%2Fwp%2Fv2%2Fcategories&post=1802"},{"taxonomy":"post_tag","embeddable":true,"href":"https:\/\/pc.sc.gov.br\/index.php?rest_route=%2Fwp%2Fv2%2Ftags&post=1802"}],"curies":[{"name":"wp","href":"https:\/\/api.w.org\/{rel}","templated":true}]}}