{"id":18058,"date":"2024-03-06T19:04:21","date_gmt":"2024-03-06T22:04:21","guid":{"rendered":"https:\/\/pc.sc.gov.br\/?p=18058"},"modified":"2024-03-06T19:05:19","modified_gmt":"2024-03-06T22:05:19","slug":"dpcofron-cumpre-dois-mandados-de-prisao-por-condenacao-em-trafico-de-drogas","status":"publish","type":"post","link":"https:\/\/pc.sc.gov.br\/?p=18058","title":{"rendered":"DPCoFRON cumpre dois mandados de pris\u00e3o por condena\u00e7\u00e3o em tr\u00e1fico de drogas"},"content":{"rendered":"\t\t<div data-elementor-type=\"wp-post\" data-elementor-id=\"18058\" class=\"elementor elementor-18058\" data-elementor-post-type=\"post\">\n\t\t\t\t\t\t<section class=\"elementor-section elementor-top-section elementor-element elementor-element-36f33cc elementor-section-boxed elementor-section-height-default elementor-section-height-default\" data-id=\"36f33cc\" data-element_type=\"section\">\n\t\t\t\t\t\t<div class=\"elementor-container elementor-column-gap-default\">\n\t\t\t\t\t<div class=\"elementor-column elementor-col-100 elementor-top-column elementor-element elementor-element-2b6117b\" data-id=\"2b6117b\" data-element_type=\"column\">\n\t\t\t<div class=\"elementor-widget-wrap elementor-element-populated\">\n\t\t\t\t\t\t<div class=\"elementor-element elementor-element-ea38b02 elementor-widget elementor-widget-heading\" data-id=\"ea38b02\" data-element_type=\"widget\" data-widget_type=\"heading.default\">\n\t\t\t\t<div class=\"elementor-widget-container\">\n\t\t\t\t\t<h2 class=\"elementor-heading-title elementor-size-default\">DPCoFRON cumpre dois mandados de pris\u00e3o por condena\u00e7\u00e3o em tr\u00e1fico de drogas<\/h2>\t\t\t\t<\/div>\n\t\t\t\t<\/div>\n\t\t\t\t\t<\/div>\n\t\t<\/div>\n\t\t\t\t\t<\/div>\n\t\t<\/section>\n\t\t\t\t<section class=\"elementor-section elementor-top-section elementor-element elementor-element-bcb29a4 elementor-section-boxed elementor-section-height-default elementor-section-height-default\" data-id=\"bcb29a4\" data-element_type=\"section\">\n\t\t\t\t\t\t<div class=\"elementor-container elementor-column-gap-default\">\n\t\t\t\t\t<div class=\"elementor-column elementor-col-100 elementor-top-column elementor-element elementor-element-ca55dc0\" data-id=\"ca55dc0\" data-element_type=\"column\">\n\t\t\t<div class=\"elementor-widget-wrap elementor-element-populated\">\n\t\t\t\t\t\t<div class=\"elementor-element elementor-element-fb47af2 elementor-widget elementor-widget-image\" data-id=\"fb47af2\" data-element_type=\"widget\" data-widget_type=\"image.default\">\n\t\t\t\t<div class=\"elementor-widget-container\">\n\t\t\t\t\t\t\t\t\t\t\t\t\t\t\t<img fetchpriority=\"high\" decoding=\"async\" width=\"696\" height=\"499\" src=\"https:\/\/pc.sc.gov.br\/\/wp-content\/uploads\/2024\/03\/WhatsApp-Image-2024-03-06-at-18.50.33-fotor-2024030619312-1024x734.jpg\" class=\"attachment-large size-large wp-image-18059\" alt=\"\" srcset=\"https:\/\/pc.sc.gov.br\/\/wp-content\/uploads\/2024\/03\/WhatsApp-Image-2024-03-06-at-18.50.33-fotor-2024030619312-1024x734.jpg 1024w, https:\/\/pc.sc.gov.br\/\/wp-content\/uploads\/2024\/03\/WhatsApp-Image-2024-03-06-at-18.50.33-fotor-2024030619312-300x215.jpg 300w, https:\/\/pc.sc.gov.br\/\/wp-content\/uploads\/2024\/03\/WhatsApp-Image-2024-03-06-at-18.50.33-fotor-2024030619312-768x550.jpg 768w, https:\/\/pc.sc.gov.br\/\/wp-content\/uploads\/2024\/03\/WhatsApp-Image-2024-03-06-at-18.50.33-fotor-2024030619312.jpg 1026w\" sizes=\"(max-width: 696px) 100vw, 696px\" \/>\t\t\t\t\t\t\t\t\t\t\t\t\t\t\t<\/div>\n\t\t\t\t<\/div>\n\t\t\t\t\t<\/div>\n\t\t<\/div>\n\t\t\t\t\t<\/div>\n\t\t<\/section>\n\t\t\t\t<section class=\"elementor-section elementor-top-section elementor-element elementor-element-a8e56d5 elementor-section-boxed elementor-section-height-default elementor-section-height-default\" data-id=\"a8e56d5\" data-element_type=\"section\">\n\t\t\t\t\t\t<div class=\"elementor-container elementor-column-gap-default\">\n\t\t\t\t\t<div class=\"elementor-column elementor-col-100 elementor-top-column elementor-element elementor-element-21c75ed\" data-id=\"21c75ed\" data-element_type=\"column\">\n\t\t\t<div class=\"elementor-widget-wrap elementor-element-populated\">\n\t\t\t\t\t\t<div class=\"elementor-element elementor-element-e1fe37c elementor-widget elementor-widget-text-editor\" data-id=\"e1fe37c\" data-element_type=\"widget\" data-widget_type=\"text-editor.default\">\n\t\t\t\t<div class=\"elementor-widget-container\">\n\t\t\t\t\t\t\t\t\t<p>A Pol\u00edcia Civil de Santa Catarina, por meio da Delegacia da Pol\u00edcia de Comarca de S\u00e3o Miguel do Oeste (DPCoFron), por meio do Setor de Investiga\u00e7\u00e3o Criminal prendeu, na tarde desta quarta-feira (06), um homem e uma mulher com senten\u00e7a definitiva por tr\u00e1fico de drogas com pena de 7 anos e 3 meses.&nbsp;<\/p>\n<p>O crime foi investigado pela DPCO de Descanso ainda no ano de 2017 sendo o mandado expedido pela vara \u00fanica daquela cidade.&nbsp;<span style=\"font-family: var( --e-global-typography-text-font-family ), Sans-serif; font-size: var( --e-global-typography-text-font-size );\">Os dois permanecem a disposi\u00e7\u00e3o do Poder Judici\u00e1rio.<\/span><\/p>\n<div>&nbsp;<\/div>\t\t\t\t\t\t\t\t<\/div>\n\t\t\t\t<\/div>\n\t\t\t\t\t<\/div>\n\t\t<\/div>\n\t\t\t\t\t<\/div>\n\t\t<\/section>\n\t\t\t\t<\/div>\n\t\t","protected":false},"excerpt":{"rendered":"<p>DPCoFRON cumpre dois mandados de pris\u00e3o por condena\u00e7\u00e3o em tr\u00e1fico de drogas A Pol\u00edcia Civil de Santa Catarina, por meio da Delegacia da Pol\u00edcia de Comarca de S\u00e3o Miguel do Oeste (DPCoFron), por meio do Setor de Investiga\u00e7\u00e3o Criminal prendeu, na tarde desta quarta-feira (06), um homem e uma mulher com senten\u00e7a definitiva por tr\u00e1fico [&hellip;]<\/p>\n","protected":false},"author":5,"featured_media":18059,"comment_status":"closed","ping_status":"open","sticky":false,"template":"","format":"standard","meta":{"_monsterinsights_skip_tracking":false,"_monsterinsights_sitenote_active":false,"_monsterinsights_sitenote_note":"","_monsterinsights_sitenote_category":0,"footnotes":""},"categories":[1],"tags":[],"class_list":["post-18058","post","type-post","status-publish","format-standard","has-post-thumbnail","hentry","category-sem-categoria"],"_links":{"self":[{"href":"https:\/\/pc.sc.gov.br\/index.php?rest_route=\/wp\/v2\/posts\/18058","targetHints":{"allow":["GET"]}}],"collection":[{"href":"https:\/\/pc.sc.gov.br\/index.php?rest_route=\/wp\/v2\/posts"}],"about":[{"href":"https:\/\/pc.sc.gov.br\/index.php?rest_route=\/wp\/v2\/types\/post"}],"author":[{"embeddable":true,"href":"https:\/\/pc.sc.gov.br\/index.php?rest_route=\/wp\/v2\/users\/5"}],"replies":[{"embeddable":true,"href":"https:\/\/pc.sc.gov.br\/index.php?rest_route=%2Fwp%2Fv2%2Fcomments&post=18058"}],"version-history":[{"count":4,"href":"https:\/\/pc.sc.gov.br\/index.php?rest_route=\/wp\/v2\/posts\/18058\/revisions"}],"predecessor-version":[{"id":18063,"href":"https:\/\/pc.sc.gov.br\/index.php?rest_route=\/wp\/v2\/posts\/18058\/revisions\/18063"}],"wp:featuredmedia":[{"embeddable":true,"href":"https:\/\/pc.sc.gov.br\/index.php?rest_route=\/wp\/v2\/media\/18059"}],"wp:attachment":[{"href":"https:\/\/pc.sc.gov.br\/index.php?rest_route=%2Fwp%2Fv2%2Fmedia&parent=18058"}],"wp:term":[{"taxonomy":"category","embeddable":true,"href":"https:\/\/pc.sc.gov.br\/index.php?rest_route=%2Fwp%2Fv2%2Fcategories&post=18058"},{"taxonomy":"post_tag","embeddable":true,"href":"https:\/\/pc.sc.gov.br\/index.php?rest_route=%2Fwp%2Fv2%2Ftags&post=18058"}],"curies":[{"name":"wp","href":"https:\/\/api.w.org\/{rel}","templated":true}]}}