{"id":18095,"date":"2024-03-07T14:45:41","date_gmt":"2024-03-07T17:45:41","guid":{"rendered":"https:\/\/pc.sc.gov.br\/?p=18095"},"modified":"2024-03-07T17:44:41","modified_gmt":"2024-03-07T20:44:41","slug":"dic-de-mafra-com-apoio-da-pmsc-deflagra-operacao-marselha-e-prende-quatro-pessoas-por-trafico-de-drogas","status":"publish","type":"post","link":"https:\/\/pc.sc.gov.br\/?p=18095","title":{"rendered":"DIC de Mafra, com apoio da PMSC, deflagra opera\u00e7\u00e3o e prende quatro pessoas por tr\u00e1fico de drogas"},"content":{"rendered":"\t\t<div data-elementor-type=\"wp-post\" data-elementor-id=\"18095\" class=\"elementor elementor-18095\" data-elementor-post-type=\"post\">\n\t\t\t\t\t\t<section class=\"elementor-section elementor-top-section elementor-element elementor-element-9fee0f9 elementor-section-boxed elementor-section-height-default elementor-section-height-default\" data-id=\"9fee0f9\" data-element_type=\"section\">\n\t\t\t\t\t\t<div class=\"elementor-container elementor-column-gap-default\">\n\t\t\t\t\t<div class=\"elementor-column elementor-col-100 elementor-top-column elementor-element elementor-element-bb8a5ee\" data-id=\"bb8a5ee\" data-element_type=\"column\">\n\t\t\t<div class=\"elementor-widget-wrap elementor-element-populated\">\n\t\t\t\t\t\t<div class=\"elementor-element elementor-element-5a9de58 elementor-widget elementor-widget-heading\" data-id=\"5a9de58\" data-element_type=\"widget\" data-widget_type=\"heading.default\">\n\t\t\t\t<div class=\"elementor-widget-container\">\n\t\t\t\t\t<h2 class=\"elementor-heading-title elementor-size-default\">DIC de Mafra, com apoio da PMSC, deflagra opera\u00e7\u00e3o  e prende quatro pessoas por tr\u00e1fico de drogas<\/h2>\t\t\t\t<\/div>\n\t\t\t\t<\/div>\n\t\t\t\t<div class=\"elementor-element elementor-element-58b4895 elementor--h-position-center elementor--v-position-middle elementor-arrows-position-inside elementor-pagination-position-inside elementor-widget elementor-widget-slides\" data-id=\"58b4895\" data-element_type=\"widget\" data-settings=\"{&quot;navigation&quot;:&quot;both&quot;,&quot;autoplay&quot;:&quot;yes&quot;,&quot;pause_on_hover&quot;:&quot;yes&quot;,&quot;pause_on_interaction&quot;:&quot;yes&quot;,&quot;autoplay_speed&quot;:5000,&quot;infinite&quot;:&quot;yes&quot;,&quot;transition&quot;:&quot;slide&quot;,&quot;transition_speed&quot;:500}\" data-widget_type=\"slides.default\">\n\t\t\t\t<div class=\"elementor-widget-container\">\n\t\t\t\t\t\t\t\t\t<div class=\"elementor-swiper\">\n\t\t\t\t\t<div class=\"elementor-slides-wrapper elementor-main-swiper swiper\" role=\"region\" aria-roledescription=\"carousel\" aria-label=\"Slides\" dir=\"ltr\" data-animation=\"fadeInUp\">\n\t\t\t\t<div class=\"swiper-wrapper elementor-slides\">\n\t\t\t\t\t\t\t\t\t\t<div class=\"elementor-repeater-item-1062660 swiper-slide\" role=\"group\" aria-roledescription=\"slide\"><div class=\"swiper-slide-bg\" role=\"img\" aria-label=\"3b1ea549-89e2-4a59-8ae9-eafb8d108a40-fotor-20240307144259\"><\/div><div class=\"swiper-slide-inner\" ><div class=\"swiper-slide-contents\"><\/div><\/div><\/div><div class=\"elementor-repeater-item-1ecc40a swiper-slide\" role=\"group\" aria-roledescription=\"slide\"><div class=\"swiper-slide-bg\" role=\"img\" aria-label=\"c97eaf3a-4ef7-400c-8228-37e27f878cbe-fotor-2024030714447\"><\/div><div class=\"swiper-slide-inner\" ><div class=\"swiper-slide-contents\"><\/div><\/div><\/div><div class=\"elementor-repeater-item-7660e0f swiper-slide\" role=\"group\" aria-roledescription=\"slide\"><div class=\"swiper-slide-bg\" role=\"img\" aria-label=\"c938c150-e77a-4f63-949e-056b34441a82-fotor-20240307144439\"><\/div><div class=\"swiper-slide-inner\" ><div class=\"swiper-slide-contents\"><\/div><\/div><\/div>\t\t\t\t<\/div>\n\t\t\t\t\t\t\t\t\t\t\t\t\t\t\t<div class=\"elementor-swiper-button elementor-swiper-button-prev\" role=\"button\" tabindex=\"0\" aria-label=\"Previous slide\">\n\t\t\t\t\t\t\t<i aria-hidden=\"true\" class=\"eicon-chevron-left\"><\/i>\t\t\t\t\t\t<\/div>\n\t\t\t\t\t\t<div class=\"elementor-swiper-button elementor-swiper-button-next\" role=\"button\" tabindex=\"0\" aria-label=\"Next slide\">\n\t\t\t\t\t\t\t<i aria-hidden=\"true\" class=\"eicon-chevron-right\"><\/i>\t\t\t\t\t\t<\/div>\n\t\t\t\t\t\t\t\t\t\t\t\t\t\t\t\t<div class=\"swiper-pagination\"><\/div>\n\t\t\t\t\t\t\t\t\t\t\t\t<\/div>\n\t\t\t\t<\/div>\n\t\t\t\t\t\t\t\t<\/div>\n\t\t\t\t<\/div>\n\t\t\t\t\t<\/div>\n\t\t<\/div>\n\t\t\t\t\t<\/div>\n\t\t<\/section>\n\t\t\t\t<section class=\"elementor-section elementor-top-section elementor-element elementor-element-39461a8 elementor-section-boxed elementor-section-height-default elementor-section-height-default\" data-id=\"39461a8\" data-element_type=\"section\">\n\t\t\t\t\t\t<div class=\"elementor-container elementor-column-gap-default\">\n\t\t\t\t\t<div class=\"elementor-column elementor-col-100 elementor-top-column elementor-element elementor-element-7f7c197\" data-id=\"7f7c197\" data-element_type=\"column\">\n\t\t\t<div class=\"elementor-widget-wrap elementor-element-populated\">\n\t\t\t\t\t\t<div class=\"elementor-element elementor-element-d936b9a elementor-widget elementor-widget-text-editor\" data-id=\"d936b9a\" data-element_type=\"widget\" data-widget_type=\"text-editor.default\">\n\t\t\t\t<div class=\"elementor-widget-container\">\n\t\t\t\t\t\t\t\t\t<p>A Pol\u00edcia Civil de Mafra, com apoio da Pol\u00edcia Militar, colocou em pr\u00e1tica nesta quarta-feira (6) uma opera\u00e7\u00e3o para prender duas irm\u00e3s e dois homens por tr\u00e1fico de drogas e associa\u00e7\u00e3o para tal fim. A investiga\u00e7\u00e3o foi conduzida pela Divis\u00e3o de Investiga\u00e7\u00e3o Criminal (DIC) de Mafra.&nbsp;&nbsp;<span style=\"font-family: var( --e-global-typography-primary-font-family ), Sans-serif; font-size: var( --e-global-typography-primary-font-size ); font-weight: var( --e-global-typography-primary-font-weight ); letter-spacing: var( --e-global-typography-primary-letter-spacing );\">Nas apura\u00e7\u00f5es foram obtidas provas de que os suspeitos estariam associados para realizar a distribui\u00e7\u00e3o de coca\u00edna, crack e maconha para usu\u00e1rios e outros traficantes revenderem na cidade de Mafra.<\/span><\/p>\n<p>De acordo com o delegado Cassiano Tiburski, respons\u00e1vel pela DIC de Mafra, foi solicitado ao Poder Judici\u00e1rio as ordens de pris\u00e3o e de busca domiciliar. Os mandados foram, ent\u00e3o, cumpridos nesta quarta-feira (06\/03) no bairro Vila Nova.&nbsp;<\/p>\n<p><span style=\"font-family: var( --e-global-typography-primary-font-family ), Sans-serif; font-size: var( --e-global-typography-primary-font-size ); font-weight: var( --e-global-typography-primary-font-weight ); letter-spacing: var( --e-global-typography-primary-letter-spacing );\">Foram apreendidas por\u00e7\u00f5es de maconha e outras provas que confirmam que os suspeitos realmente praticavam os crimes investigados. Ap\u00f3s as pris\u00f5es, os investigados foram interrogados na Delegacia e encaminhados ao Pres\u00eddio Regional de Mafra.<\/span><br><\/p>\n<p>O inqu\u00e9rito policial dever\u00e1 ser\u00e1 conclu\u00eddo nos pr\u00f3ximos dias e encaminhado ao Minist\u00e9rio P\u00fablico e ao Poder Judici\u00e1rio.<\/p>\n<div>&nbsp;<\/div>\t\t\t\t\t\t\t\t<\/div>\n\t\t\t\t<\/div>\n\t\t\t\t\t<\/div>\n\t\t<\/div>\n\t\t\t\t\t<\/div>\n\t\t<\/section>\n\t\t\t\t<\/div>\n\t\t","protected":false},"excerpt":{"rendered":"<p>DIC de Mafra, com apoio da PMSC, deflagra opera\u00e7\u00e3o e prende quatro pessoas por tr\u00e1fico de drogas Previous Next A Pol\u00edcia Civil de Mafra, com apoio da Pol\u00edcia Militar, colocou em pr\u00e1tica nesta quarta-feira (6) uma opera\u00e7\u00e3o para prender duas irm\u00e3s e dois homens por tr\u00e1fico de drogas e associa\u00e7\u00e3o para tal fim. A investiga\u00e7\u00e3o [&hellip;]<\/p>\n","protected":false},"author":5,"featured_media":18096,"comment_status":"closed","ping_status":"open","sticky":false,"template":"","format":"standard","meta":{"_monsterinsights_skip_tracking":false,"_monsterinsights_sitenote_active":false,"_monsterinsights_sitenote_note":"","_monsterinsights_sitenote_category":0,"footnotes":""},"categories":[1],"tags":[],"class_list":["post-18095","post","type-post","status-publish","format-standard","has-post-thumbnail","hentry","category-sem-categoria"],"_links":{"self":[{"href":"https:\/\/pc.sc.gov.br\/index.php?rest_route=\/wp\/v2\/posts\/18095","targetHints":{"allow":["GET"]}}],"collection":[{"href":"https:\/\/pc.sc.gov.br\/index.php?rest_route=\/wp\/v2\/posts"}],"about":[{"href":"https:\/\/pc.sc.gov.br\/index.php?rest_route=\/wp\/v2\/types\/post"}],"author":[{"embeddable":true,"href":"https:\/\/pc.sc.gov.br\/index.php?rest_route=\/wp\/v2\/users\/5"}],"replies":[{"embeddable":true,"href":"https:\/\/pc.sc.gov.br\/index.php?rest_route=%2Fwp%2Fv2%2Fcomments&post=18095"}],"version-history":[{"count":11,"href":"https:\/\/pc.sc.gov.br\/index.php?rest_route=\/wp\/v2\/posts\/18095\/revisions"}],"predecessor-version":[{"id":18131,"href":"https:\/\/pc.sc.gov.br\/index.php?rest_route=\/wp\/v2\/posts\/18095\/revisions\/18131"}],"wp:featuredmedia":[{"embeddable":true,"href":"https:\/\/pc.sc.gov.br\/index.php?rest_route=\/wp\/v2\/media\/18096"}],"wp:attachment":[{"href":"https:\/\/pc.sc.gov.br\/index.php?rest_route=%2Fwp%2Fv2%2Fmedia&parent=18095"}],"wp:term":[{"taxonomy":"category","embeddable":true,"href":"https:\/\/pc.sc.gov.br\/index.php?rest_route=%2Fwp%2Fv2%2Fcategories&post=18095"},{"taxonomy":"post_tag","embeddable":true,"href":"https:\/\/pc.sc.gov.br\/index.php?rest_route=%2Fwp%2Fv2%2Ftags&post=18095"}],"curies":[{"name":"wp","href":"https:\/\/api.w.org\/{rel}","templated":true}]}}