{"id":1810,"date":"2022-12-06T13:24:00","date_gmt":"2022-12-06T16:24:00","guid":{"rendered":"https:\/\/pc.sc.gov.br\/?p=1810"},"modified":"2022-12-14T08:54:07","modified_gmt":"2022-12-14T11:54:07","slug":"policia-civil-realiza-prisao-de-homem-por-tentativa-de-homicidio-no-oeste-catarinense","status":"publish","type":"post","link":"https:\/\/pc.sc.gov.br\/?p=1810","title":{"rendered":"Pol\u00edcia Civil realiza pris\u00e3o de homem por tentativa de homic\u00eddio no Oeste Catarinense"},"content":{"rendered":"\t\t<div data-elementor-type=\"wp-post\" data-elementor-id=\"1810\" class=\"elementor elementor-1810\" data-elementor-post-type=\"post\">\n\t\t\t\t\t\t<section class=\"elementor-section elementor-top-section elementor-element elementor-element-d64365f elementor-section-boxed elementor-section-height-default elementor-section-height-default\" data-id=\"d64365f\" data-element_type=\"section\">\n\t\t\t\t\t\t<div class=\"elementor-container elementor-column-gap-default\">\n\t\t\t\t\t<div class=\"elementor-column elementor-col-100 elementor-top-column elementor-element elementor-element-dc7d024\" data-id=\"dc7d024\" data-element_type=\"column\">\n\t\t\t<div class=\"elementor-widget-wrap elementor-element-populated\">\n\t\t\t\t\t\t<div class=\"elementor-element elementor-element-10c1d9a elementor-widget elementor-widget-heading\" data-id=\"10c1d9a\" data-element_type=\"widget\" data-widget_type=\"heading.default\">\n\t\t\t\t<div class=\"elementor-widget-container\">\n\t\t\t\t\t<h2 class=\"elementor-heading-title elementor-size-default\">\nPol\u00edcia Civil realiza pris\u00e3o de homem por tentativa de homic\u00eddio no Oeste Catarinense\n<\/h2>\t\t\t\t<\/div>\n\t\t\t\t<\/div>\n\t\t\t\t\t<\/div>\n\t\t<\/div>\n\t\t\t\t\t<\/div>\n\t\t<\/section>\n\t\t\t\t<section class=\"elementor-section elementor-top-section elementor-element elementor-element-317ba81 elementor-section-boxed elementor-section-height-default elementor-section-height-default\" data-id=\"317ba81\" data-element_type=\"section\">\n\t\t\t\t\t\t<div class=\"elementor-container elementor-column-gap-default\">\n\t\t\t\t\t<div class=\"elementor-column elementor-col-100 elementor-top-column elementor-element elementor-element-d554df6\" data-id=\"d554df6\" data-element_type=\"column\">\n\t\t\t<div class=\"elementor-widget-wrap elementor-element-populated\">\n\t\t\t\t\t\t<div class=\"elementor-element elementor-element-a4290a3 elementor-widget elementor-widget-image\" data-id=\"a4290a3\" data-element_type=\"widget\" data-widget_type=\"image.default\">\n\t\t\t\t<div class=\"elementor-widget-container\">\n\t\t\t\t\t\t\t\t\t\t\t\t\t\t\t<img fetchpriority=\"high\" decoding=\"async\" width=\"696\" height=\"918\" src=\"https:\/\/pc.sc.gov.br\/\/wp-content\/uploads\/2022\/12\/08-776x1024.jpg\" class=\"attachment-large size-large wp-image-1803\" alt=\"\" srcset=\"https:\/\/pc.sc.gov.br\/\/wp-content\/uploads\/2022\/12\/08-776x1024.jpg 776w, https:\/\/pc.sc.gov.br\/\/wp-content\/uploads\/2022\/12\/08-227x300.jpg 227w, https:\/\/pc.sc.gov.br\/\/wp-content\/uploads\/2022\/12\/08-768x1014.jpg 768w, https:\/\/pc.sc.gov.br\/\/wp-content\/uploads\/2022\/12\/08.jpg 1080w\" sizes=\"(max-width: 696px) 100vw, 696px\" \/>\t\t\t\t\t\t\t\t\t\t\t\t\t\t\t<\/div>\n\t\t\t\t<\/div>\n\t\t\t\t<div class=\"elementor-element elementor-element-e3cea86 elementor-widget elementor-widget-text-editor\" data-id=\"e3cea86\" data-element_type=\"widget\" data-widget_type=\"text-editor.default\">\n\t\t\t\t<div class=\"elementor-widget-container\">\n\t\t\t\t\t\t\t\t\t<p>A Pol\u00edcia Civil de Santa Catarina, por meio da Delegacia de Pol\u00edcia de Ipumirim, no Oeste de SC, cumpriu, na manh\u00e3 desta segunda-feira (05), mandado de busca e apreens\u00e3o e efetuou a pris\u00e3o de um homem suspeito de tentativa de homic\u00eddio.<\/p><p>Na resid\u00eancia do investigado, foram apreendidos um fac\u00e3o e uma enxada que teriam rela\u00e7\u00e3o com o crime. O suspeito foi encaminhado ao Pres\u00eddio Regional de Conc\u00f3rdia onde permanecer\u00e1 \u00e0 disposi\u00e7\u00e3o da Justi\u00e7a.<\/p>\t\t\t\t\t\t\t\t<\/div>\n\t\t\t\t<\/div>\n\t\t\t\t\t<\/div>\n\t\t<\/div>\n\t\t\t\t\t<\/div>\n\t\t<\/section>\n\t\t\t\t<\/div>\n\t\t","protected":false},"excerpt":{"rendered":"<p>Pol\u00edcia Civil realiza pris\u00e3o de homem por tentativa de homic\u00eddio no Oeste Catarinense A Pol\u00edcia Civil de Santa Catarina, por meio da Delegacia de Pol\u00edcia de Ipumirim, no Oeste de SC, cumpriu, na manh\u00e3 desta segunda-feira (05), mandado de busca e apreens\u00e3o e efetuou a pris\u00e3o de um homem suspeito de tentativa de homic\u00eddio. Na [&hellip;]<\/p>\n","protected":false},"author":2,"featured_media":1803,"comment_status":"closed","ping_status":"open","sticky":false,"template":"elementor_header_footer","format":"standard","meta":{"_monsterinsights_skip_tracking":false,"_monsterinsights_sitenote_active":false,"_monsterinsights_sitenote_note":"","_monsterinsights_sitenote_category":0,"footnotes":""},"categories":[1],"tags":[],"class_list":["post-1810","post","type-post","status-publish","format-standard","has-post-thumbnail","hentry","category-sem-categoria"],"_links":{"self":[{"href":"https:\/\/pc.sc.gov.br\/index.php?rest_route=\/wp\/v2\/posts\/1810","targetHints":{"allow":["GET"]}}],"collection":[{"href":"https:\/\/pc.sc.gov.br\/index.php?rest_route=\/wp\/v2\/posts"}],"about":[{"href":"https:\/\/pc.sc.gov.br\/index.php?rest_route=\/wp\/v2\/types\/post"}],"author":[{"embeddable":true,"href":"https:\/\/pc.sc.gov.br\/index.php?rest_route=\/wp\/v2\/users\/2"}],"replies":[{"embeddable":true,"href":"https:\/\/pc.sc.gov.br\/index.php?rest_route=%2Fwp%2Fv2%2Fcomments&post=1810"}],"version-history":[{"count":4,"href":"https:\/\/pc.sc.gov.br\/index.php?rest_route=\/wp\/v2\/posts\/1810\/revisions"}],"predecessor-version":[{"id":1815,"href":"https:\/\/pc.sc.gov.br\/index.php?rest_route=\/wp\/v2\/posts\/1810\/revisions\/1815"}],"wp:featuredmedia":[{"embeddable":true,"href":"https:\/\/pc.sc.gov.br\/index.php?rest_route=\/wp\/v2\/media\/1803"}],"wp:attachment":[{"href":"https:\/\/pc.sc.gov.br\/index.php?rest_route=%2Fwp%2Fv2%2Fmedia&parent=1810"}],"wp:term":[{"taxonomy":"category","embeddable":true,"href":"https:\/\/pc.sc.gov.br\/index.php?rest_route=%2Fwp%2Fv2%2Fcategories&post=1810"},{"taxonomy":"post_tag","embeddable":true,"href":"https:\/\/pc.sc.gov.br\/index.php?rest_route=%2Fwp%2Fv2%2Ftags&post=1810"}],"curies":[{"name":"wp","href":"https:\/\/api.w.org\/{rel}","templated":true}]}}