{"id":18132,"date":"2024-03-07T18:30:20","date_gmt":"2024-03-07T21:30:20","guid":{"rendered":"https:\/\/pc.sc.gov.br\/?p=18132"},"modified":"2024-03-07T18:31:12","modified_gmt":"2024-03-07T21:31:12","slug":"dre-deic-deflagra-operacao-contra-associacao-de-trafico-de-drogas-que-distribuia-entorpecentes-por-remessas-postais","status":"publish","type":"post","link":"https:\/\/pc.sc.gov.br\/?p=18132","title":{"rendered":"DRE\/DEIC deflagra opera\u00e7\u00e3o contra associa\u00e7\u00e3o de tr\u00e1fico de drogas que distribu\u00eda entorpecentes por remessas postais"},"content":{"rendered":"\t\t<div data-elementor-type=\"wp-post\" data-elementor-id=\"18132\" class=\"elementor elementor-18132\" data-elementor-post-type=\"post\">\n\t\t\t\t\t\t<section class=\"elementor-section elementor-top-section elementor-element elementor-element-0c70cfd elementor-section-boxed elementor-section-height-default elementor-section-height-default\" data-id=\"0c70cfd\" data-element_type=\"section\">\n\t\t\t\t\t\t<div class=\"elementor-container elementor-column-gap-default\">\n\t\t\t\t\t<div class=\"elementor-column elementor-col-100 elementor-top-column elementor-element elementor-element-e000446\" data-id=\"e000446\" data-element_type=\"column\">\n\t\t\t<div class=\"elementor-widget-wrap elementor-element-populated\">\n\t\t\t\t\t\t<div class=\"elementor-element elementor-element-0a6038a elementor-widget elementor-widget-heading\" data-id=\"0a6038a\" data-element_type=\"widget\" data-widget_type=\"heading.default\">\n\t\t\t\t<div class=\"elementor-widget-container\">\n\t\t\t\t\t<h2 class=\"elementor-heading-title elementor-size-default\">DRE\/DEIC deflagra opera\u00e7\u00e3o contra associa\u00e7\u00e3o de tr\u00e1fico de drogas que distribu\u00eda entorpecentes por remessas postais<\/h2>\t\t\t\t<\/div>\n\t\t\t\t<\/div>\n\t\t\t\t\t<\/div>\n\t\t<\/div>\n\t\t\t\t\t<\/div>\n\t\t<\/section>\n\t\t\t\t<section class=\"elementor-section elementor-top-section elementor-element elementor-element-39a5388 elementor-section-boxed elementor-section-height-default elementor-section-height-default\" data-id=\"39a5388\" data-element_type=\"section\">\n\t\t\t\t\t\t<div class=\"elementor-container elementor-column-gap-default\">\n\t\t\t\t\t<div class=\"elementor-column elementor-col-100 elementor-top-column elementor-element elementor-element-416a221\" data-id=\"416a221\" data-element_type=\"column\">\n\t\t\t<div class=\"elementor-widget-wrap elementor-element-populated\">\n\t\t\t\t\t\t<div class=\"elementor-element elementor-element-08b349f elementor-widget elementor-widget-image\" data-id=\"08b349f\" data-element_type=\"widget\" data-widget_type=\"image.default\">\n\t\t\t\t<div class=\"elementor-widget-container\">\n\t\t\t\t\t\t\t\t\t\t\t\t\t\t\t<img fetchpriority=\"high\" decoding=\"async\" width=\"696\" height=\"630\" src=\"https:\/\/pc.sc.gov.br\/\/wp-content\/uploads\/2024\/03\/4afeee65-ad52-41eb-a7c8-24c12d91098b-fotor-20240307171555.jpg\" class=\"attachment-large size-large wp-image-18133\" alt=\"\" srcset=\"https:\/\/pc.sc.gov.br\/\/wp-content\/uploads\/2024\/03\/4afeee65-ad52-41eb-a7c8-24c12d91098b-fotor-20240307171555.jpg 912w, https:\/\/pc.sc.gov.br\/\/wp-content\/uploads\/2024\/03\/4afeee65-ad52-41eb-a7c8-24c12d91098b-fotor-20240307171555-300x271.jpg 300w, https:\/\/pc.sc.gov.br\/\/wp-content\/uploads\/2024\/03\/4afeee65-ad52-41eb-a7c8-24c12d91098b-fotor-20240307171555-768x695.jpg 768w\" sizes=\"(max-width: 696px) 100vw, 696px\" \/>\t\t\t\t\t\t\t\t\t\t\t\t\t\t\t<\/div>\n\t\t\t\t<\/div>\n\t\t\t\t\t<\/div>\n\t\t<\/div>\n\t\t\t\t\t<\/div>\n\t\t<\/section>\n\t\t\t\t<section class=\"elementor-section elementor-top-section elementor-element elementor-element-e96b483 elementor-section-boxed elementor-section-height-default elementor-section-height-default\" data-id=\"e96b483\" data-element_type=\"section\">\n\t\t\t\t\t\t<div class=\"elementor-container elementor-column-gap-default\">\n\t\t\t\t\t<div class=\"elementor-column elementor-col-100 elementor-top-column elementor-element elementor-element-9535ffc\" data-id=\"9535ffc\" data-element_type=\"column\">\n\t\t\t<div class=\"elementor-widget-wrap elementor-element-populated\">\n\t\t\t\t\t\t<div class=\"elementor-element elementor-element-2e225e4 elementor-widget elementor-widget-text-editor\" data-id=\"2e225e4\" data-element_type=\"widget\" data-widget_type=\"text-editor.default\">\n\t\t\t\t<div class=\"elementor-widget-container\">\n\t\t\t\t\t\t\t\t\t<p>Na quarta-feira, dia 06\/03\/2024, a Delegacia de Repress\u00e3o a Entorpecentes (DRE\/DEIC), coordenada pelo Delegado Claudio Monteiro, desencadeou opera\u00e7\u00e3o policial para o cumprimento de mandados de busca e apreens\u00e3o e de pris\u00e3o, sendo realizada a pris\u00e3o de tr\u00eas indiv\u00edduos por tr\u00e1fico de drogas, no bairro Ro\u00e7ado, em S\u00e3o Jos\u00e9.<\/p><p>Os mandados foram expedidos pelo Ju\u00edzo da Vara Criminal de Bigua\u00e7u, em decorr\u00eancia de investiga\u00e7\u00e3o iniciada em fevereiro de 2023, em raz\u00e3o da apreens\u00e3o de drogas diversas (ecstasy, maconha, haxixe, coca\u00edna entre outras) que seriam remetidas por servi\u00e7os postais.<\/p><p>A associa\u00e7\u00e3o de traficantes se valia dos servi\u00e7os postais oferecidos pelos Correios e por outras empresas transportadoras e postavam encomendas de drogas para os mais diversos locais do Brasil, sempre com o mesmo modus operandis, camuflando as drogas dentro de produtos l\u00edcitos, como brinquedos infantis (carrinhos, caminh\u00f5es etc) e outros objetos como panelas, lixeiras.\u00a0<\/p><p>No curso da investiga\u00e7\u00e3o, constatou-se que as postagens de drogas foram feitas em in\u00fameras ocasi\u00f5es e continuavam a todo o vapor, sendo realizada, inclusive, a quebra do sigilo de dados telem\u00e1ticos e outras dilig\u00eancias.<\/p><p>Nesta tarde de quarta-feira (06), durante a vigil\u00e2ncia na resid\u00eancia do alvo principal, foi poss\u00edvel acompanhar o momento de sua sa\u00edda e deslocamento at\u00e9 um estabelecimento pr\u00f3ximo, quando foi constatado seu encontro com outros dois indiv\u00edduos, momento em que foi realizada a abordagem policial.<\/p><p>Dada a voz de pris\u00e3o ao alvo, verificou-se que uma mochila que estava de posse de um dos outros dois indiv\u00edduos continha um pacote pronto para remessa postal, contendo em seu interior um brinquedo, que ocultava certa quantia de droga semelhante a haxixe.<\/p><p>Juntamente com o pacote, estava um comprovante de remessa pelos Correios feito minutos antes da a\u00e7\u00e3o policial. Tal postagem foi retida e verificou-se, no seu interior, um brinquedo contendo v\u00e1rios comprimidos de droga semelhante a ecstasy.\u00a0<\/p><p>Na sequ\u00eancia, a equipe se deslocou at\u00e9 a resid\u00eancia do alvo principal para o cumprimento do Mandado de Busca e Apreens\u00e3o, onde foi encontrada grande quantidade de drogas e muni\u00e7\u00f5es, al\u00e9m de diversos objetos relacionados a atividade do tr\u00e1fico (balan\u00e7a, contadora de notas e materiais para embalagem). Parte da droga apreendida na resid\u00eancia continha as mesmas caracter\u00edsticas da droga retida e apreendida com os respons\u00e1veis, pelo Correio. Tamb\u00e9m foram apreendidos ve\u00edculos e aparelhos celulares.<\/p><p>O resultado corroborou a tese investigativa e resultou na pris\u00e3o em flagrante delito dos tr\u00eas indiv\u00edduos, tendo se logrado \u00eaxito na desarticula\u00e7\u00e3o dessa associa\u00e7\u00e3o criminosa que, de forma fracionada, fornecia drogas para outros traficantes em diversas partes do pa\u00eds.<\/p><div>\u00a0<\/div>\t\t\t\t\t\t\t\t<\/div>\n\t\t\t\t<\/div>\n\t\t\t\t\t<\/div>\n\t\t<\/div>\n\t\t\t\t\t<\/div>\n\t\t<\/section>\n\t\t\t\t<\/div>\n\t\t","protected":false},"excerpt":{"rendered":"<p>DRE\/DEIC deflagra opera\u00e7\u00e3o contra associa\u00e7\u00e3o de tr\u00e1fico de drogas que distribu\u00eda entorpecentes por remessas postais Na quarta-feira, dia 06\/03\/2024, a Delegacia de Repress\u00e3o a Entorpecentes (DRE\/DEIC), coordenada pelo Delegado Claudio Monteiro, desencadeou opera\u00e7\u00e3o policial para o cumprimento de mandados de busca e apreens\u00e3o e de pris\u00e3o, sendo realizada a pris\u00e3o de tr\u00eas indiv\u00edduos por tr\u00e1fico [&hellip;]<\/p>\n","protected":false},"author":5,"featured_media":18133,"comment_status":"closed","ping_status":"open","sticky":false,"template":"","format":"standard","meta":{"_monsterinsights_skip_tracking":false,"_monsterinsights_sitenote_active":false,"_monsterinsights_sitenote_note":"","_monsterinsights_sitenote_category":0,"footnotes":""},"categories":[1],"tags":[],"class_list":["post-18132","post","type-post","status-publish","format-standard","has-post-thumbnail","hentry","category-sem-categoria"],"_links":{"self":[{"href":"https:\/\/pc.sc.gov.br\/index.php?rest_route=\/wp\/v2\/posts\/18132","targetHints":{"allow":["GET"]}}],"collection":[{"href":"https:\/\/pc.sc.gov.br\/index.php?rest_route=\/wp\/v2\/posts"}],"about":[{"href":"https:\/\/pc.sc.gov.br\/index.php?rest_route=\/wp\/v2\/types\/post"}],"author":[{"embeddable":true,"href":"https:\/\/pc.sc.gov.br\/index.php?rest_route=\/wp\/v2\/users\/5"}],"replies":[{"embeddable":true,"href":"https:\/\/pc.sc.gov.br\/index.php?rest_route=%2Fwp%2Fv2%2Fcomments&post=18132"}],"version-history":[{"count":4,"href":"https:\/\/pc.sc.gov.br\/index.php?rest_route=\/wp\/v2\/posts\/18132\/revisions"}],"predecessor-version":[{"id":18137,"href":"https:\/\/pc.sc.gov.br\/index.php?rest_route=\/wp\/v2\/posts\/18132\/revisions\/18137"}],"wp:featuredmedia":[{"embeddable":true,"href":"https:\/\/pc.sc.gov.br\/index.php?rest_route=\/wp\/v2\/media\/18133"}],"wp:attachment":[{"href":"https:\/\/pc.sc.gov.br\/index.php?rest_route=%2Fwp%2Fv2%2Fmedia&parent=18132"}],"wp:term":[{"taxonomy":"category","embeddable":true,"href":"https:\/\/pc.sc.gov.br\/index.php?rest_route=%2Fwp%2Fv2%2Fcategories&post=18132"},{"taxonomy":"post_tag","embeddable":true,"href":"https:\/\/pc.sc.gov.br\/index.php?rest_route=%2Fwp%2Fv2%2Ftags&post=18132"}],"curies":[{"name":"wp","href":"https:\/\/api.w.org\/{rel}","templated":true}]}}