{"id":18159,"date":"2024-03-08T14:39:35","date_gmt":"2024-03-08T17:39:35","guid":{"rendered":"https:\/\/pc.sc.gov.br\/?p=18159"},"modified":"2024-03-08T14:43:49","modified_gmt":"2024-03-08T17:43:49","slug":"dfrv-deic-em-parceria-com-detran-e-pci-deflagra-identifica-mais-um-estabelecimento-comercializando-pecas-furtadas","status":"publish","type":"post","link":"https:\/\/pc.sc.gov.br\/?p=18159","title":{"rendered":"DFRV\/DEIC em parceria com Detran e PCI deflagra identifica mais um estabelecimento comercializando pe\u00e7as furtadas"},"content":{"rendered":"\t\t<div data-elementor-type=\"wp-post\" data-elementor-id=\"18159\" class=\"elementor elementor-18159\" data-elementor-post-type=\"post\">\n\t\t\t\t\t\t<section class=\"elementor-section elementor-top-section elementor-element elementor-element-c1f840b elementor-section-boxed elementor-section-height-default elementor-section-height-default\" data-id=\"c1f840b\" data-element_type=\"section\">\n\t\t\t\t\t\t<div class=\"elementor-container elementor-column-gap-default\">\n\t\t\t\t\t<div class=\"elementor-column elementor-col-100 elementor-top-column elementor-element elementor-element-d9ebeb0\" data-id=\"d9ebeb0\" data-element_type=\"column\">\n\t\t\t<div class=\"elementor-widget-wrap elementor-element-populated\">\n\t\t\t\t\t\t<div class=\"elementor-element elementor-element-4eeef84 elementor-widget elementor-widget-heading\" data-id=\"4eeef84\" data-element_type=\"widget\" data-widget_type=\"heading.default\">\n\t\t\t\t<div class=\"elementor-widget-container\">\n\t\t\t\t\t<h2 class=\"elementor-heading-title elementor-size-default\">DFRV\/DEIC EM A\u00c7\u00c3O CONJUNTA COM DETRAN E PCI identifica mais um estabelecimento comercializando pe\u00e7as furtadas<span style=\"color: var( --e-global-color-primary );font-family: var( --e-global-typography-accent-font-family ), Sans-serif;font-size: var( --e-global-typography-accent-font-size );font-weight: var( --e-global-typography-accent-font-weight );letter-spacing: var( --e-global-typography-accent-letter-spacing );text-transform: var( --e-global-typography-accent-text-transform )\"><\/span><br><\/h2>\t\t\t\t<\/div>\n\t\t\t\t<\/div>\n\t\t\t\t\t<\/div>\n\t\t<\/div>\n\t\t\t\t\t<\/div>\n\t\t<\/section>\n\t\t\t\t<section class=\"elementor-section elementor-top-section elementor-element elementor-element-3d12eba elementor-section-boxed elementor-section-height-default elementor-section-height-default\" data-id=\"3d12eba\" data-element_type=\"section\">\n\t\t\t\t\t\t<div class=\"elementor-container elementor-column-gap-default\">\n\t\t\t\t\t<div class=\"elementor-column elementor-col-100 elementor-top-column elementor-element elementor-element-2a88bb6\" data-id=\"2a88bb6\" data-element_type=\"column\">\n\t\t\t<div class=\"elementor-widget-wrap elementor-element-populated\">\n\t\t\t\t\t\t<div class=\"elementor-element elementor-element-f6f676d elementor-widget elementor-widget-image\" data-id=\"f6f676d\" data-element_type=\"widget\" data-widget_type=\"image.default\">\n\t\t\t\t<div class=\"elementor-widget-container\">\n\t\t\t\t\t\t\t\t\t\t\t\t\t\t\t<img fetchpriority=\"high\" decoding=\"async\" width=\"696\" height=\"522\" src=\"https:\/\/pc.sc.gov.br\/\/wp-content\/uploads\/2024\/03\/85bce60b-8507-4476-85a2-673c6f5df6dd-fotor-2024030814328-1024x768.jpg\" class=\"attachment-large size-large wp-image-18160\" alt=\"\" srcset=\"https:\/\/pc.sc.gov.br\/\/wp-content\/uploads\/2024\/03\/85bce60b-8507-4476-85a2-673c6f5df6dd-fotor-2024030814328-1024x768.jpg 1024w, https:\/\/pc.sc.gov.br\/\/wp-content\/uploads\/2024\/03\/85bce60b-8507-4476-85a2-673c6f5df6dd-fotor-2024030814328-300x225.jpg 300w, https:\/\/pc.sc.gov.br\/\/wp-content\/uploads\/2024\/03\/85bce60b-8507-4476-85a2-673c6f5df6dd-fotor-2024030814328-768x576.jpg 768w, https:\/\/pc.sc.gov.br\/\/wp-content\/uploads\/2024\/03\/85bce60b-8507-4476-85a2-673c6f5df6dd-fotor-2024030814328.jpg 1280w\" sizes=\"(max-width: 696px) 100vw, 696px\" \/>\t\t\t\t\t\t\t\t\t\t\t\t\t\t\t<\/div>\n\t\t\t\t<\/div>\n\t\t\t\t\t<\/div>\n\t\t<\/div>\n\t\t\t\t\t<\/div>\n\t\t<\/section>\n\t\t\t\t<section class=\"elementor-section elementor-top-section elementor-element elementor-element-9ac7a2d elementor-section-boxed elementor-section-height-default elementor-section-height-default\" data-id=\"9ac7a2d\" data-element_type=\"section\">\n\t\t\t\t\t\t<div class=\"elementor-container elementor-column-gap-default\">\n\t\t\t\t\t<div class=\"elementor-column elementor-col-100 elementor-top-column elementor-element elementor-element-819b2db\" data-id=\"819b2db\" data-element_type=\"column\">\n\t\t\t<div class=\"elementor-widget-wrap elementor-element-populated\">\n\t\t\t\t\t\t<div class=\"elementor-element elementor-element-e92a41a elementor-widget elementor-widget-text-editor\" data-id=\"e92a41a\" data-element_type=\"widget\" data-widget_type=\"text-editor.default\">\n\t\t\t\t<div class=\"elementor-widget-container\">\n\t\t\t\t\t\t\t\t\t<p>A Pol\u00edcia Civil de Santa Catarina, por interm\u00e9dio da Delegacia de Furtos e Roubos de Ve\u00edculos (DFRV\/DEIC) em opera\u00e7\u00e3o realizada com o DETRAN e Pol\u00edcia Cient\u00edfica, na quinta-feira (7) dando continuidade \u00e0s a\u00e7\u00f5es de fiscaliza\u00e7\u00e3o da Opera\u00e7\u00e3o 311, que visa coibir o com\u00e9rcio ilegal de pe\u00e7as automotivas, identificaram mais um estabelecimento respons\u00e1vel pela&nbsp; venda irregular de pe\u00e7as de ve\u00edculos, no Bairro&nbsp; Capoeiras, em Florian\u00f3polis.<\/p>\n<p>Durante as dilig\u00eancias foram localizadas partes de 1 Renault Captur furtado em Balne\u00e1rio Cambori\u00fa e um KIA Soul, furtado em S\u00e3o Paulo-SP, al\u00e9m de diversas pe\u00e7as com as numera\u00e7\u00f5es suprimidas e sem comprova\u00e7\u00e3o de origem.&nbsp;<span style=\"font-family: var( --e-global-typography-primary-font-family ), Sans-serif; font-size: var( --e-global-typography-primary-font-size ); font-weight: var( --e-global-typography-primary-font-weight ); letter-spacing: var( --e-global-typography-primary-letter-spacing );\">O propriet\u00e1rio da autope\u00e7as foi&nbsp; conduzido \u00e0 sede da DEIC e autuado em flagrante pelo crime de recepta\u00e7\u00e3o qualificada.<\/span><\/p>\n<p>A opera\u00e7\u00e3o 311 \u00e9 uma a\u00e7\u00e3o permanente de fiscaliza\u00e7\u00e3o de Empresas do ramo de autope\u00e7as, que visa o combate ao crime de recepta\u00e7\u00e3o de pe\u00e7as automotivas de proced\u00eancia il\u00edcita. Essa fiscaliza\u00e7\u00e3o \u00e9 coordenada pela Delegacia de Furtos e Roubos de ve\u00edculos da DEIC, em conjunto com a Pol\u00edcia Cient\u00edfica e o Detran.<span style=\"color: var( --e-global-color-text ); font-family: var( --e-global-typography-primary-font-family ), Sans-serif; font-size: var( --e-global-typography-primary-font-size ); font-weight: var( --e-global-typography-primary-font-weight ); letter-spacing: var( --e-global-typography-primary-letter-spacing );\">&nbsp;<\/span><\/p>\t\t\t\t\t\t\t\t<\/div>\n\t\t\t\t<\/div>\n\t\t\t\t\t<\/div>\n\t\t<\/div>\n\t\t\t\t\t<\/div>\n\t\t<\/section>\n\t\t\t\t<section class=\"elementor-section elementor-top-section elementor-element elementor-element-44c06ca elementor-section-boxed elementor-section-height-default elementor-section-height-default\" data-id=\"44c06ca\" data-element_type=\"section\">\n\t\t\t\t\t\t<div class=\"elementor-container elementor-column-gap-default\">\n\t\t\t\t\t<div class=\"elementor-column elementor-col-100 elementor-top-column elementor-element elementor-element-9463c65\" data-id=\"9463c65\" data-element_type=\"column\">\n\t\t\t<div class=\"elementor-widget-wrap elementor-element-populated\">\n\t\t\t\t\t\t<div class=\"elementor-element elementor-element-5e09e0c elementor-widget__width-initial elementor-widget elementor-widget-video\" data-id=\"5e09e0c\" data-element_type=\"widget\" data-settings=\"{&quot;video_type&quot;:&quot;hosted&quot;,&quot;controls&quot;:&quot;yes&quot;}\" data-widget_type=\"video.default\">\n\t\t\t\t<div class=\"elementor-widget-container\">\n\t\t\t\t\t\t\t<div class=\"e-hosted-video elementor-wrapper elementor-open-inline\">\n\t\t\t\t\t<video class=\"elementor-video\" src=\"https:\/\/pc.sc.gov.br\/wp-content\/uploads\/2024\/03\/WhatsApp-Video-2024-03-08-at-07.44.44.mp4\" controls=\"\" preload=\"metadata\" controlsList=\"nodownload\"><\/video>\n\t\t\t\t<\/div>\n\t\t\t\t\t\t<\/div>\n\t\t\t\t<\/div>\n\t\t\t\t\t<\/div>\n\t\t<\/div>\n\t\t\t\t\t<\/div>\n\t\t<\/section>\n\t\t\t\t<\/div>\n\t\t","protected":false},"excerpt":{"rendered":"<p>DFRV\/DEIC EM A\u00c7\u00c3O CONJUNTA COM DETRAN E PCI identifica mais um estabelecimento comercializando pe\u00e7as furtadas A Pol\u00edcia Civil de Santa Catarina, por interm\u00e9dio da Delegacia de Furtos e Roubos de Ve\u00edculos (DFRV\/DEIC) em opera\u00e7\u00e3o realizada com o DETRAN e Pol\u00edcia Cient\u00edfica, na quinta-feira (7) dando continuidade \u00e0s a\u00e7\u00f5es de fiscaliza\u00e7\u00e3o da Opera\u00e7\u00e3o 311, que visa [&hellip;]<\/p>\n","protected":false},"author":5,"featured_media":18160,"comment_status":"closed","ping_status":"open","sticky":false,"template":"","format":"standard","meta":{"_monsterinsights_skip_tracking":false,"_monsterinsights_sitenote_active":false,"_monsterinsights_sitenote_note":"","_monsterinsights_sitenote_category":0,"footnotes":""},"categories":[1],"tags":[],"class_list":["post-18159","post","type-post","status-publish","format-standard","has-post-thumbnail","hentry","category-sem-categoria"],"_links":{"self":[{"href":"https:\/\/pc.sc.gov.br\/index.php?rest_route=\/wp\/v2\/posts\/18159","targetHints":{"allow":["GET"]}}],"collection":[{"href":"https:\/\/pc.sc.gov.br\/index.php?rest_route=\/wp\/v2\/posts"}],"about":[{"href":"https:\/\/pc.sc.gov.br\/index.php?rest_route=\/wp\/v2\/types\/post"}],"author":[{"embeddable":true,"href":"https:\/\/pc.sc.gov.br\/index.php?rest_route=\/wp\/v2\/users\/5"}],"replies":[{"embeddable":true,"href":"https:\/\/pc.sc.gov.br\/index.php?rest_route=%2Fwp%2Fv2%2Fcomments&post=18159"}],"version-history":[{"count":3,"href":"https:\/\/pc.sc.gov.br\/index.php?rest_route=\/wp\/v2\/posts\/18159\/revisions"}],"predecessor-version":[{"id":18164,"href":"https:\/\/pc.sc.gov.br\/index.php?rest_route=\/wp\/v2\/posts\/18159\/revisions\/18164"}],"wp:featuredmedia":[{"embeddable":true,"href":"https:\/\/pc.sc.gov.br\/index.php?rest_route=\/wp\/v2\/media\/18160"}],"wp:attachment":[{"href":"https:\/\/pc.sc.gov.br\/index.php?rest_route=%2Fwp%2Fv2%2Fmedia&parent=18159"}],"wp:term":[{"taxonomy":"category","embeddable":true,"href":"https:\/\/pc.sc.gov.br\/index.php?rest_route=%2Fwp%2Fv2%2Fcategories&post=18159"},{"taxonomy":"post_tag","embeddable":true,"href":"https:\/\/pc.sc.gov.br\/index.php?rest_route=%2Fwp%2Fv2%2Ftags&post=18159"}],"curies":[{"name":"wp","href":"https:\/\/api.w.org\/{rel}","templated":true}]}}