{"id":1816,"date":"2022-12-07T07:26:00","date_gmt":"2022-12-07T10:26:00","guid":{"rendered":"https:\/\/pc.sc.gov.br\/?p=1816"},"modified":"2022-12-14T08:54:07","modified_gmt":"2022-12-14T11:54:07","slug":"policia-civil-presta-apoio-para-cumprimentos-de-mandados-na-2a-fase-da-operacao-patrone","status":"publish","type":"post","link":"https:\/\/pc.sc.gov.br\/?p=1816","title":{"rendered":"Pol\u00edcia Civil presta apoio para cumprimentos de mandados na 2\u00aa fase da opera\u00e7\u00e3o \u201cPatrone\u201d"},"content":{"rendered":"\t\t<div data-elementor-type=\"wp-post\" data-elementor-id=\"1816\" class=\"elementor elementor-1816\" data-elementor-post-type=\"post\">\n\t\t\t\t\t\t<section class=\"elementor-section elementor-top-section elementor-element elementor-element-0af5d99 elementor-section-boxed elementor-section-height-default elementor-section-height-default\" data-id=\"0af5d99\" data-element_type=\"section\">\n\t\t\t\t\t\t<div class=\"elementor-container elementor-column-gap-default\">\n\t\t\t\t\t<div class=\"elementor-column elementor-col-100 elementor-top-column elementor-element elementor-element-8104c12\" data-id=\"8104c12\" data-element_type=\"column\">\n\t\t\t<div class=\"elementor-widget-wrap elementor-element-populated\">\n\t\t\t\t\t\t<div class=\"elementor-element elementor-element-3f631b8 elementor-widget elementor-widget-heading\" data-id=\"3f631b8\" data-element_type=\"widget\" data-widget_type=\"heading.default\">\n\t\t\t\t<div class=\"elementor-widget-container\">\n\t\t\t\t\t<h2 class=\"elementor-heading-title elementor-size-default\">Pol\u00edcia Civil presta apoio para cumprimentos de mandados na 2\u00aa fase da opera\u00e7\u00e3o \u201cPatrone\u201d<\/h2>\t\t\t\t<\/div>\n\t\t\t\t<\/div>\n\t\t\t\t\t<\/div>\n\t\t<\/div>\n\t\t\t\t\t<\/div>\n\t\t<\/section>\n\t\t\t\t<section class=\"elementor-section elementor-top-section elementor-element elementor-element-1da474c elementor-section-boxed elementor-section-height-default elementor-section-height-default\" data-id=\"1da474c\" data-element_type=\"section\">\n\t\t\t\t\t\t<div class=\"elementor-container elementor-column-gap-default\">\n\t\t\t\t\t<div class=\"elementor-column elementor-col-100 elementor-top-column elementor-element elementor-element-28a915d\" data-id=\"28a915d\" data-element_type=\"column\">\n\t\t\t<div class=\"elementor-widget-wrap elementor-element-populated\">\n\t\t\t\t\t\t<div class=\"elementor-element elementor-element-e6f40fe elementor-widget elementor-widget-image\" data-id=\"e6f40fe\" data-element_type=\"widget\" data-widget_type=\"image.default\">\n\t\t\t\t<div class=\"elementor-widget-container\">\n\t\t\t\t\t\t\t\t\t\t\t\t\t\t\t<img fetchpriority=\"high\" decoding=\"async\" width=\"696\" height=\"699\" src=\"https:\/\/pc.sc.gov.br\/\/wp-content\/uploads\/2022\/12\/01-2-1020x1024.jpg\" class=\"attachment-large size-large wp-image-1819\" alt=\"\" srcset=\"https:\/\/pc.sc.gov.br\/\/wp-content\/uploads\/2022\/12\/01-2-1020x1024.jpg 1020w, https:\/\/pc.sc.gov.br\/\/wp-content\/uploads\/2022\/12\/01-2-300x300.jpg 300w, https:\/\/pc.sc.gov.br\/\/wp-content\/uploads\/2022\/12\/01-2-150x150.jpg 150w, https:\/\/pc.sc.gov.br\/\/wp-content\/uploads\/2022\/12\/01-2-768x771.jpg 768w, https:\/\/pc.sc.gov.br\/\/wp-content\/uploads\/2022\/12\/01-2.jpg 1298w\" sizes=\"(max-width: 696px) 100vw, 696px\" \/>\t\t\t\t\t\t\t\t\t\t\t\t\t\t\t<\/div>\n\t\t\t\t<\/div>\n\t\t\t\t<div class=\"elementor-element elementor-element-94e660d elementor-widget elementor-widget-text-editor\" data-id=\"94e660d\" data-element_type=\"widget\" data-widget_type=\"text-editor.default\">\n\t\t\t\t<div class=\"elementor-widget-container\">\n\t\t\t\t\t\t\t\t\t<p>Nesta quarta-feira (7), a Pol\u00edcia Civil de Santa Catarina, atrav\u00e9s da Diretoria Estadual de Investiga\u00e7\u00f5es Criminais, prestou apoio \u00e0 Pol\u00edcia Civil do Rio de Janeiro e \u00e0 Pol\u00edcia Rodovi\u00e1ria Federal para cumprimentos de mandados emitidos pelo Ju\u00edzo \u00danico de Mangaratiba na 2\u00aa fase da opera\u00e7\u00e3o \u201cPatrone\u201d. A a\u00e7\u00e3o visou cumprir seis mandados de pris\u00e3o e dez mandados de busca e apreens\u00e3o em cidades dos estados de Santa Catarina e Paran\u00e1. A opera\u00e7\u00e3o contou com o apoio tamb\u00e9m da Pol\u00edcia Civil do Paran\u00e1, atrav\u00e9s do DENARC.<\/p><p>A 2 \u00aa fase da opera\u00e7\u00e3o foi conduzida pela Delegacia Especializada em Armas, Muni\u00e7\u00f5es e Explosivos da PCRJ em conjunto com a PRF e \u00e9 um desdobramento da opera\u00e7\u00e3o \u201cPatrone\u201d, que, em outubro deste ano, prendeu quatro integrantes de uma quadrilha respons\u00e1vel por enviar armas para o estado do Rio de Janeiro.<\/p><p>Na fase anterior da opera\u00e7\u00e3o, foram presos um casal de empres\u00e1rios que moravam na Barra da Tijuca e outro casal, preso em flagrante, ao transportar um fuzil, uma pistola e farta muni\u00e7\u00e3o de Santa Catarina para o Rio de Janeiro.<\/p><p>A investiga\u00e7\u00e3o teve continuidade e foi demonstrado que um dos homens presos era respons\u00e1vel pela pr\u00e1tica criminosa de tr\u00e1fico e estava foragido do estado do Paran\u00e1. O homem vivia no Rio de Janeiro com identidade falsa, passando-se por empres\u00e1rio, e continuava a controlar o grupo criminoso que vendia drogas na regi\u00e3o do Pontal do Paran\u00e1, no Paran\u00e1.<\/p><p>O grupo criminoso se dividia em n\u00facleos que praticavam a comercializa\u00e7\u00e3o de drogas, especialmente coca\u00edna e skunk, al\u00e9m da venda ilegal de armas e muni\u00e7\u00f5es. Al\u00e9m disso, tamb\u00e9m foram identificados fornecedores de armas e muni\u00e7\u00f5es do grupo criminoso no Rio de Janeiro.<\/p>\t\t\t\t\t\t\t\t<\/div>\n\t\t\t\t<\/div>\n\t\t\t\t\t<\/div>\n\t\t<\/div>\n\t\t\t\t\t<\/div>\n\t\t<\/section>\n\t\t\t\t<\/div>\n\t\t","protected":false},"excerpt":{"rendered":"<p>Pol\u00edcia Civil presta apoio para cumprimentos de mandados na 2\u00aa fase da opera\u00e7\u00e3o \u201cPatrone\u201d Nesta quarta-feira (7), a Pol\u00edcia Civil de Santa Catarina, atrav\u00e9s da Diretoria Estadual de Investiga\u00e7\u00f5es Criminais, prestou apoio \u00e0 Pol\u00edcia Civil do Rio de Janeiro e \u00e0 Pol\u00edcia Rodovi\u00e1ria Federal para cumprimentos de mandados emitidos pelo Ju\u00edzo \u00danico de Mangaratiba na [&hellip;]<\/p>\n","protected":false},"author":2,"featured_media":1819,"comment_status":"closed","ping_status":"open","sticky":false,"template":"elementor_header_footer","format":"standard","meta":{"_monsterinsights_skip_tracking":false,"_monsterinsights_sitenote_active":false,"_monsterinsights_sitenote_note":"","_monsterinsights_sitenote_category":0,"footnotes":""},"categories":[1],"tags":[],"class_list":["post-1816","post","type-post","status-publish","format-standard","has-post-thumbnail","hentry","category-sem-categoria"],"_links":{"self":[{"href":"https:\/\/pc.sc.gov.br\/index.php?rest_route=\/wp\/v2\/posts\/1816","targetHints":{"allow":["GET"]}}],"collection":[{"href":"https:\/\/pc.sc.gov.br\/index.php?rest_route=\/wp\/v2\/posts"}],"about":[{"href":"https:\/\/pc.sc.gov.br\/index.php?rest_route=\/wp\/v2\/types\/post"}],"author":[{"embeddable":true,"href":"https:\/\/pc.sc.gov.br\/index.php?rest_route=\/wp\/v2\/users\/2"}],"replies":[{"embeddable":true,"href":"https:\/\/pc.sc.gov.br\/index.php?rest_route=%2Fwp%2Fv2%2Fcomments&post=1816"}],"version-history":[{"count":4,"href":"https:\/\/pc.sc.gov.br\/index.php?rest_route=\/wp\/v2\/posts\/1816\/revisions"}],"predecessor-version":[{"id":1824,"href":"https:\/\/pc.sc.gov.br\/index.php?rest_route=\/wp\/v2\/posts\/1816\/revisions\/1824"}],"wp:featuredmedia":[{"embeddable":true,"href":"https:\/\/pc.sc.gov.br\/index.php?rest_route=\/wp\/v2\/media\/1819"}],"wp:attachment":[{"href":"https:\/\/pc.sc.gov.br\/index.php?rest_route=%2Fwp%2Fv2%2Fmedia&parent=1816"}],"wp:term":[{"taxonomy":"category","embeddable":true,"href":"https:\/\/pc.sc.gov.br\/index.php?rest_route=%2Fwp%2Fv2%2Fcategories&post=1816"},{"taxonomy":"post_tag","embeddable":true,"href":"https:\/\/pc.sc.gov.br\/index.php?rest_route=%2Fwp%2Fv2%2Ftags&post=1816"}],"curies":[{"name":"wp","href":"https:\/\/api.w.org\/{rel}","templated":true}]}}