{"id":18166,"date":"2024-03-08T16:18:54","date_gmt":"2024-03-08T19:18:54","guid":{"rendered":"https:\/\/pc.sc.gov.br\/?p=18166"},"modified":"2024-03-08T16:43:01","modified_gmt":"2024-03-08T19:43:01","slug":"agente-de-policia-da-pcsc-e-a-unica-representante-da-al-para-conselho-de-lideranca-na-international-emergency-drone-organization-com-sede-na-franca","status":"publish","type":"post","link":"https:\/\/pc.sc.gov.br\/?p=18166","title":{"rendered":"Agente de Pol\u00edcia da PCSC \u00e9 a \u00fanica representante da AL para Conselho de lideran\u00e7a na International Emergency Drone Organization com sede na Fran\u00e7a"},"content":{"rendered":"\t\t<div data-elementor-type=\"wp-post\" data-elementor-id=\"18166\" class=\"elementor elementor-18166\" data-elementor-post-type=\"post\">\n\t\t\t\t\t\t<section class=\"elementor-section elementor-top-section elementor-element elementor-element-8330102 elementor-section-boxed elementor-section-height-default elementor-section-height-default\" data-id=\"8330102\" data-element_type=\"section\">\n\t\t\t\t\t\t<div class=\"elementor-container elementor-column-gap-default\">\n\t\t\t\t\t<div class=\"elementor-column elementor-col-100 elementor-top-column elementor-element elementor-element-606cb12\" data-id=\"606cb12\" data-element_type=\"column\">\n\t\t\t<div class=\"elementor-widget-wrap elementor-element-populated\">\n\t\t\t\t\t\t<div class=\"elementor-element elementor-element-473b113 elementor-widget elementor-widget-heading\" data-id=\"473b113\" data-element_type=\"widget\" data-widget_type=\"heading.default\">\n\t\t\t\t<div class=\"elementor-widget-container\">\n\t\t\t\t\t<h2 class=\"elementor-heading-title elementor-size-default\">Agente de Pol\u00edcia da PCSC \u00e9 a \u00fanica representante da AM\u00c9RICA LATINA na International Emergency Drone Organization, SEDIADA na Fran\u00e7a<\/h2>\t\t\t\t<\/div>\n\t\t\t\t<\/div>\n\t\t\t\t\t<\/div>\n\t\t<\/div>\n\t\t\t\t\t<\/div>\n\t\t<\/section>\n\t\t\t\t<section class=\"elementor-section elementor-top-section elementor-element elementor-element-41fd8b0 elementor-section-boxed elementor-section-height-default elementor-section-height-default\" data-id=\"41fd8b0\" data-element_type=\"section\">\n\t\t\t\t\t\t<div class=\"elementor-container elementor-column-gap-default\">\n\t\t\t\t\t<div class=\"elementor-column elementor-col-100 elementor-top-column elementor-element elementor-element-9feb60b\" data-id=\"9feb60b\" data-element_type=\"column\">\n\t\t\t<div class=\"elementor-widget-wrap elementor-element-populated\">\n\t\t\t\t\t\t<div class=\"elementor-element elementor-element-49c2b50 elementor-widget elementor-widget-image\" data-id=\"49c2b50\" data-element_type=\"widget\" data-widget_type=\"image.default\">\n\t\t\t\t<div class=\"elementor-widget-container\">\n\t\t\t\t\t\t\t\t\t\t\t\t\t\t\t<img fetchpriority=\"high\" decoding=\"async\" width=\"696\" height=\"532\" src=\"https:\/\/pc.sc.gov.br\/\/wp-content\/uploads\/2024\/03\/MYLENA-ESPINDOLA-DRONE-DEIC-1024x783.jpeg\" class=\"attachment-large size-large wp-image-18167\" alt=\"\" srcset=\"https:\/\/pc.sc.gov.br\/\/wp-content\/uploads\/2024\/03\/MYLENA-ESPINDOLA-DRONE-DEIC-1024x783.jpeg 1024w, https:\/\/pc.sc.gov.br\/\/wp-content\/uploads\/2024\/03\/MYLENA-ESPINDOLA-DRONE-DEIC-300x230.jpeg 300w, https:\/\/pc.sc.gov.br\/\/wp-content\/uploads\/2024\/03\/MYLENA-ESPINDOLA-DRONE-DEIC-768x588.jpeg 768w, https:\/\/pc.sc.gov.br\/\/wp-content\/uploads\/2024\/03\/MYLENA-ESPINDOLA-DRONE-DEIC-1536x1175.jpeg 1536w, https:\/\/pc.sc.gov.br\/\/wp-content\/uploads\/2024\/03\/MYLENA-ESPINDOLA-DRONE-DEIC.jpeg 1600w\" sizes=\"(max-width: 696px) 100vw, 696px\" \/>\t\t\t\t\t\t\t\t\t\t\t\t\t\t\t<\/div>\n\t\t\t\t<\/div>\n\t\t\t\t\t<\/div>\n\t\t<\/div>\n\t\t\t\t\t<\/div>\n\t\t<\/section>\n\t\t\t\t<section class=\"elementor-section elementor-top-section elementor-element elementor-element-5507f66 elementor-section-boxed elementor-section-height-default elementor-section-height-default\" data-id=\"5507f66\" data-element_type=\"section\">\n\t\t\t\t\t\t<div class=\"elementor-container elementor-column-gap-default\">\n\t\t\t\t\t<div class=\"elementor-column elementor-col-100 elementor-top-column elementor-element elementor-element-d8dca74\" data-id=\"d8dca74\" data-element_type=\"column\">\n\t\t\t<div class=\"elementor-widget-wrap elementor-element-populated\">\n\t\t\t\t\t\t<div class=\"elementor-element elementor-element-27d2335 elementor-widget elementor-widget-text-editor\" data-id=\"27d2335\" data-element_type=\"widget\" data-widget_type=\"text-editor.default\">\n\t\t\t\t<div class=\"elementor-widget-container\">\n\t\t\t\t\t\t\t\t\t<p>A Pol\u00edcia Civil de Santa Catarina est\u00e1 representada na maior Comunidade Internacional de Pilotos de Drones (RPAS) de seguran\u00e7a p\u00fablica e resgates. A Agente de Pol\u00edcia e Piloto de drone Mylena Gomes Esp\u00edndola, da Diretoria Estadual de Investiga\u00e7\u00f5es Criminais (DEIC), foi eleita em 2024 para compor o Conselho de Lideran\u00e7a da International Emergency Drone Organization (IEDO), associa\u00e7\u00e3o internacional sem fins lucrativos, com sede em Versailles, na Fran\u00e7a.&nbsp;<\/p>\n<p>Fazer parte do Conselho de Lideran\u00e7a significa que a policial civil catarinense estar\u00e1 envolvida na tomada de decis\u00f5es e estrat\u00e9gias do IEDO. Para as demais comiss\u00f5es foram eleitos policiais\/bombeiros da Fran\u00e7a, Estados Unidos, Portugal, It\u00e1lia, Cro\u00e1cia, Hungria, B\u00e9lgica, Luxemburgo e Holanda.&nbsp;<span style=\"font-family: var( --e-global-typography-primary-font-family ), Sans-serif; font-size: var( --e-global-typography-primary-font-size ); font-weight: var( --e-global-typography-primary-font-weight ); letter-spacing: var( --e-global-typography-primary-letter-spacing );\">Esta \u00e9 a primeira vez que um policial da Am\u00e9rica do Sul ocupa uma vaga no Conselho de Lideran\u00e7a da IEDO, demonstrando o compromisso da Pol\u00edcia Civil de Santa Catarina em estar alinhada \u00e0s boas pr\u00e1ticas internacionais do uso de drones em a\u00e7\u00f5es de seguran\u00e7a p\u00fablica e resgate. <br><br>A Agente de Pol\u00edcia Mylena Gomes Esp\u00edndola ressaltou a import\u00e2ncia da utiliza\u00e7\u00e3o de drones nas a\u00e7\u00f5es policiais, apoiando equipes que operam em solo, para reduzir a exposi\u00e7\u00e3o dos policiais aos riscos e ajudando a proteger os operadores que atuam em \u00e1reas violentas. \u201cNa perspectiva da investiga\u00e7\u00e3o criminal, o drone \u00e9 utilizado para coleta de informa\u00e7\u00f5es em \u00e1reas sens\u00edveis com voos furtivos, cujas imagens capturadas s\u00e3o utilizadas como prova em processos criminais\u201d, observou.<\/span><\/p>\n<p>A IEDO \u00e9 a maior Comunidade Internacional de Pilotos de UAS (drones) de seguran\u00e7a p\u00fablica, composto por policiais especialistas em drones e rob\u00f3tica de 55 pa\u00edses, todos dedicados \u00e0 prote\u00e7\u00e3o \u00e0 vida e resgate.&nbsp;<span style=\"font-family: var( --e-global-typography-primary-font-family ), Sans-serif; font-size: var( --e-global-typography-primary-font-size ); font-weight: var( --e-global-typography-primary-font-weight ); letter-spacing: var( --e-global-typography-primary-letter-spacing );\">Os objetivos da associa\u00e7\u00e3o contemplam promover a rob\u00f3tica e os drones que salvam vidas, apoiar o interc\u00e2mbio de conhecimentos em \u00e2mbito internacional e nacional e desenvolver iniciativas de forma\u00e7\u00e3o, com fortes valores de partilha colaborativa e apoio m\u00fatuo, com uma forte \u00e9tica de neutralidade em rela\u00e7\u00e3o aos interesses comerciais, pol\u00edticos, econ\u00f4micos, religiosos e ideol\u00f3gicos.<\/span><\/p>\n<p>A IEDO possui tr\u00eas Comiss\u00f5es: International Commission Head, Police Drone Commission Head, Fire &amp; Rescue Drone Commission Head, todos vinculados ao Conselho de Lideran\u00e7a.&nbsp;<\/p>\n<p>Saiba mais sobre a&nbsp;<a href=\"https:\/\/www.iedo-drone.org\/about-us\/leadership-board\" target=\"_blank\" style=\"font-family: var( --e-global-typography-primary-font-family ), Sans-serif; font-size: var( --e-global-typography-primary-font-size ); font-weight: var( --e-global-typography-primary-font-weight ); letter-spacing: var( --e-global-typography-primary-letter-spacing ); background-color: rgb(255, 255, 255);\">IEDO aqui.<\/a><span style=\"color: var( --e-global-color-text ); font-family: var( --e-global-typography-primary-font-family ), Sans-serif; font-size: var( --e-global-typography-primary-font-size ); font-weight: var( --e-global-typography-primary-font-weight ); letter-spacing: var( --e-global-typography-primary-letter-spacing );\">&nbsp;<\/span><\/p>\t\t\t\t\t\t\t\t<\/div>\n\t\t\t\t<\/div>\n\t\t\t\t\t<\/div>\n\t\t<\/div>\n\t\t\t\t\t<\/div>\n\t\t<\/section>\n\t\t\t\t<section class=\"elementor-section elementor-top-section elementor-element elementor-element-e6db255 elementor-section-boxed elementor-section-height-default elementor-section-height-default\" data-id=\"e6db255\" data-element_type=\"section\">\n\t\t\t\t\t\t<div class=\"elementor-container elementor-column-gap-default\">\n\t\t\t\t\t<div class=\"elementor-column elementor-col-100 elementor-top-column elementor-element elementor-element-24efc13\" data-id=\"24efc13\" data-element_type=\"column\">\n\t\t\t<div class=\"elementor-widget-wrap elementor-element-populated\">\n\t\t\t\t\t\t<div class=\"elementor-element elementor-element-47303b8 elementor-widget elementor-widget-image\" data-id=\"47303b8\" data-element_type=\"widget\" data-widget_type=\"image.default\">\n\t\t\t\t<div class=\"elementor-widget-container\">\n\t\t\t\t\t\t\t\t\t\t\t\t\t\t\t<img decoding=\"async\" width=\"696\" height=\"470\" src=\"https:\/\/pc.sc.gov.br\/\/wp-content\/uploads\/2024\/03\/WhatsApp-Image-2024-03-08-at-15.51.37-1024x692.jpeg\" class=\"attachment-large size-large wp-image-18172\" alt=\"\" srcset=\"https:\/\/pc.sc.gov.br\/\/wp-content\/uploads\/2024\/03\/WhatsApp-Image-2024-03-08-at-15.51.37-1024x692.jpeg 1024w, https:\/\/pc.sc.gov.br\/\/wp-content\/uploads\/2024\/03\/WhatsApp-Image-2024-03-08-at-15.51.37-300x203.jpeg 300w, https:\/\/pc.sc.gov.br\/\/wp-content\/uploads\/2024\/03\/WhatsApp-Image-2024-03-08-at-15.51.37-768x519.jpeg 768w, https:\/\/pc.sc.gov.br\/\/wp-content\/uploads\/2024\/03\/WhatsApp-Image-2024-03-08-at-15.51.37.jpeg 1280w\" sizes=\"(max-width: 696px) 100vw, 696px\" \/>\t\t\t\t\t\t\t\t\t\t\t\t\t\t\t<\/div>\n\t\t\t\t<\/div>\n\t\t\t\t\t<\/div>\n\t\t<\/div>\n\t\t\t\t\t<\/div>\n\t\t<\/section>\n\t\t\t\t<\/div>\n\t\t","protected":false},"excerpt":{"rendered":"<p>Agente de Pol\u00edcia da PCSC \u00e9 a \u00fanica representante da AM\u00c9RICA LATINA na International Emergency Drone Organization, SEDIADA na Fran\u00e7a A Pol\u00edcia Civil de Santa Catarina est\u00e1 representada na maior Comunidade Internacional de Pilotos de Drones (RPAS) de seguran\u00e7a p\u00fablica e resgates. A Agente de Pol\u00edcia e Piloto de drone Mylena Gomes Esp\u00edndola, da Diretoria [&hellip;]<\/p>\n","protected":false},"author":5,"featured_media":18167,"comment_status":"closed","ping_status":"open","sticky":false,"template":"","format":"standard","meta":{"_monsterinsights_skip_tracking":false,"_monsterinsights_sitenote_active":false,"_monsterinsights_sitenote_note":"","_monsterinsights_sitenote_category":0,"footnotes":""},"categories":[1],"tags":[],"class_list":["post-18166","post","type-post","status-publish","format-standard","has-post-thumbnail","hentry","category-sem-categoria"],"_links":{"self":[{"href":"https:\/\/pc.sc.gov.br\/index.php?rest_route=\/wp\/v2\/posts\/18166","targetHints":{"allow":["GET"]}}],"collection":[{"href":"https:\/\/pc.sc.gov.br\/index.php?rest_route=\/wp\/v2\/posts"}],"about":[{"href":"https:\/\/pc.sc.gov.br\/index.php?rest_route=\/wp\/v2\/types\/post"}],"author":[{"embeddable":true,"href":"https:\/\/pc.sc.gov.br\/index.php?rest_route=\/wp\/v2\/users\/5"}],"replies":[{"embeddable":true,"href":"https:\/\/pc.sc.gov.br\/index.php?rest_route=%2Fwp%2Fv2%2Fcomments&post=18166"}],"version-history":[{"count":9,"href":"https:\/\/pc.sc.gov.br\/index.php?rest_route=\/wp\/v2\/posts\/18166\/revisions"}],"predecessor-version":[{"id":18180,"href":"https:\/\/pc.sc.gov.br\/index.php?rest_route=\/wp\/v2\/posts\/18166\/revisions\/18180"}],"wp:featuredmedia":[{"embeddable":true,"href":"https:\/\/pc.sc.gov.br\/index.php?rest_route=\/wp\/v2\/media\/18167"}],"wp:attachment":[{"href":"https:\/\/pc.sc.gov.br\/index.php?rest_route=%2Fwp%2Fv2%2Fmedia&parent=18166"}],"wp:term":[{"taxonomy":"category","embeddable":true,"href":"https:\/\/pc.sc.gov.br\/index.php?rest_route=%2Fwp%2Fv2%2Fcategories&post=18166"},{"taxonomy":"post_tag","embeddable":true,"href":"https:\/\/pc.sc.gov.br\/index.php?rest_route=%2Fwp%2Fv2%2Ftags&post=18166"}],"curies":[{"name":"wp","href":"https:\/\/api.w.org\/{rel}","templated":true}]}}