{"id":18181,"date":"2024-03-08T17:27:35","date_gmt":"2024-03-08T20:27:35","guid":{"rendered":"https:\/\/pc.sc.gov.br\/?p=18181"},"modified":"2024-03-08T17:28:32","modified_gmt":"2024-03-08T20:28:32","slug":"operacao-atria-policia-civil-de-ascurra-prende-homem-condenado-a-mais-de-23-anos-de-prisao-pelo-crime-de-estupro-de-vulneravel","status":"publish","type":"post","link":"https:\/\/pc.sc.gov.br\/?p=18181","title":{"rendered":"Opera\u00e7\u00e3o \u00c1tria: Pol\u00edcia Civil de Ascurra prende homem condenado a mais de 23 anos de pris\u00e3o pelo crime de estupro de vulner\u00e1vel"},"content":{"rendered":"\t\t<div data-elementor-type=\"wp-post\" data-elementor-id=\"18181\" class=\"elementor elementor-18181\" data-elementor-post-type=\"post\">\n\t\t\t\t\t\t<section class=\"elementor-section elementor-top-section elementor-element elementor-element-65a24a7 elementor-section-boxed elementor-section-height-default elementor-section-height-default\" data-id=\"65a24a7\" data-element_type=\"section\">\n\t\t\t\t\t\t<div class=\"elementor-container elementor-column-gap-default\">\n\t\t\t\t\t<div class=\"elementor-column elementor-col-100 elementor-top-column elementor-element elementor-element-1586b76\" data-id=\"1586b76\" data-element_type=\"column\">\n\t\t\t<div class=\"elementor-widget-wrap elementor-element-populated\">\n\t\t\t\t\t\t<div class=\"elementor-element elementor-element-6a85c60 elementor-widget elementor-widget-heading\" data-id=\"6a85c60\" data-element_type=\"widget\" data-widget_type=\"heading.default\">\n\t\t\t\t<div class=\"elementor-widget-container\">\n\t\t\t\t\t<h2 class=\"elementor-heading-title elementor-size-default\">Opera\u00e7\u00e3o \u00c1tria: Pol\u00edcia Civil de Ascurra prende homem condenado a mais de 23 anos de pris\u00e3o pelo crime de estupro de vulner\u00e1vel<\/h2>\t\t\t\t<\/div>\n\t\t\t\t<\/div>\n\t\t\t\t\t<\/div>\n\t\t<\/div>\n\t\t\t\t\t<\/div>\n\t\t<\/section>\n\t\t\t\t<section class=\"elementor-section elementor-top-section elementor-element elementor-element-3addec8 elementor-section-boxed elementor-section-height-default elementor-section-height-default\" data-id=\"3addec8\" data-element_type=\"section\">\n\t\t\t\t\t\t<div class=\"elementor-container elementor-column-gap-default\">\n\t\t\t\t\t<div class=\"elementor-column elementor-col-100 elementor-top-column elementor-element elementor-element-65ad5c9\" data-id=\"65ad5c9\" data-element_type=\"column\">\n\t\t\t<div class=\"elementor-widget-wrap elementor-element-populated\">\n\t\t\t\t\t\t<div class=\"elementor-element elementor-element-8102a03 elementor-widget elementor-widget-image\" data-id=\"8102a03\" data-element_type=\"widget\" data-widget_type=\"image.default\">\n\t\t\t\t<div class=\"elementor-widget-container\">\n\t\t\t\t\t\t\t\t\t\t\t\t\t\t\t<img fetchpriority=\"high\" decoding=\"async\" width=\"696\" height=\"646\" src=\"https:\/\/pc.sc.gov.br\/\/wp-content\/uploads\/2024\/03\/172d2651-d282-426e-8967-f9fb3f149892-fotor-20240308172558-1024x951.jpg\" class=\"attachment-large size-large wp-image-18182\" alt=\"\" srcset=\"https:\/\/pc.sc.gov.br\/\/wp-content\/uploads\/2024\/03\/172d2651-d282-426e-8967-f9fb3f149892-fotor-20240308172558-1024x951.jpg 1024w, https:\/\/pc.sc.gov.br\/\/wp-content\/uploads\/2024\/03\/172d2651-d282-426e-8967-f9fb3f149892-fotor-20240308172558-300x279.jpg 300w, https:\/\/pc.sc.gov.br\/\/wp-content\/uploads\/2024\/03\/172d2651-d282-426e-8967-f9fb3f149892-fotor-20240308172558-768x713.jpg 768w, https:\/\/pc.sc.gov.br\/\/wp-content\/uploads\/2024\/03\/172d2651-d282-426e-8967-f9fb3f149892-fotor-20240308172558.jpg 1189w\" sizes=\"(max-width: 696px) 100vw, 696px\" \/>\t\t\t\t\t\t\t\t\t\t\t\t\t\t\t<\/div>\n\t\t\t\t<\/div>\n\t\t\t\t\t<\/div>\n\t\t<\/div>\n\t\t\t\t\t<\/div>\n\t\t<\/section>\n\t\t\t\t<section class=\"elementor-section elementor-top-section elementor-element elementor-element-8bb3a18 elementor-section-boxed elementor-section-height-default elementor-section-height-default\" data-id=\"8bb3a18\" data-element_type=\"section\">\n\t\t\t\t\t\t<div class=\"elementor-container elementor-column-gap-default\">\n\t\t\t\t\t<div class=\"elementor-column elementor-col-100 elementor-top-column elementor-element elementor-element-8958c55\" data-id=\"8958c55\" data-element_type=\"column\">\n\t\t\t<div class=\"elementor-widget-wrap elementor-element-populated\">\n\t\t\t\t\t\t<div class=\"elementor-element elementor-element-0c36dde elementor-widget elementor-widget-text-editor\" data-id=\"0c36dde\" data-element_type=\"widget\" data-widget_type=\"text-editor.default\">\n\t\t\t\t<div class=\"elementor-widget-container\">\n\t\t\t\t\t\t\t\t\t<p>A Pol\u00edcia Civil de Santa Catarina, por meio da Delegacia de Pol\u00edcia Civil de Ascurra, nesta sexta-feira (8) deu cumprimento a mandado de pris\u00e3o por senten\u00e7a definitiva expedido em desfavor de um homem, condenado pelo crime de estupro de vulner\u00e1vel, previsto no Art. 217-A, do C\u00f3digo Penal.<\/p>\n<p>A pris\u00e3o se deu ap\u00f3s policiais da Delegacia da Comarca de Ascurra receberem a informa\u00e7\u00e3o de o que o sentenciado estava residindo na cidade de Indaial, raz\u00e3o pela qual se deslocaram at\u00e9 o munic\u00edpio e efetuaram a pris\u00e3o do foragido.<\/p>\n<p>O preso foi condenado a uma pena de 23 anos e 04 meses de reclus\u00e3o a ser cumprida inicialmente em regime fechado e foi encaminhado ao Pres\u00eddio Regional de Blumenau, onde ficar\u00e1 \u00e0 disposi\u00e7\u00e3o do Poder Judici\u00e1rio.<\/p>\n<p><b>Colabore com a Pol\u00edcia civil, por interm\u00e9dio da Delegacia de Ascurra &#8211; den\u00fancias pelo telefone 047 99793-6769 &#8211; Sigilo absoluto.<\/b><\/p>\n<div>&nbsp;<\/div>\t\t\t\t\t\t\t\t<\/div>\n\t\t\t\t<\/div>\n\t\t\t\t\t<\/div>\n\t\t<\/div>\n\t\t\t\t\t<\/div>\n\t\t<\/section>\n\t\t\t\t<\/div>\n\t\t","protected":false},"excerpt":{"rendered":"<p>Opera\u00e7\u00e3o \u00c1tria: Pol\u00edcia Civil de Ascurra prende homem condenado a mais de 23 anos de pris\u00e3o pelo crime de estupro de vulner\u00e1vel A Pol\u00edcia Civil de Santa Catarina, por meio da Delegacia de Pol\u00edcia Civil de Ascurra, nesta sexta-feira (8) deu cumprimento a mandado de pris\u00e3o por senten\u00e7a definitiva expedido em desfavor de um homem, [&hellip;]<\/p>\n","protected":false},"author":5,"featured_media":18182,"comment_status":"closed","ping_status":"open","sticky":false,"template":"","format":"standard","meta":{"_monsterinsights_skip_tracking":false,"_monsterinsights_sitenote_active":false,"_monsterinsights_sitenote_note":"","_monsterinsights_sitenote_category":0,"footnotes":""},"categories":[1],"tags":[],"class_list":["post-18181","post","type-post","status-publish","format-standard","has-post-thumbnail","hentry","category-sem-categoria"],"_links":{"self":[{"href":"https:\/\/pc.sc.gov.br\/index.php?rest_route=\/wp\/v2\/posts\/18181","targetHints":{"allow":["GET"]}}],"collection":[{"href":"https:\/\/pc.sc.gov.br\/index.php?rest_route=\/wp\/v2\/posts"}],"about":[{"href":"https:\/\/pc.sc.gov.br\/index.php?rest_route=\/wp\/v2\/types\/post"}],"author":[{"embeddable":true,"href":"https:\/\/pc.sc.gov.br\/index.php?rest_route=\/wp\/v2\/users\/5"}],"replies":[{"embeddable":true,"href":"https:\/\/pc.sc.gov.br\/index.php?rest_route=%2Fwp%2Fv2%2Fcomments&post=18181"}],"version-history":[{"count":4,"href":"https:\/\/pc.sc.gov.br\/index.php?rest_route=\/wp\/v2\/posts\/18181\/revisions"}],"predecessor-version":[{"id":18186,"href":"https:\/\/pc.sc.gov.br\/index.php?rest_route=\/wp\/v2\/posts\/18181\/revisions\/18186"}],"wp:featuredmedia":[{"embeddable":true,"href":"https:\/\/pc.sc.gov.br\/index.php?rest_route=\/wp\/v2\/media\/18182"}],"wp:attachment":[{"href":"https:\/\/pc.sc.gov.br\/index.php?rest_route=%2Fwp%2Fv2%2Fmedia&parent=18181"}],"wp:term":[{"taxonomy":"category","embeddable":true,"href":"https:\/\/pc.sc.gov.br\/index.php?rest_route=%2Fwp%2Fv2%2Fcategories&post=18181"},{"taxonomy":"post_tag","embeddable":true,"href":"https:\/\/pc.sc.gov.br\/index.php?rest_route=%2Fwp%2Fv2%2Ftags&post=18181"}],"curies":[{"name":"wp","href":"https:\/\/api.w.org\/{rel}","templated":true}]}}