{"id":18188,"date":"2024-03-08T18:16:25","date_gmt":"2024-03-08T21:16:25","guid":{"rendered":"https:\/\/pc.sc.gov.br\/?p=18188"},"modified":"2024-03-08T18:19:39","modified_gmt":"2024-03-08T21:19:39","slug":"preso-no-mato-grosso-do-sul-o-venezuelano-autor-de-duplo-feminicidio-em-joinville","status":"publish","type":"post","link":"https:\/\/pc.sc.gov.br\/?p=18188","title":{"rendered":"Preso no Mato Grosso do Sul o venezuelano autor de duplo feminic\u00eddio em Joinville"},"content":{"rendered":"\t\t<div data-elementor-type=\"wp-post\" data-elementor-id=\"18188\" class=\"elementor elementor-18188\" data-elementor-post-type=\"post\">\n\t\t\t\t\t\t<section class=\"elementor-section elementor-top-section elementor-element elementor-element-31d04fa elementor-section-boxed elementor-section-height-default elementor-section-height-default\" data-id=\"31d04fa\" data-element_type=\"section\">\n\t\t\t\t\t\t<div class=\"elementor-container elementor-column-gap-default\">\n\t\t\t\t\t<div class=\"elementor-column elementor-col-100 elementor-top-column elementor-element elementor-element-c1c5e25\" data-id=\"c1c5e25\" data-element_type=\"column\">\n\t\t\t<div class=\"elementor-widget-wrap elementor-element-populated\">\n\t\t\t\t\t\t<div class=\"elementor-element elementor-element-39a51a6 elementor-widget elementor-widget-heading\" data-id=\"39a51a6\" data-element_type=\"widget\" data-widget_type=\"heading.default\">\n\t\t\t\t<div class=\"elementor-widget-container\">\n\t\t\t\t\t<h2 class=\"elementor-heading-title elementor-size-default\">Preso no Mato Grosso do Sul o venezuelano autor de duplo feminic\u00eddio em Joinville<\/h2>\t\t\t\t<\/div>\n\t\t\t\t<\/div>\n\t\t\t\t\t<\/div>\n\t\t<\/div>\n\t\t\t\t\t<\/div>\n\t\t<\/section>\n\t\t\t\t<section class=\"elementor-section elementor-top-section elementor-element elementor-element-4cb10bf elementor-section-boxed elementor-section-height-default elementor-section-height-default\" data-id=\"4cb10bf\" data-element_type=\"section\">\n\t\t\t\t\t\t<div class=\"elementor-container elementor-column-gap-default\">\n\t\t\t\t\t<div class=\"elementor-column elementor-col-100 elementor-top-column elementor-element elementor-element-12b4eba\" data-id=\"12b4eba\" data-element_type=\"column\">\n\t\t\t<div class=\"elementor-widget-wrap elementor-element-populated\">\n\t\t\t\t\t\t<div class=\"elementor-element elementor-element-699e770 elementor-widget elementor-widget-image\" data-id=\"699e770\" data-element_type=\"widget\" data-widget_type=\"image.default\">\n\t\t\t\t<div class=\"elementor-widget-container\">\n\t\t\t\t\t\t\t\t\t\t\t\t\t\t\t<img fetchpriority=\"high\" decoding=\"async\" width=\"696\" height=\"612\" src=\"https:\/\/pc.sc.gov.br\/\/wp-content\/uploads\/2024\/03\/276bcc19-7916-4d66-b137-727a2d75bd01-fotor-20240308181313-1024x901.jpg\" class=\"attachment-large size-large wp-image-18189\" alt=\"\" srcset=\"https:\/\/pc.sc.gov.br\/\/wp-content\/uploads\/2024\/03\/276bcc19-7916-4d66-b137-727a2d75bd01-fotor-20240308181313-1024x901.jpg 1024w, https:\/\/pc.sc.gov.br\/\/wp-content\/uploads\/2024\/03\/276bcc19-7916-4d66-b137-727a2d75bd01-fotor-20240308181313-300x264.jpg 300w, https:\/\/pc.sc.gov.br\/\/wp-content\/uploads\/2024\/03\/276bcc19-7916-4d66-b137-727a2d75bd01-fotor-20240308181313-768x676.jpg 768w, https:\/\/pc.sc.gov.br\/\/wp-content\/uploads\/2024\/03\/276bcc19-7916-4d66-b137-727a2d75bd01-fotor-20240308181313.jpg 1140w\" sizes=\"(max-width: 696px) 100vw, 696px\" \/>\t\t\t\t\t\t\t\t\t\t\t\t\t\t\t<\/div>\n\t\t\t\t<\/div>\n\t\t\t\t\t<\/div>\n\t\t<\/div>\n\t\t\t\t\t<\/div>\n\t\t<\/section>\n\t\t\t\t<section class=\"elementor-section elementor-top-section elementor-element elementor-element-b63b141 elementor-section-boxed elementor-section-height-default elementor-section-height-default\" data-id=\"b63b141\" data-element_type=\"section\">\n\t\t\t\t\t\t<div class=\"elementor-container elementor-column-gap-default\">\n\t\t\t\t\t<div class=\"elementor-column elementor-col-100 elementor-top-column elementor-element elementor-element-ec08370\" data-id=\"ec08370\" data-element_type=\"column\">\n\t\t\t<div class=\"elementor-widget-wrap elementor-element-populated\">\n\t\t\t\t\t\t<div class=\"elementor-element elementor-element-70e4b90 elementor-widget elementor-widget-text-editor\" data-id=\"70e4b90\" data-element_type=\"widget\" data-widget_type=\"text-editor.default\">\n\t\t\t\t<div class=\"elementor-widget-container\">\n\t\t\t\t\t\t\t\t\t<p>Nesta sexta-feira (8), a Pol\u00edcia Civil de Mato Grosso do Sul, por meio da Delegacia da Comarca de \u00c1guas Claras, com informa\u00e7\u00f5es da Delegacia de Capturas da DEIC\/ PCSC, realizou a pris\u00e3o do venezuelano Oneal Abubekr Moreno Caraballo, autor de duplo feminic\u00eddio (ex-companheira e sogra). O crime ocorreu em Joinville, na \u00faltima segunda-feira (4).&nbsp;<\/p>\n<p>O foragido foi capturado em uma rodovi\u00e1ria do Mato Grosso do Sul, onde pretendia fugir do pa\u00eds. A foto do autor do duplo feminic\u00eddio foi inclu\u00edda ontem no Portal Foragidos da PCSC, onde consta a lista dos criminosos mais procurados de SC. Esta \u00e9 a segunda pris\u00e3o feita pela DECAP dos mais procurados do Portal Foragidos.<\/p>\n<p><b>Den\u00fancias e informa\u00e7\u00f5es relacionadas a foragidos da Justi\u00e7a podem ser encaminhadas para o e-mail deic-capturas@pc.sc.gov.br. Al\u00e9m disso, pelo Portal Foragidos da PCSC \u00e9 poss\u00edvel conhecer a rela\u00e7\u00e3o completa de procurados pela Justi\u00e7a. A Pol\u00edcia Civil de Santa Catarina garante o anonimato de quem prestar informa\u00e7\u00f5es sobre foragidos.&nbsp;<\/b><\/p>\t\t\t\t\t\t\t\t<\/div>\n\t\t\t\t<\/div>\n\t\t\t\t\t<\/div>\n\t\t<\/div>\n\t\t\t\t\t<\/div>\n\t\t<\/section>\n\t\t\t\t<section class=\"elementor-section elementor-top-section elementor-element elementor-element-1f884b2 elementor-section-boxed elementor-section-height-default elementor-section-height-default\" data-id=\"1f884b2\" data-element_type=\"section\">\n\t\t\t\t\t\t<div class=\"elementor-container elementor-column-gap-default\">\n\t\t\t\t\t<div class=\"elementor-column elementor-col-100 elementor-top-column elementor-element elementor-element-c7f30b7\" data-id=\"c7f30b7\" data-element_type=\"column\">\n\t\t\t<div class=\"elementor-widget-wrap elementor-element-populated\">\n\t\t\t\t\t\t<div class=\"elementor-element elementor-element-d7b4abd elementor-widget elementor-widget-image\" data-id=\"d7b4abd\" data-element_type=\"widget\" data-widget_type=\"image.default\">\n\t\t\t\t<div class=\"elementor-widget-container\">\n\t\t\t\t\t\t\t\t\t\t\t\t\t\t\t<img decoding=\"async\" width=\"696\" height=\"522\" src=\"https:\/\/pc.sc.gov.br\/\/wp-content\/uploads\/2024\/03\/WhatsApp-Image-2024-03-08-at-18.07.47-1024x768.jpeg\" class=\"attachment-large size-large wp-image-18196\" alt=\"\" srcset=\"https:\/\/pc.sc.gov.br\/\/wp-content\/uploads\/2024\/03\/WhatsApp-Image-2024-03-08-at-18.07.47-1024x768.jpeg 1024w, https:\/\/pc.sc.gov.br\/\/wp-content\/uploads\/2024\/03\/WhatsApp-Image-2024-03-08-at-18.07.47-300x225.jpeg 300w, https:\/\/pc.sc.gov.br\/\/wp-content\/uploads\/2024\/03\/WhatsApp-Image-2024-03-08-at-18.07.47-768x576.jpeg 768w, https:\/\/pc.sc.gov.br\/\/wp-content\/uploads\/2024\/03\/WhatsApp-Image-2024-03-08-at-18.07.47-1536x1152.jpeg 1536w, https:\/\/pc.sc.gov.br\/\/wp-content\/uploads\/2024\/03\/WhatsApp-Image-2024-03-08-at-18.07.47.jpeg 1600w\" sizes=\"(max-width: 696px) 100vw, 696px\" \/>\t\t\t\t\t\t\t\t\t\t\t\t\t\t\t<\/div>\n\t\t\t\t<\/div>\n\t\t\t\t\t<\/div>\n\t\t<\/div>\n\t\t\t\t\t<\/div>\n\t\t<\/section>\n\t\t\t\t<\/div>\n\t\t","protected":false},"excerpt":{"rendered":"<p>Preso no Mato Grosso do Sul o venezuelano autor de duplo feminic\u00eddio em Joinville Nesta sexta-feira (8), a Pol\u00edcia Civil de Mato Grosso do Sul, por meio da Delegacia da Comarca de \u00c1guas Claras, com informa\u00e7\u00f5es da Delegacia de Capturas da DEIC\/ PCSC, realizou a pris\u00e3o do venezuelano Oneal Abubekr Moreno Caraballo, autor de duplo [&hellip;]<\/p>\n","protected":false},"author":5,"featured_media":18189,"comment_status":"closed","ping_status":"open","sticky":false,"template":"","format":"standard","meta":{"_monsterinsights_skip_tracking":false,"_monsterinsights_sitenote_active":false,"_monsterinsights_sitenote_note":"","_monsterinsights_sitenote_category":0,"footnotes":""},"categories":[1],"tags":[],"class_list":["post-18188","post","type-post","status-publish","format-standard","has-post-thumbnail","hentry","category-sem-categoria"],"_links":{"self":[{"href":"https:\/\/pc.sc.gov.br\/index.php?rest_route=\/wp\/v2\/posts\/18188","targetHints":{"allow":["GET"]}}],"collection":[{"href":"https:\/\/pc.sc.gov.br\/index.php?rest_route=\/wp\/v2\/posts"}],"about":[{"href":"https:\/\/pc.sc.gov.br\/index.php?rest_route=\/wp\/v2\/types\/post"}],"author":[{"embeddable":true,"href":"https:\/\/pc.sc.gov.br\/index.php?rest_route=\/wp\/v2\/users\/5"}],"replies":[{"embeddable":true,"href":"https:\/\/pc.sc.gov.br\/index.php?rest_route=%2Fwp%2Fv2%2Fcomments&post=18188"}],"version-history":[{"count":9,"href":"https:\/\/pc.sc.gov.br\/index.php?rest_route=\/wp\/v2\/posts\/18188\/revisions"}],"predecessor-version":[{"id":18199,"href":"https:\/\/pc.sc.gov.br\/index.php?rest_route=\/wp\/v2\/posts\/18188\/revisions\/18199"}],"wp:featuredmedia":[{"embeddable":true,"href":"https:\/\/pc.sc.gov.br\/index.php?rest_route=\/wp\/v2\/media\/18189"}],"wp:attachment":[{"href":"https:\/\/pc.sc.gov.br\/index.php?rest_route=%2Fwp%2Fv2%2Fmedia&parent=18188"}],"wp:term":[{"taxonomy":"category","embeddable":true,"href":"https:\/\/pc.sc.gov.br\/index.php?rest_route=%2Fwp%2Fv2%2Fcategories&post=18188"},{"taxonomy":"post_tag","embeddable":true,"href":"https:\/\/pc.sc.gov.br\/index.php?rest_route=%2Fwp%2Fv2%2Ftags&post=18188"}],"curies":[{"name":"wp","href":"https:\/\/api.w.org\/{rel}","templated":true}]}}