{"id":18201,"date":"2024-03-08T18:59:07","date_gmt":"2024-03-08T21:59:07","guid":{"rendered":"https:\/\/pc.sc.gov.br\/?p=18201"},"modified":"2024-03-08T19:01:43","modified_gmt":"2024-03-08T22:01:43","slug":"em-sao-joaquim-pcsc-deflagra-operacao-campo-santo-2-e-prende-homem-que-matou-e-escondeu-o-corpo-de-vitima-dentro-de-um-tumulo","status":"publish","type":"post","link":"https:\/\/pc.sc.gov.br\/?p=18201","title":{"rendered":"Em S\u00e3o Joaquim, PCSC deflagra opera\u00e7\u00e3o \u201cCampo Santo 2\u201d e prende homem que matou e escondeu o corpo de v\u00edtima dentro de um t\u00famulo"},"content":{"rendered":"\t\t<div data-elementor-type=\"wp-post\" data-elementor-id=\"18201\" class=\"elementor elementor-18201\" data-elementor-post-type=\"post\">\n\t\t\t\t\t\t<section class=\"elementor-section elementor-top-section elementor-element elementor-element-87964b8 elementor-section-boxed elementor-section-height-default elementor-section-height-default\" data-id=\"87964b8\" data-element_type=\"section\">\n\t\t\t\t\t\t<div class=\"elementor-container elementor-column-gap-default\">\n\t\t\t\t\t<div class=\"elementor-column elementor-col-100 elementor-top-column elementor-element elementor-element-f09f3b6\" data-id=\"f09f3b6\" data-element_type=\"column\">\n\t\t\t<div class=\"elementor-widget-wrap elementor-element-populated\">\n\t\t\t\t\t\t<div class=\"elementor-element elementor-element-e862c7f elementor-widget elementor-widget-heading\" data-id=\"e862c7f\" data-element_type=\"widget\" data-widget_type=\"heading.default\">\n\t\t\t\t<div class=\"elementor-widget-container\">\n\t\t\t\t\t<h2 class=\"elementor-heading-title elementor-size-default\">Em S\u00e3o Joaquim, PCSC deflagra opera\u00e7\u00e3o \u201cCampo Santo 2\u201d e prende homem que matou e escondeu o corpo de v\u00edtima dentro de um t\u00famulo<\/h2>\t\t\t\t<\/div>\n\t\t\t\t<\/div>\n\t\t\t\t\t<\/div>\n\t\t<\/div>\n\t\t\t\t\t<\/div>\n\t\t<\/section>\n\t\t\t\t<section class=\"elementor-section elementor-top-section elementor-element elementor-element-a853d73 elementor-section-boxed elementor-section-height-default elementor-section-height-default\" data-id=\"a853d73\" data-element_type=\"section\">\n\t\t\t\t\t\t<div class=\"elementor-container elementor-column-gap-default\">\n\t\t\t\t\t<div class=\"elementor-column elementor-col-100 elementor-top-column elementor-element elementor-element-0e59f0f\" data-id=\"0e59f0f\" data-element_type=\"column\">\n\t\t\t<div class=\"elementor-widget-wrap elementor-element-populated\">\n\t\t\t\t\t\t<div class=\"elementor-element elementor-element-e92b2fe elementor-widget elementor-widget-image\" data-id=\"e92b2fe\" data-element_type=\"widget\" data-widget_type=\"image.default\">\n\t\t\t\t<div class=\"elementor-widget-container\">\n\t\t\t\t\t\t\t\t\t\t\t\t\t\t\t<img fetchpriority=\"high\" decoding=\"async\" width=\"696\" height=\"663\" src=\"https:\/\/pc.sc.gov.br\/\/wp-content\/uploads\/2024\/03\/cb88a5ba-970d-4f31-a110-6635fa39c87c-fotor-20240308185835-1024x976.jpg\" class=\"attachment-large size-large wp-image-18202\" alt=\"\" srcset=\"https:\/\/pc.sc.gov.br\/\/wp-content\/uploads\/2024\/03\/cb88a5ba-970d-4f31-a110-6635fa39c87c-fotor-20240308185835-1024x976.jpg 1024w, https:\/\/pc.sc.gov.br\/\/wp-content\/uploads\/2024\/03\/cb88a5ba-970d-4f31-a110-6635fa39c87c-fotor-20240308185835-300x286.jpg 300w, https:\/\/pc.sc.gov.br\/\/wp-content\/uploads\/2024\/03\/cb88a5ba-970d-4f31-a110-6635fa39c87c-fotor-20240308185835-768x732.jpg 768w, https:\/\/pc.sc.gov.br\/\/wp-content\/uploads\/2024\/03\/cb88a5ba-970d-4f31-a110-6635fa39c87c-fotor-20240308185835.jpg 1140w\" sizes=\"(max-width: 696px) 100vw, 696px\" \/>\t\t\t\t\t\t\t\t\t\t\t\t\t\t\t<\/div>\n\t\t\t\t<\/div>\n\t\t\t\t\t<\/div>\n\t\t<\/div>\n\t\t\t\t\t<\/div>\n\t\t<\/section>\n\t\t\t\t<section class=\"elementor-section elementor-top-section elementor-element elementor-element-3136641 elementor-section-boxed elementor-section-height-default elementor-section-height-default\" data-id=\"3136641\" data-element_type=\"section\">\n\t\t\t\t\t\t<div class=\"elementor-container elementor-column-gap-default\">\n\t\t\t\t\t<div class=\"elementor-column elementor-col-100 elementor-top-column elementor-element elementor-element-2118850\" data-id=\"2118850\" data-element_type=\"column\">\n\t\t\t<div class=\"elementor-widget-wrap elementor-element-populated\">\n\t\t\t\t\t\t<div class=\"elementor-element elementor-element-d802444 elementor-widget elementor-widget-text-editor\" data-id=\"d802444\" data-element_type=\"widget\" data-widget_type=\"text-editor.default\">\n\t\t\t\t<div class=\"elementor-widget-container\">\n\t\t\t\t\t\t\t\t\t<p>A Pol\u00edcia Civil de Santa Catarina, por meio da Divis\u00e3o de Investiga\u00e7\u00e3o Criminal (DIC) de S\u00e3o Joaquim, em a\u00e7\u00e3o conjunta com a DPCo de S\u00e3o Joaquim e dando continuidade a Opera\u00e7\u00e3o \u201cCampo Santo\u201d, que investiga o crime de homic\u00eddio quintuplamente qualificado, ocorrido no in\u00edcio do ano em S\u00e3o Joaquim, deu cumprimento a 6 mandados de busca e apreens\u00e3o e 01 mandado de pris\u00e3o em desfavor do \u00faltimo investigado, que se encontrava foragido.<\/p>\n<p>Na primeira fase da opera\u00e7\u00e3o \u201cCampo Santo\u201d, ocorrida no dia 06\/02\/2024, quando a DIC de S\u00e3o Joaquim deu cumprimento a 08 mandados de busca e apreens\u00e3o e 03 mandados de pris\u00e3o de pessoas relacionadas ao crime de homic\u00eddio ocorrido no inicio desse ano na cidade de S\u00e3o Joaquim.<\/p>\n<p>De acordo com o delegado da DIC de S\u00e3o Joaquim, Wilian Sales, a opera\u00e7\u00e3o foi deflagrada na quarta-feira (06) e quinta-feira (07), na localidade Despraiado, distante 01h40min do centro de S\u00e3o Joaquim, onde foram cumpridos 06 mandados de busca e apreens\u00e3o, procurando localizar e prender o \u00faltimo investigado que se encontrava foragido.<\/p>\n<p>Por ocasi\u00e3o das buscas e pela vasta \u00e1rea de mata no local, o investigado conseguiu fugir, ficando escondido no mato at\u00e9 o in\u00edcio da madrugada de quinta-feira (7), levando os policiais da DIC e da DPCo a continuarem incessantemente na busca pelo foragido.<\/p>\n<p><\/p>\n<p>Diante dos fatos, e, objetivando a pris\u00e3o do foragido, a Pol\u00edcia Civil se utilizou de t\u00e9cnicas de intelig\u00eancia policial e contrainforma\u00e7\u00e3o, levando o foragido a sair do mato e se dirigir \u00e0 \u00e1rea central de S\u00e3o Joaquim, onde foi preso no momento em que adentrava em um pr\u00e9dio. O indiv\u00edduo preso foi conduzido a DIC de S\u00e3o Joaquim, onde foi efetuado seu interrogat\u00f3rio e demais procedimentos legais, sendo encaminhada posteriormente ao Pres\u00eddio de Lages\/SC.<\/p>\n<p>Com a pris\u00e3o deste foragido, agora s\u00e3o quatro indiv\u00edduos presos pelo crime de homic\u00eddio ocorrido no in\u00edcio do ano.<\/p>\n<p>O crime se encontra praticamente elucidado, por\u00e9m, ainda restam algumas dilig\u00eancias a serem realizadas, visando a completa elucida\u00e7\u00e3o do fato. Ao final o Inqu\u00e9rito Policial encerrado e encaminhado ao Poder Judici\u00e1rio.&nbsp;<\/p>\n<p>A Pol\u00edcia Civil de Santa Catarina reitera o seu compromisso com a sociedade Joaquinense de combater o crime em todas as suas formas.<\/p>\n<p><\/p>\n<p><b>Entenda o caso<\/b><\/p>\n<p>No in\u00edcio do ano um jovem desapareceu e familiares registraram o Boletim de Ocorr\u00eancia de desaparecimento. No dia 09\/01, a DIC recebeu uma informa\u00e7\u00e3o de que esse jovem desaparecido teria sido assassinado e seu corpo jogado no cemit\u00e9rio em uma localidade 30 minutos distante do centro de S\u00e3o Joaquim.<\/p>\n<p>Imediatamente os policiais se deslocaram at\u00e9 o referido cemit\u00e9rio e ap\u00f3s realizarem buscas no local, notaram a vegeta\u00e7\u00e3o amassada pr\u00f3ximo a um t\u00famulo, ao ser aberto, se verificou que jovem desaparecido havia sido assassinado e seu corpo escondido dentro de um t\u00famulo no cemit\u00e9rio.<\/p>\n<p>Iniciadas as investiga\u00e7\u00f5es, a autoria restou identificada, sendo representado e deferido pelo ju\u00edzo criminal mandados de busca e apreens\u00e3o e pris\u00e3o, que foram cumpridos. A Opera\u00e7\u00e3o contou com o apoio de aproximadamente 45 Policiais Civis das cidades de Campos Novos, Joa\u00e7aba, Lages, S\u00e3o Joaquim, S\u00e3o Jos\u00e9 e Urubici.<\/p>\n<p>O nome \u201cCampo Santo\u201d se deu pelo fato de que a vitima foi assassinada e teve seu corpo ocultado dentro do cemit\u00e9rio.<span style=\"color: var( --e-global-color-text ); font-family: var( --e-global-typography-primary-font-family ), Sans-serif; font-size: var( --e-global-typography-primary-font-size ); font-weight: var( --e-global-typography-primary-font-weight ); letter-spacing: var( --e-global-typography-primary-letter-spacing );\">&nbsp;<\/span><\/p>\t\t\t\t\t\t\t\t<\/div>\n\t\t\t\t<\/div>\n\t\t\t\t\t<\/div>\n\t\t<\/div>\n\t\t\t\t\t<\/div>\n\t\t<\/section>\n\t\t\t\t<section class=\"elementor-section elementor-top-section elementor-element elementor-element-2b37203 elementor-section-boxed elementor-section-height-default elementor-section-height-default\" data-id=\"2b37203\" data-element_type=\"section\">\n\t\t\t\t\t\t<div class=\"elementor-container elementor-column-gap-default\">\n\t\t\t\t\t<div class=\"elementor-column elementor-col-100 elementor-top-column elementor-element elementor-element-8d277c9\" data-id=\"8d277c9\" data-element_type=\"column\">\n\t\t\t<div class=\"elementor-widget-wrap elementor-element-populated\">\n\t\t\t\t\t\t<div class=\"elementor-element elementor-element-a794823 elementor-widget elementor-widget-image\" data-id=\"a794823\" data-element_type=\"widget\" data-widget_type=\"image.default\">\n\t\t\t\t<div class=\"elementor-widget-container\">\n\t\t\t\t\t\t\t\t\t\t\t\t\t\t\t<img decoding=\"async\" width=\"696\" height=\"392\" src=\"https:\/\/pc.sc.gov.br\/\/wp-content\/uploads\/2024\/03\/71562983-feb2-40d5-b295-09e7a813f54c-fotor-20240308185752-1024x576.jpg\" class=\"attachment-large size-large wp-image-18203\" alt=\"\" srcset=\"https:\/\/pc.sc.gov.br\/\/wp-content\/uploads\/2024\/03\/71562983-feb2-40d5-b295-09e7a813f54c-fotor-20240308185752-1024x576.jpg 1024w, https:\/\/pc.sc.gov.br\/\/wp-content\/uploads\/2024\/03\/71562983-feb2-40d5-b295-09e7a813f54c-fotor-20240308185752-300x169.jpg 300w, https:\/\/pc.sc.gov.br\/\/wp-content\/uploads\/2024\/03\/71562983-feb2-40d5-b295-09e7a813f54c-fotor-20240308185752-768x432.jpg 768w, https:\/\/pc.sc.gov.br\/\/wp-content\/uploads\/2024\/03\/71562983-feb2-40d5-b295-09e7a813f54c-fotor-20240308185752.jpg 1280w\" sizes=\"(max-width: 696px) 100vw, 696px\" \/>\t\t\t\t\t\t\t\t\t\t\t\t\t\t\t<\/div>\n\t\t\t\t<\/div>\n\t\t\t\t\t<\/div>\n\t\t<\/div>\n\t\t\t\t\t<\/div>\n\t\t<\/section>\n\t\t\t\t<\/div>\n\t\t","protected":false},"excerpt":{"rendered":"<p>Em S\u00e3o Joaquim, PCSC deflagra opera\u00e7\u00e3o \u201cCampo Santo 2\u201d e prende homem que matou e escondeu o corpo de v\u00edtima dentro de um t\u00famulo A Pol\u00edcia Civil de Santa Catarina, por meio da Divis\u00e3o de Investiga\u00e7\u00e3o Criminal (DIC) de S\u00e3o Joaquim, em a\u00e7\u00e3o conjunta com a DPCo de S\u00e3o Joaquim e dando continuidade a Opera\u00e7\u00e3o [&hellip;]<\/p>\n","protected":false},"author":5,"featured_media":18202,"comment_status":"closed","ping_status":"open","sticky":false,"template":"","format":"standard","meta":{"_monsterinsights_skip_tracking":false,"_monsterinsights_sitenote_active":false,"_monsterinsights_sitenote_note":"","_monsterinsights_sitenote_category":0,"footnotes":""},"categories":[1],"tags":[],"class_list":["post-18201","post","type-post","status-publish","format-standard","has-post-thumbnail","hentry","category-sem-categoria"],"_links":{"self":[{"href":"https:\/\/pc.sc.gov.br\/index.php?rest_route=\/wp\/v2\/posts\/18201","targetHints":{"allow":["GET"]}}],"collection":[{"href":"https:\/\/pc.sc.gov.br\/index.php?rest_route=\/wp\/v2\/posts"}],"about":[{"href":"https:\/\/pc.sc.gov.br\/index.php?rest_route=\/wp\/v2\/types\/post"}],"author":[{"embeddable":true,"href":"https:\/\/pc.sc.gov.br\/index.php?rest_route=\/wp\/v2\/users\/5"}],"replies":[{"embeddable":true,"href":"https:\/\/pc.sc.gov.br\/index.php?rest_route=%2Fwp%2Fv2%2Fcomments&post=18201"}],"version-history":[{"count":3,"href":"https:\/\/pc.sc.gov.br\/index.php?rest_route=\/wp\/v2\/posts\/18201\/revisions"}],"predecessor-version":[{"id":18206,"href":"https:\/\/pc.sc.gov.br\/index.php?rest_route=\/wp\/v2\/posts\/18201\/revisions\/18206"}],"wp:featuredmedia":[{"embeddable":true,"href":"https:\/\/pc.sc.gov.br\/index.php?rest_route=\/wp\/v2\/media\/18202"}],"wp:attachment":[{"href":"https:\/\/pc.sc.gov.br\/index.php?rest_route=%2Fwp%2Fv2%2Fmedia&parent=18201"}],"wp:term":[{"taxonomy":"category","embeddable":true,"href":"https:\/\/pc.sc.gov.br\/index.php?rest_route=%2Fwp%2Fv2%2Fcategories&post=18201"},{"taxonomy":"post_tag","embeddable":true,"href":"https:\/\/pc.sc.gov.br\/index.php?rest_route=%2Fwp%2Fv2%2Ftags&post=18201"}],"curies":[{"name":"wp","href":"https:\/\/api.w.org\/{rel}","templated":true}]}}