{"id":18207,"date":"2024-03-08T19:08:52","date_gmt":"2024-03-08T22:08:52","guid":{"rendered":"https:\/\/pc.sc.gov.br\/?p=18207"},"modified":"2024-03-08T19:09:41","modified_gmt":"2024-03-08T22:09:41","slug":"policia-civil-prende-mulher-que-roubou-veiculo-no-centro-de-ararangua","status":"publish","type":"post","link":"https:\/\/pc.sc.gov.br\/?p=18207","title":{"rendered":"Pol\u00edcia Civil prende mulher que roubou ve\u00edculo no Centro de Ararangu\u00e1"},"content":{"rendered":"\t\t<div data-elementor-type=\"wp-post\" data-elementor-id=\"18207\" class=\"elementor elementor-18207\" data-elementor-post-type=\"post\">\n\t\t\t\t\t\t<section class=\"elementor-section elementor-top-section elementor-element elementor-element-3e8a0d1 elementor-section-boxed elementor-section-height-default elementor-section-height-default\" data-id=\"3e8a0d1\" data-element_type=\"section\">\n\t\t\t\t\t\t<div class=\"elementor-container elementor-column-gap-default\">\n\t\t\t\t\t<div class=\"elementor-column elementor-col-100 elementor-top-column elementor-element elementor-element-c1a5838\" data-id=\"c1a5838\" data-element_type=\"column\">\n\t\t\t<div class=\"elementor-widget-wrap elementor-element-populated\">\n\t\t\t\t\t\t<div class=\"elementor-element elementor-element-b8ac9b0 elementor-widget elementor-widget-heading\" data-id=\"b8ac9b0\" data-element_type=\"widget\" data-widget_type=\"heading.default\">\n\t\t\t\t<div class=\"elementor-widget-container\">\n\t\t\t\t\t<h2 class=\"elementor-heading-title elementor-size-default\">Pol\u00edcia Civil prende mulher que roubou ve\u00edculo no Centro de Ararangu\u00e1<\/h2>\t\t\t\t<\/div>\n\t\t\t\t<\/div>\n\t\t\t\t\t<\/div>\n\t\t<\/div>\n\t\t\t\t\t<\/div>\n\t\t<\/section>\n\t\t\t\t<section class=\"elementor-section elementor-top-section elementor-element elementor-element-dbd19b2 elementor-section-boxed elementor-section-height-default elementor-section-height-default\" data-id=\"dbd19b2\" data-element_type=\"section\">\n\t\t\t\t\t\t<div class=\"elementor-container elementor-column-gap-default\">\n\t\t\t\t\t<div class=\"elementor-column elementor-col-100 elementor-top-column elementor-element elementor-element-c88d53c\" data-id=\"c88d53c\" data-element_type=\"column\">\n\t\t\t<div class=\"elementor-widget-wrap elementor-element-populated\">\n\t\t\t\t\t\t<div class=\"elementor-element elementor-element-966927e elementor-widget elementor-widget-image\" data-id=\"966927e\" data-element_type=\"widget\" data-widget_type=\"image.default\">\n\t\t\t\t<div class=\"elementor-widget-container\">\n\t\t\t\t\t\t\t\t\t\t\t\t\t\t\t<img fetchpriority=\"high\" decoding=\"async\" width=\"696\" height=\"392\" src=\"https:\/\/pc.sc.gov.br\/\/wp-content\/uploads\/2024\/03\/WhatsApp-Image-2024-03-08-at-18.04.07-1024x576.jpeg\" class=\"attachment-large size-large wp-image-18208\" alt=\"\" srcset=\"https:\/\/pc.sc.gov.br\/\/wp-content\/uploads\/2024\/03\/WhatsApp-Image-2024-03-08-at-18.04.07-1024x576.jpeg 1024w, https:\/\/pc.sc.gov.br\/\/wp-content\/uploads\/2024\/03\/WhatsApp-Image-2024-03-08-at-18.04.07-300x169.jpeg 300w, https:\/\/pc.sc.gov.br\/\/wp-content\/uploads\/2024\/03\/WhatsApp-Image-2024-03-08-at-18.04.07-768x432.jpeg 768w, https:\/\/pc.sc.gov.br\/\/wp-content\/uploads\/2024\/03\/WhatsApp-Image-2024-03-08-at-18.04.07-1536x864.jpeg 1536w, https:\/\/pc.sc.gov.br\/\/wp-content\/uploads\/2024\/03\/WhatsApp-Image-2024-03-08-at-18.04.07.jpeg 1600w\" sizes=\"(max-width: 696px) 100vw, 696px\" \/>\t\t\t\t\t\t\t\t\t\t\t\t\t\t\t<\/div>\n\t\t\t\t<\/div>\n\t\t\t\t\t<\/div>\n\t\t<\/div>\n\t\t\t\t\t<\/div>\n\t\t<\/section>\n\t\t\t\t<section class=\"elementor-section elementor-top-section elementor-element elementor-element-e176c75 elementor-section-boxed elementor-section-height-default elementor-section-height-default\" data-id=\"e176c75\" data-element_type=\"section\">\n\t\t\t\t\t\t<div class=\"elementor-container elementor-column-gap-default\">\n\t\t\t\t\t<div class=\"elementor-column elementor-col-100 elementor-top-column elementor-element elementor-element-bef0ac9\" data-id=\"bef0ac9\" data-element_type=\"column\">\n\t\t\t<div class=\"elementor-widget-wrap elementor-element-populated\">\n\t\t\t\t\t\t<div class=\"elementor-element elementor-element-ad606b2 elementor-widget elementor-widget-text-editor\" data-id=\"ad606b2\" data-element_type=\"widget\" data-widget_type=\"text-editor.default\">\n\t\t\t\t<div class=\"elementor-widget-container\">\n\t\t\t\t\t\t\t\t\t<p>A Pol\u00edcia Civil de Santa Catarina, por meio da 1\u00aa Delegacia de Ararangu\u00e1, prendeu uma mulher por ter roubado nesta sexta-feira (08) um ve\u00edculo da marca Jeep\/Compass na Av. XV de Novembro, no centro da cidade. O incidente ocorreu enquanto a v\u00edtima estava descarregando seu material de trabalho em uma cl\u00ednica.\u00a0<\/p><p>A secret\u00e1ria do estabelecimento alertou a v\u00edtima sobre uma pessoa dentro de seu ve\u00edculo tentando dar partida no caro. Ao tentar impedir, a v\u00edtima caiu ao ch\u00e3o quando o ve\u00edculo saiu em alta velocidade pela avenida. A v\u00edtima relatou o ocorrido \u00e0 1\u00aa Delegacia de Pol\u00edcia.<\/p><p>O delegado Lucas Fernandes da Rosa e o agente Patrick iniciaram uma persegui\u00e7\u00e3o ao ve\u00edculo roubado e o localizaram ap\u00f3s ter colidido com um poste de energia. Populares indicaram o paradeiro da autora que estava fugindo por uma via paralela. Os policiais conseguiram alcan\u00e7\u00e1-la e efetuaram sua pris\u00e3o. A mulher, visivelmente embriagada e possivelmente drogada, admitiu ter roubado o ve\u00edculo apenas para dar uma volta.<\/p><p>Ap\u00f3s ser encaminhada \u00e0 Central de Plant\u00e3o Policial, a mulher foi presa em flagrante e conduzida ao pres\u00eddio local.<\/p><div>\u00a0<\/div>\t\t\t\t\t\t\t\t<\/div>\n\t\t\t\t<\/div>\n\t\t\t\t\t<\/div>\n\t\t<\/div>\n\t\t\t\t\t<\/div>\n\t\t<\/section>\n\t\t\t\t<\/div>\n\t\t","protected":false},"excerpt":{"rendered":"<p>Pol\u00edcia Civil prende mulher que roubou ve\u00edculo no Centro de Ararangu\u00e1 A Pol\u00edcia Civil de Santa Catarina, por meio da 1\u00aa Delegacia de Ararangu\u00e1, prendeu uma mulher por ter roubado nesta sexta-feira (08) um ve\u00edculo da marca Jeep\/Compass na Av. XV de Novembro, no centro da cidade. O incidente ocorreu enquanto a v\u00edtima estava descarregando [&hellip;]<\/p>\n","protected":false},"author":5,"featured_media":18208,"comment_status":"closed","ping_status":"open","sticky":false,"template":"","format":"standard","meta":{"_monsterinsights_skip_tracking":false,"_monsterinsights_sitenote_active":false,"_monsterinsights_sitenote_note":"","_monsterinsights_sitenote_category":0,"footnotes":""},"categories":[1],"tags":[],"class_list":["post-18207","post","type-post","status-publish","format-standard","has-post-thumbnail","hentry","category-sem-categoria"],"_links":{"self":[{"href":"https:\/\/pc.sc.gov.br\/index.php?rest_route=\/wp\/v2\/posts\/18207","targetHints":{"allow":["GET"]}}],"collection":[{"href":"https:\/\/pc.sc.gov.br\/index.php?rest_route=\/wp\/v2\/posts"}],"about":[{"href":"https:\/\/pc.sc.gov.br\/index.php?rest_route=\/wp\/v2\/types\/post"}],"author":[{"embeddable":true,"href":"https:\/\/pc.sc.gov.br\/index.php?rest_route=\/wp\/v2\/users\/5"}],"replies":[{"embeddable":true,"href":"https:\/\/pc.sc.gov.br\/index.php?rest_route=%2Fwp%2Fv2%2Fcomments&post=18207"}],"version-history":[{"count":4,"href":"https:\/\/pc.sc.gov.br\/index.php?rest_route=\/wp\/v2\/posts\/18207\/revisions"}],"predecessor-version":[{"id":18212,"href":"https:\/\/pc.sc.gov.br\/index.php?rest_route=\/wp\/v2\/posts\/18207\/revisions\/18212"}],"wp:featuredmedia":[{"embeddable":true,"href":"https:\/\/pc.sc.gov.br\/index.php?rest_route=\/wp\/v2\/media\/18208"}],"wp:attachment":[{"href":"https:\/\/pc.sc.gov.br\/index.php?rest_route=%2Fwp%2Fv2%2Fmedia&parent=18207"}],"wp:term":[{"taxonomy":"category","embeddable":true,"href":"https:\/\/pc.sc.gov.br\/index.php?rest_route=%2Fwp%2Fv2%2Fcategories&post=18207"},{"taxonomy":"post_tag","embeddable":true,"href":"https:\/\/pc.sc.gov.br\/index.php?rest_route=%2Fwp%2Fv2%2Ftags&post=18207"}],"curies":[{"name":"wp","href":"https:\/\/api.w.org\/{rel}","templated":true}]}}