{"id":18230,"date":"2024-03-11T17:00:11","date_gmt":"2024-03-11T20:00:11","guid":{"rendered":"https:\/\/pc.sc.gov.br\/?p=18230"},"modified":"2024-03-11T17:01:11","modified_gmt":"2024-03-11T20:01:11","slug":"operacao-hidras-policia-civil-desarticula-grupo-criminoso-que-atuava-na-serra-catarinense","status":"publish","type":"post","link":"https:\/\/pc.sc.gov.br\/?p=18230","title":{"rendered":"Opera\u00e7\u00e3o Hidras: Pol\u00edcia Civil desarticula grupo criminoso que atuava na Serra Catarinense"},"content":{"rendered":"\t\t<div data-elementor-type=\"wp-post\" data-elementor-id=\"18230\" class=\"elementor elementor-18230\" data-elementor-post-type=\"post\">\n\t\t\t\t\t\t<section class=\"elementor-section elementor-top-section elementor-element elementor-element-6d30e0c elementor-section-boxed elementor-section-height-default elementor-section-height-default\" data-id=\"6d30e0c\" data-element_type=\"section\">\n\t\t\t\t\t\t<div class=\"elementor-container elementor-column-gap-default\">\n\t\t\t\t\t<div class=\"elementor-column elementor-col-100 elementor-top-column elementor-element elementor-element-b42c62f\" data-id=\"b42c62f\" data-element_type=\"column\">\n\t\t\t<div class=\"elementor-widget-wrap elementor-element-populated\">\n\t\t\t\t\t\t<div class=\"elementor-element elementor-element-60321d0 elementor-widget elementor-widget-heading\" data-id=\"60321d0\" data-element_type=\"widget\" data-widget_type=\"heading.default\">\n\t\t\t\t<div class=\"elementor-widget-container\">\n\t\t\t\t\t<h2 class=\"elementor-heading-title elementor-size-default\">Opera\u00e7\u00e3o Hidras: Pol\u00edcia Civil desarticula grupo criminoso que atuava na Serra Catarinense<\/h2>\t\t\t\t<\/div>\n\t\t\t\t<\/div>\n\t\t\t\t\t<\/div>\n\t\t<\/div>\n\t\t\t\t\t<\/div>\n\t\t<\/section>\n\t\t\t\t<section class=\"elementor-section elementor-top-section elementor-element elementor-element-9fc048d elementor-section-boxed elementor-section-height-default elementor-section-height-default\" data-id=\"9fc048d\" data-element_type=\"section\">\n\t\t\t\t\t\t<div class=\"elementor-container elementor-column-gap-default\">\n\t\t\t\t\t<div class=\"elementor-column elementor-col-100 elementor-top-column elementor-element elementor-element-89ec2f0\" data-id=\"89ec2f0\" data-element_type=\"column\">\n\t\t\t<div class=\"elementor-widget-wrap elementor-element-populated\">\n\t\t\t\t\t\t<div class=\"elementor-element elementor-element-2282bc7 elementor-widget elementor-widget-image\" data-id=\"2282bc7\" data-element_type=\"widget\" data-widget_type=\"image.default\">\n\t\t\t\t<div class=\"elementor-widget-container\">\n\t\t\t\t\t\t\t\t\t\t\t\t\t\t\t<img fetchpriority=\"high\" decoding=\"async\" width=\"696\" height=\"321\" src=\"https:\/\/pc.sc.gov.br\/\/wp-content\/uploads\/2024\/03\/WhatsApp-Image-2024-03-08-at-19.30.32-1024x472.jpeg\" class=\"attachment-large size-large wp-image-18214\" alt=\"\" srcset=\"https:\/\/pc.sc.gov.br\/\/wp-content\/uploads\/2024\/03\/WhatsApp-Image-2024-03-08-at-19.30.32-1024x472.jpeg 1024w, https:\/\/pc.sc.gov.br\/\/wp-content\/uploads\/2024\/03\/WhatsApp-Image-2024-03-08-at-19.30.32-300x138.jpeg 300w, https:\/\/pc.sc.gov.br\/\/wp-content\/uploads\/2024\/03\/WhatsApp-Image-2024-03-08-at-19.30.32-768x354.jpeg 768w, https:\/\/pc.sc.gov.br\/\/wp-content\/uploads\/2024\/03\/WhatsApp-Image-2024-03-08-at-19.30.32-1536x708.jpeg 1536w, https:\/\/pc.sc.gov.br\/\/wp-content\/uploads\/2024\/03\/WhatsApp-Image-2024-03-08-at-19.30.32.jpeg 1600w\" sizes=\"(max-width: 696px) 100vw, 696px\" \/>\t\t\t\t\t\t\t\t\t\t\t\t\t\t\t<\/div>\n\t\t\t\t<\/div>\n\t\t\t\t\t<\/div>\n\t\t<\/div>\n\t\t\t\t\t<\/div>\n\t\t<\/section>\n\t\t\t\t<section class=\"elementor-section elementor-top-section elementor-element elementor-element-f909e8d elementor-section-boxed elementor-section-height-default elementor-section-height-default\" data-id=\"f909e8d\" data-element_type=\"section\">\n\t\t\t\t\t\t<div class=\"elementor-container elementor-column-gap-default\">\n\t\t\t\t\t<div class=\"elementor-column elementor-col-100 elementor-top-column elementor-element elementor-element-cfcc4db\" data-id=\"cfcc4db\" data-element_type=\"column\">\n\t\t\t<div class=\"elementor-widget-wrap elementor-element-populated\">\n\t\t\t\t\t\t<div class=\"elementor-element elementor-element-d6fe060 elementor-widget elementor-widget-text-editor\" data-id=\"d6fe060\" data-element_type=\"widget\" data-widget_type=\"text-editor.default\">\n\t\t\t\t<div class=\"elementor-widget-container\">\n\t\t\t\t\t\t\t\t\t<p>A Pol\u00edcia Civil, por meio da Divis\u00e3o de Investiga\u00e7\u00e3o Criminal (DIC) de Lages, desencadeou, na tarde desta sexta-feira (08), a segunda fase da Opera\u00e7\u00e3o Hidras da Serra para o cumprimento de 11 mandados de busca e apreens\u00e3o e nove mandados de pris\u00e3o. Desse total, seis foram presos sendo dois deles tamb\u00e9m foram autuados em flagrante delito por tr\u00e1fico de drogas. Tamb\u00e9m foram apreendidas drogas, material para acondicionamento de droga, m\u00e1quinas de cobran\u00e7a, dinheiro, celulares e diversos documentos com cartas que fazem refer\u00eancia \u00e0s atividades de fac\u00e7\u00e3o e sua contabilidade.<\/p><p>A Opera\u00e7\u00e3o Hidras da Serra trata-se de uma grande investiga\u00e7\u00e3o conduzida pela DIC Lages que identificou as lideran\u00e7as de uma fac\u00e7\u00e3o criminosa que atuavam na Serra Catarinense. Alguns dos alvos presos na opera\u00e7\u00e3o coordenavam as atividades do grupo criminoso em diversos munic\u00edpios abrangendo Lages, S\u00e3o Joaquim, Correia Pinto, Bom Retiro, Otac\u00edlio Costa e Urubici.<\/p><p>As investiga\u00e7\u00f5es identificaram integrantes que ocupam os cargos de c\u00fapula em toda a regi\u00e3o serrana respons\u00e1veis por autorizar a pr\u00e1tica de crimes, como assassinatos, tr\u00e1fico de drogas, administravam a contabilidade da organiza\u00e7\u00e3o criminosa e a divis\u00e3o territorial entre seis membros. Tamb\u00e9m foram identificados integrantes que atuavam no munic\u00edpio de Lages e em alguns dos Bairros como Universit\u00e1rio, Carav\u00e1gio, Morro Grande, Popular, Ferrovia, Santa Catarina dentre outros.<\/p><p>A opera\u00e7\u00e3o contou com o apoio do N\u00facleo de Opera\u00e7\u00f5es com C\u00e3es (NOC), 1\u00ba, 2\u00ba e 3\u00ba Delegacias de Pol\u00edcia, Delegacias de Pol\u00edcia das Comarcas de Correia Pinto, Anita Garibaldi, Campo Belo do Sul, Bom Retiro e Otac\u00edlio Costa, somando mais de 40 policiais.<\/p><p>Todos os presos foram conduzidos para a DIC Lages onde foram interrogados e, formalizados os procedimentos legais, encaminhados ao sistema penitenci\u00e1rio. As investiga\u00e7\u00f5es prosseguem para produzir mais provas e identificar outros integrantes da organiza\u00e7\u00e3o criminosa nas pr\u00f3ximas fases dos trabalhos<\/p><div>\u00a0<\/div>\t\t\t\t\t\t\t\t<\/div>\n\t\t\t\t<\/div>\n\t\t\t\t\t<\/div>\n\t\t<\/div>\n\t\t\t\t\t<\/div>\n\t\t<\/section>\n\t\t\t\t<\/div>\n\t\t","protected":false},"excerpt":{"rendered":"<p>Opera\u00e7\u00e3o Hidras: Pol\u00edcia Civil desarticula grupo criminoso que atuava na Serra Catarinense A Pol\u00edcia Civil, por meio da Divis\u00e3o de Investiga\u00e7\u00e3o Criminal (DIC) de Lages, desencadeou, na tarde desta sexta-feira (08), a segunda fase da Opera\u00e7\u00e3o Hidras da Serra para o cumprimento de 11 mandados de busca e apreens\u00e3o e nove mandados de pris\u00e3o. Desse [&hellip;]<\/p>\n","protected":false},"author":5,"featured_media":18214,"comment_status":"closed","ping_status":"open","sticky":false,"template":"","format":"standard","meta":{"_monsterinsights_skip_tracking":false,"_monsterinsights_sitenote_active":false,"_monsterinsights_sitenote_note":"","_monsterinsights_sitenote_category":0,"footnotes":""},"categories":[1],"tags":[],"class_list":["post-18230","post","type-post","status-publish","format-standard","has-post-thumbnail","hentry","category-sem-categoria"],"_links":{"self":[{"href":"https:\/\/pc.sc.gov.br\/index.php?rest_route=\/wp\/v2\/posts\/18230","targetHints":{"allow":["GET"]}}],"collection":[{"href":"https:\/\/pc.sc.gov.br\/index.php?rest_route=\/wp\/v2\/posts"}],"about":[{"href":"https:\/\/pc.sc.gov.br\/index.php?rest_route=\/wp\/v2\/types\/post"}],"author":[{"embeddable":true,"href":"https:\/\/pc.sc.gov.br\/index.php?rest_route=\/wp\/v2\/users\/5"}],"replies":[{"embeddable":true,"href":"https:\/\/pc.sc.gov.br\/index.php?rest_route=%2Fwp%2Fv2%2Fcomments&post=18230"}],"version-history":[{"count":4,"href":"https:\/\/pc.sc.gov.br\/index.php?rest_route=\/wp\/v2\/posts\/18230\/revisions"}],"predecessor-version":[{"id":18234,"href":"https:\/\/pc.sc.gov.br\/index.php?rest_route=\/wp\/v2\/posts\/18230\/revisions\/18234"}],"wp:featuredmedia":[{"embeddable":true,"href":"https:\/\/pc.sc.gov.br\/index.php?rest_route=\/wp\/v2\/media\/18214"}],"wp:attachment":[{"href":"https:\/\/pc.sc.gov.br\/index.php?rest_route=%2Fwp%2Fv2%2Fmedia&parent=18230"}],"wp:term":[{"taxonomy":"category","embeddable":true,"href":"https:\/\/pc.sc.gov.br\/index.php?rest_route=%2Fwp%2Fv2%2Fcategories&post=18230"},{"taxonomy":"post_tag","embeddable":true,"href":"https:\/\/pc.sc.gov.br\/index.php?rest_route=%2Fwp%2Fv2%2Ftags&post=18230"}],"curies":[{"name":"wp","href":"https:\/\/api.w.org\/{rel}","templated":true}]}}