{"id":18236,"date":"2024-03-11T18:19:35","date_gmt":"2024-03-11T21:19:35","guid":{"rendered":"https:\/\/pc.sc.gov.br\/?p=18236"},"modified":"2024-03-11T18:22:36","modified_gmt":"2024-03-11T21:22:36","slug":"dpcami-de-jaragua-do-sul-realiza-1o-seminario-de-defesa-pessoal-para-mulheres","status":"publish","type":"post","link":"https:\/\/pc.sc.gov.br\/?p=18236","title":{"rendered":"DPCAMI de Jaragu\u00e1 do Sul realiza 1\u00ba Semin\u00e1rio de Defesa Pessoal para Mulheres"},"content":{"rendered":"\t\t<div data-elementor-type=\"wp-post\" data-elementor-id=\"18236\" class=\"elementor elementor-18236\" data-elementor-post-type=\"post\">\n\t\t\t\t\t\t<section class=\"elementor-section elementor-top-section elementor-element elementor-element-5f0d0da elementor-section-boxed elementor-section-height-default elementor-section-height-default\" data-id=\"5f0d0da\" data-element_type=\"section\">\n\t\t\t\t\t\t<div class=\"elementor-container elementor-column-gap-default\">\n\t\t\t\t\t<div class=\"elementor-column elementor-col-100 elementor-top-column elementor-element elementor-element-95baa7c\" data-id=\"95baa7c\" data-element_type=\"column\">\n\t\t\t<div class=\"elementor-widget-wrap elementor-element-populated\">\n\t\t\t\t\t\t<div class=\"elementor-element elementor-element-711d25a elementor-widget elementor-widget-heading\" data-id=\"711d25a\" data-element_type=\"widget\" data-widget_type=\"heading.default\">\n\t\t\t\t<div class=\"elementor-widget-container\">\n\t\t\t\t\t<h2 class=\"elementor-heading-title elementor-size-default\">DPCAMI de Jaragu\u00e1 do Sul realiza 1\u00ba Semin\u00e1rio de Defesa Pessoal para Mulheres<\/h2>\t\t\t\t<\/div>\n\t\t\t\t<\/div>\n\t\t\t\t\t<\/div>\n\t\t<\/div>\n\t\t\t\t\t<\/div>\n\t\t<\/section>\n\t\t\t\t<section class=\"elementor-section elementor-top-section elementor-element elementor-element-ecc589e elementor-section-boxed elementor-section-height-default elementor-section-height-default\" data-id=\"ecc589e\" data-element_type=\"section\">\n\t\t\t\t\t\t<div class=\"elementor-container elementor-column-gap-default\">\n\t\t\t\t\t<div class=\"elementor-column elementor-col-100 elementor-top-column elementor-element elementor-element-e2b1e6c\" data-id=\"e2b1e6c\" data-element_type=\"column\">\n\t\t\t<div class=\"elementor-widget-wrap elementor-element-populated\">\n\t\t\t\t\t\t<div class=\"elementor-element elementor-element-21ec9bb elementor-widget elementor-widget-image\" data-id=\"21ec9bb\" data-element_type=\"widget\" data-widget_type=\"image.default\">\n\t\t\t\t<div class=\"elementor-widget-container\">\n\t\t\t\t\t\t\t\t\t\t\t\t\t\t\t<img fetchpriority=\"high\" decoding=\"async\" width=\"696\" height=\"361\" src=\"https:\/\/pc.sc.gov.br\/\/wp-content\/uploads\/2024\/03\/cb00e6a8-da2f-460e-bd1f-5dca722cdacd-fotor-20240311181331-1024x531.jpg\" class=\"attachment-large size-large wp-image-18237\" alt=\"\" srcset=\"https:\/\/pc.sc.gov.br\/\/wp-content\/uploads\/2024\/03\/cb00e6a8-da2f-460e-bd1f-5dca722cdacd-fotor-20240311181331-1024x531.jpg 1024w, https:\/\/pc.sc.gov.br\/\/wp-content\/uploads\/2024\/03\/cb00e6a8-da2f-460e-bd1f-5dca722cdacd-fotor-20240311181331-300x156.jpg 300w, https:\/\/pc.sc.gov.br\/\/wp-content\/uploads\/2024\/03\/cb00e6a8-da2f-460e-bd1f-5dca722cdacd-fotor-20240311181331-768x398.jpg 768w, https:\/\/pc.sc.gov.br\/\/wp-content\/uploads\/2024\/03\/cb00e6a8-da2f-460e-bd1f-5dca722cdacd-fotor-20240311181331.jpg 1436w\" sizes=\"(max-width: 696px) 100vw, 696px\" \/>\t\t\t\t\t\t\t\t\t\t\t\t\t\t\t<\/div>\n\t\t\t\t<\/div>\n\t\t\t\t\t<\/div>\n\t\t<\/div>\n\t\t\t\t\t<\/div>\n\t\t<\/section>\n\t\t\t\t<section class=\"elementor-section elementor-top-section elementor-element elementor-element-1fbd48e elementor-section-boxed elementor-section-height-default elementor-section-height-default\" data-id=\"1fbd48e\" data-element_type=\"section\">\n\t\t\t\t\t\t<div class=\"elementor-container elementor-column-gap-default\">\n\t\t\t\t\t<div class=\"elementor-column elementor-col-100 elementor-top-column elementor-element elementor-element-fb7c4f1\" data-id=\"fb7c4f1\" data-element_type=\"column\">\n\t\t\t<div class=\"elementor-widget-wrap elementor-element-populated\">\n\t\t\t\t\t\t<div class=\"elementor-element elementor-element-304d68f elementor-widget elementor-widget-text-editor\" data-id=\"304d68f\" data-element_type=\"widget\" data-widget_type=\"text-editor.default\">\n\t\t\t\t<div class=\"elementor-widget-container\">\n\t\t\t\t\t\t\t\t\t<p>Em comemora\u00e7\u00e3o ao Dia Internacional Mulher &#8211; 8 de mar\u00e7o &#8211; a DPCAMI de Jaragu\u00e1 do Sul realizou no s\u00e1bado (09) um semin\u00e1rio de defesa pessoal para mulheres, coordenado pelo delegado Leandro Mioto Ramos.\u00a0<\/p><p>O objetivo do evento foi proporcionar \u00e0s mulheres a pr\u00e1tica do esporte, como meio de defesa pessoal, frente poss\u00edveis situa\u00e7\u00f5es de vulnerabilidade. A atividade contou com a participa\u00e7\u00e3o de professores de Jiu-Jitsu, dentre eles, dois policiais civis e um policial penal, al\u00e9m de outros mestres na arte.\u00a0<\/p><p>As mulheres puderam conhecer t\u00e9cnicas de como se defender de poss\u00edveis agressores, enfatizando que devem sempre buscar se aperfei\u00e7oar na pr\u00e1tica de defesa pessoal.<\/p>\t\t\t\t\t\t\t\t<\/div>\n\t\t\t\t<\/div>\n\t\t\t\t\t<\/div>\n\t\t<\/div>\n\t\t\t\t\t<\/div>\n\t\t<\/section>\n\t\t\t\t<section class=\"elementor-section elementor-top-section elementor-element elementor-element-6f4685a elementor-section-boxed elementor-section-height-default elementor-section-height-default\" data-id=\"6f4685a\" data-element_type=\"section\">\n\t\t\t\t\t\t<div class=\"elementor-container elementor-column-gap-default\">\n\t\t\t\t\t<div class=\"elementor-column elementor-col-100 elementor-top-column elementor-element elementor-element-ac937d5\" data-id=\"ac937d5\" data-element_type=\"column\">\n\t\t\t<div class=\"elementor-widget-wrap elementor-element-populated\">\n\t\t\t\t\t\t<div class=\"elementor-element elementor-element-cfe1215 elementor-widget__width-initial elementor-widget elementor-widget-video\" data-id=\"cfe1215\" data-element_type=\"widget\" data-settings=\"{&quot;video_type&quot;:&quot;hosted&quot;,&quot;controls&quot;:&quot;yes&quot;}\" data-widget_type=\"video.default\">\n\t\t\t\t<div class=\"elementor-widget-container\">\n\t\t\t\t\t\t\t<div class=\"e-hosted-video elementor-wrapper elementor-open-inline\">\n\t\t\t\t\t<video class=\"elementor-video\" src=\"https:\/\/pc.sc.gov.br\/wp-content\/uploads\/2024\/03\/WhatsApp-Video-2024-03-11-at-16.57.37-1.mp4\" controls=\"\" preload=\"metadata\" controlsList=\"nodownload\"><\/video>\n\t\t\t\t<\/div>\n\t\t\t\t\t\t<\/div>\n\t\t\t\t<\/div>\n\t\t\t\t\t<\/div>\n\t\t<\/div>\n\t\t\t\t\t<\/div>\n\t\t<\/section>\n\t\t\t\t<\/div>\n\t\t","protected":false},"excerpt":{"rendered":"<p>DPCAMI de Jaragu\u00e1 do Sul realiza 1\u00ba Semin\u00e1rio de Defesa Pessoal para Mulheres Em comemora\u00e7\u00e3o ao Dia Internacional Mulher &#8211; 8 de mar\u00e7o &#8211; a DPCAMI de Jaragu\u00e1 do Sul realizou no s\u00e1bado (09) um semin\u00e1rio de defesa pessoal para mulheres, coordenado pelo delegado Leandro Mioto Ramos.\u00a0 O objetivo do evento foi proporcionar \u00e0s mulheres [&hellip;]<\/p>\n","protected":false},"author":5,"featured_media":18237,"comment_status":"closed","ping_status":"open","sticky":false,"template":"","format":"standard","meta":{"_monsterinsights_skip_tracking":false,"_monsterinsights_sitenote_active":false,"_monsterinsights_sitenote_note":"","_monsterinsights_sitenote_category":0,"footnotes":""},"categories":[1],"tags":[],"class_list":["post-18236","post","type-post","status-publish","format-standard","has-post-thumbnail","hentry","category-sem-categoria"],"_links":{"self":[{"href":"https:\/\/pc.sc.gov.br\/index.php?rest_route=\/wp\/v2\/posts\/18236","targetHints":{"allow":["GET"]}}],"collection":[{"href":"https:\/\/pc.sc.gov.br\/index.php?rest_route=\/wp\/v2\/posts"}],"about":[{"href":"https:\/\/pc.sc.gov.br\/index.php?rest_route=\/wp\/v2\/types\/post"}],"author":[{"embeddable":true,"href":"https:\/\/pc.sc.gov.br\/index.php?rest_route=\/wp\/v2\/users\/5"}],"replies":[{"embeddable":true,"href":"https:\/\/pc.sc.gov.br\/index.php?rest_route=%2Fwp%2Fv2%2Fcomments&post=18236"}],"version-history":[{"count":4,"href":"https:\/\/pc.sc.gov.br\/index.php?rest_route=\/wp\/v2\/posts\/18236\/revisions"}],"predecessor-version":[{"id":18243,"href":"https:\/\/pc.sc.gov.br\/index.php?rest_route=\/wp\/v2\/posts\/18236\/revisions\/18243"}],"wp:featuredmedia":[{"embeddable":true,"href":"https:\/\/pc.sc.gov.br\/index.php?rest_route=\/wp\/v2\/media\/18237"}],"wp:attachment":[{"href":"https:\/\/pc.sc.gov.br\/index.php?rest_route=%2Fwp%2Fv2%2Fmedia&parent=18236"}],"wp:term":[{"taxonomy":"category","embeddable":true,"href":"https:\/\/pc.sc.gov.br\/index.php?rest_route=%2Fwp%2Fv2%2Fcategories&post=18236"},{"taxonomy":"post_tag","embeddable":true,"href":"https:\/\/pc.sc.gov.br\/index.php?rest_route=%2Fwp%2Fv2%2Ftags&post=18236"}],"curies":[{"name":"wp","href":"https:\/\/api.w.org\/{rel}","templated":true}]}}