{"id":18244,"date":"2024-03-11T18:52:47","date_gmt":"2024-03-11T21:52:47","guid":{"rendered":"https:\/\/pc.sc.gov.br\/?p=18244"},"modified":"2024-03-11T18:58:14","modified_gmt":"2024-03-11T21:58:14","slug":"pcsc-apresenta-planejamento-estrategico-para-empresarios-e-liderancas-na-plenaria-da-facisc-que-debateu-seguranca-publica-em-santa-catarina","status":"publish","type":"post","link":"https:\/\/pc.sc.gov.br\/?p=18244","title":{"rendered":"PCSC apresenta planejamento estrat\u00e9gico para empres\u00e1rios e lideran\u00e7as na Plen\u00e1ria da FACISC que debateu seguran\u00e7a p\u00fablica em Santa Catarina"},"content":{"rendered":"\t\t<div data-elementor-type=\"wp-post\" data-elementor-id=\"18244\" class=\"elementor elementor-18244\" data-elementor-post-type=\"post\">\n\t\t\t\t\t\t<section class=\"elementor-section elementor-top-section elementor-element elementor-element-901e5ab elementor-section-boxed elementor-section-height-default elementor-section-height-default\" data-id=\"901e5ab\" data-element_type=\"section\">\n\t\t\t\t\t\t<div class=\"elementor-container elementor-column-gap-default\">\n\t\t\t\t\t<div class=\"elementor-column elementor-col-100 elementor-top-column elementor-element elementor-element-6579c6e\" data-id=\"6579c6e\" data-element_type=\"column\">\n\t\t\t<div class=\"elementor-widget-wrap elementor-element-populated\">\n\t\t\t\t\t\t<div class=\"elementor-element elementor-element-ddbb618 elementor-widget elementor-widget-heading\" data-id=\"ddbb618\" data-element_type=\"widget\" data-widget_type=\"heading.default\">\n\t\t\t\t<div class=\"elementor-widget-container\">\n\t\t\t\t\t<h2 class=\"elementor-heading-title elementor-size-default\">PCSC apresenta planejamento estrat\u00e9gico a empres\u00e1rios e lideran\u00e7as na Plen\u00e1ria da FACISC sobre seguran\u00e7a p\u00fablica em Santa Catarina<\/h2>\t\t\t\t<\/div>\n\t\t\t\t<\/div>\n\t\t\t\t\t<\/div>\n\t\t<\/div>\n\t\t\t\t\t<\/div>\n\t\t<\/section>\n\t\t\t\t<section class=\"elementor-section elementor-top-section elementor-element elementor-element-76737eb elementor-section-boxed elementor-section-height-default elementor-section-height-default\" data-id=\"76737eb\" data-element_type=\"section\">\n\t\t\t\t\t\t<div class=\"elementor-container elementor-column-gap-default\">\n\t\t\t\t\t<div class=\"elementor-column elementor-col-100 elementor-top-column elementor-element elementor-element-e0f0aec\" data-id=\"e0f0aec\" data-element_type=\"column\">\n\t\t\t<div class=\"elementor-widget-wrap elementor-element-populated\">\n\t\t\t\t\t\t<div class=\"elementor-element elementor-element-1ee7f45 elementor-widget elementor-widget-image\" data-id=\"1ee7f45\" data-element_type=\"widget\" data-widget_type=\"image.default\">\n\t\t\t\t<div class=\"elementor-widget-container\">\n\t\t\t\t\t\t\t\t\t\t\t\t\t\t\t<img fetchpriority=\"high\" decoding=\"async\" width=\"696\" height=\"522\" src=\"https:\/\/pc.sc.gov.br\/\/wp-content\/uploads\/2024\/03\/WhatsApp-Image-2024-03-08-at-19.58.41-1024x768.jpeg\" class=\"attachment-large size-large wp-image-18247\" alt=\"\" srcset=\"https:\/\/pc.sc.gov.br\/\/wp-content\/uploads\/2024\/03\/WhatsApp-Image-2024-03-08-at-19.58.41-1024x768.jpeg 1024w, https:\/\/pc.sc.gov.br\/\/wp-content\/uploads\/2024\/03\/WhatsApp-Image-2024-03-08-at-19.58.41-300x225.jpeg 300w, https:\/\/pc.sc.gov.br\/\/wp-content\/uploads\/2024\/03\/WhatsApp-Image-2024-03-08-at-19.58.41-768x576.jpeg 768w, https:\/\/pc.sc.gov.br\/\/wp-content\/uploads\/2024\/03\/WhatsApp-Image-2024-03-08-at-19.58.41-1536x1152.jpeg 1536w, https:\/\/pc.sc.gov.br\/\/wp-content\/uploads\/2024\/03\/WhatsApp-Image-2024-03-08-at-19.58.41.jpeg 1600w\" sizes=\"(max-width: 696px) 100vw, 696px\" \/>\t\t\t\t\t\t\t\t\t\t\t\t\t\t\t<\/div>\n\t\t\t\t<\/div>\n\t\t\t\t\t<\/div>\n\t\t<\/div>\n\t\t\t\t\t<\/div>\n\t\t<\/section>\n\t\t\t\t<section class=\"elementor-section elementor-top-section elementor-element elementor-element-9ef9d20 elementor-section-boxed elementor-section-height-default elementor-section-height-default\" data-id=\"9ef9d20\" data-element_type=\"section\">\n\t\t\t\t\t\t<div class=\"elementor-container elementor-column-gap-default\">\n\t\t\t\t\t<div class=\"elementor-column elementor-col-100 elementor-top-column elementor-element elementor-element-967b3c5\" data-id=\"967b3c5\" data-element_type=\"column\">\n\t\t\t<div class=\"elementor-widget-wrap elementor-element-populated\">\n\t\t\t\t\t\t<div class=\"elementor-element elementor-element-da09031 elementor-widget elementor-widget-text-editor\" data-id=\"da09031\" data-element_type=\"widget\" data-widget_type=\"text-editor.default\">\n\t\t\t\t<div class=\"elementor-widget-container\">\n\t\t\t\t\t\t\t\t\t<p>O delegado-geral da Pol\u00edcia Civil de Santa Catarina (PCSC), Ulisses Gabriel apresentou o planejamento estrat\u00e9gico da PCSC, na \u00faltima quinta-feira (7), para Empres\u00e1rios e representantes do Poder P\u00fablico na Plen\u00e1ria Regional Extremo Sul, da Federa\u00e7\u00e3o das Associa\u00e7\u00f5es Empresariais de Santa Catarina (FACISC). O evento foi para debater demandas envolvendo seguran\u00e7a p\u00fablica e refor\u00e7ar a import\u00e2ncia da coopera\u00e7\u00e3o entre os setores p\u00fablico e privado para enfrentar os desafios e promover o desenvolvimento econ\u00f4mico e social de Santa Catarina. A plen\u00e1ria realizada em Crici\u00fama tamb\u00e9m cointou coma presen\u00e7a do chefe de Gabinete da Delegacia Geral, delegado Marcelo Nogueira.<\/p>\n<p><span style=\"font-family: var( --e-global-typography-text-font-family ), Sans-serif; font-size: var( --e-global-typography-text-font-size );\">Em sua manifesta\u00e7\u00e3o, o delegado Ulisses Gabriel destacou os avan\u00e7os alcan\u00e7ados pelo estado com os investimentos em tecnologia. \u201cHoje Santa Catarina \u00e9 o estado mais seguro do Brasil\u201d, afirmou. Ulisses Gabriel destacou que a PCSC vem apromirando os programas voltados para a valoriza\u00e7\u00e3o profissional dos policias civis como as forma\u00e7\u00f5es ofertadas pela Acadepol, a an\u00e1lise do perfil epidemiol\u00f3gico, melhorias ergon\u00f4micas nos locais de trabalho, fortalecimento da CSO (Central de Servi\u00e7os de \u00d3rg\u00e3os P\u00fablicos), programas de mestrado profissional em Direito, pesquisas de clima organizacional, entre outras a\u00e7\u00f5es. &#8220;Temos que cuidar bem dos nossos profissionais para que possam oferecer um atendimento de excel\u00eancia em nossas delegacias&#8221;, destacou o delegado.<\/span><\/p>\n<p>Al\u00e9m disso, o delegado-geral da PCSC tamb\u00e9m citou os pilares de atua\u00e7\u00e3o da pol\u00edcia civil ressaltando suas fun\u00e7\u00f5es em investiga\u00e7\u00e3o, intelig\u00eancia e fiscaliza\u00e7\u00e3o.&nbsp;<span style=\"font-family: var( --e-global-typography-primary-font-family ), Sans-serif; font-size: var( --e-global-typography-primary-font-size ); font-weight: var( --e-global-typography-primary-font-weight ); letter-spacing: var( --e-global-typography-primary-letter-spacing );\">Ulisses Gabriel enfatizou que a inova\u00e7\u00e3o tamb\u00e9m faz parte do dia a dia da institui\u00e7\u00e3o lembrando projetos importantes como, por exemplo, a emiss\u00e3o de antecedentes criminais por meio virtual; o projeto alerta de carga roubada, o sistema \u00fanico de den\u00fancia, o programa K9 nas escolas, o SOS Pet, a delegacia virtual da mulher, a sala Lil\u00e1s para atendimento de mulheres v\u00edtimas de viol\u00eancia dom\u00e9stica, e a cria\u00e7\u00e3o de brinquedotecas para crian\u00e7as durante os momentos de den\u00fancia, visando evitar sua exposi\u00e7\u00e3o a situa\u00e7\u00f5es traum\u00e1ticas.<\/span><\/p>\n<p>Durante a reuni\u00e3o, o presidente da FACISC, Elson Otto, apresentou seu plano de gest\u00e3o para o pr\u00f3ximo tri\u00eanio, com \u00eanfase em a\u00e7\u00f5es e projetos para fortalecer as empresas associadas e expandir o alcance da federa\u00e7\u00e3o por todo o estado.&nbsp;<span style=\"font-family: var( --e-global-typography-primary-font-family ), Sans-serif; font-size: var( --e-global-typography-primary-font-size ); font-weight: var( --e-global-typography-primary-font-weight ); letter-spacing: var( --e-global-typography-primary-letter-spacing );\">Dois projetos foram lan\u00e7ados durante o evento: o &#8220;Voz \u00danica Municipal&#8221;, apresentado pela Consultora de Atua\u00e7\u00e3o Regional, Paolla Vieira, que busca padronizar e organizar o di\u00e1logo entre as associa\u00e7\u00f5es empresariais e o poder p\u00fablico. Tamb\u00e9m foi detalhado o projeto &#8220;Vista a Camisa&#8221;, apresentado pelo Consultor de Solu\u00e7\u00f5es, Lucas Silveira, que visa promover a competi\u00e7\u00e3o saud\u00e1vel entre as associa\u00e7\u00f5es, estimulando o crescimento e reconhecendo os profissionais do setor comercial.<\/span><\/p>\n<p>A Vice-Presidente Regional do Extremo Sul da FACISC, Thayni Librelato, ressaltou a import\u00e2ncia da colabora\u00e7\u00e3o entre empres\u00e1rios e o Poder P\u00fablico para promover uma regi\u00e3o mais inovadora e competitiva.<span style=\"color: var( --e-global-color-text ); font-family: var( --e-global-typography-primary-font-family ), Sans-serif; font-size: var( --e-global-typography-primary-font-size ); font-weight: var( --e-global-typography-primary-font-weight ); letter-spacing: var( --e-global-typography-primary-letter-spacing );\">&nbsp;<\/span><\/p>\t\t\t\t\t\t\t\t<\/div>\n\t\t\t\t<\/div>\n\t\t\t\t\t<\/div>\n\t\t<\/div>\n\t\t\t\t\t<\/div>\n\t\t<\/section>\n\t\t\t\t<\/div>\n\t\t","protected":false},"excerpt":{"rendered":"<p>PCSC apresenta planejamento estrat\u00e9gico a empres\u00e1rios e lideran\u00e7as na Plen\u00e1ria da FACISC sobre seguran\u00e7a p\u00fablica em Santa Catarina O delegado-geral da Pol\u00edcia Civil de Santa Catarina (PCSC), Ulisses Gabriel apresentou o planejamento estrat\u00e9gico da PCSC, na \u00faltima quinta-feira (7), para Empres\u00e1rios e representantes do Poder P\u00fablico na Plen\u00e1ria Regional Extremo Sul, da Federa\u00e7\u00e3o das Associa\u00e7\u00f5es [&hellip;]<\/p>\n","protected":false},"author":5,"featured_media":18245,"comment_status":"closed","ping_status":"open","sticky":false,"template":"","format":"standard","meta":{"_monsterinsights_skip_tracking":false,"_monsterinsights_sitenote_active":false,"_monsterinsights_sitenote_note":"","_monsterinsights_sitenote_category":0,"footnotes":""},"categories":[1],"tags":[],"class_list":["post-18244","post","type-post","status-publish","format-standard","has-post-thumbnail","hentry","category-sem-categoria"],"_links":{"self":[{"href":"https:\/\/pc.sc.gov.br\/index.php?rest_route=\/wp\/v2\/posts\/18244","targetHints":{"allow":["GET"]}}],"collection":[{"href":"https:\/\/pc.sc.gov.br\/index.php?rest_route=\/wp\/v2\/posts"}],"about":[{"href":"https:\/\/pc.sc.gov.br\/index.php?rest_route=\/wp\/v2\/types\/post"}],"author":[{"embeddable":true,"href":"https:\/\/pc.sc.gov.br\/index.php?rest_route=\/wp\/v2\/users\/5"}],"replies":[{"embeddable":true,"href":"https:\/\/pc.sc.gov.br\/index.php?rest_route=%2Fwp%2Fv2%2Fcomments&post=18244"}],"version-history":[{"count":4,"href":"https:\/\/pc.sc.gov.br\/index.php?rest_route=\/wp\/v2\/posts\/18244\/revisions"}],"predecessor-version":[{"id":18251,"href":"https:\/\/pc.sc.gov.br\/index.php?rest_route=\/wp\/v2\/posts\/18244\/revisions\/18251"}],"wp:featuredmedia":[{"embeddable":true,"href":"https:\/\/pc.sc.gov.br\/index.php?rest_route=\/wp\/v2\/media\/18245"}],"wp:attachment":[{"href":"https:\/\/pc.sc.gov.br\/index.php?rest_route=%2Fwp%2Fv2%2Fmedia&parent=18244"}],"wp:term":[{"taxonomy":"category","embeddable":true,"href":"https:\/\/pc.sc.gov.br\/index.php?rest_route=%2Fwp%2Fv2%2Fcategories&post=18244"},{"taxonomy":"post_tag","embeddable":true,"href":"https:\/\/pc.sc.gov.br\/index.php?rest_route=%2Fwp%2Fv2%2Ftags&post=18244"}],"curies":[{"name":"wp","href":"https:\/\/api.w.org\/{rel}","templated":true}]}}