{"id":1825,"date":"2022-12-07T11:30:00","date_gmt":"2022-12-07T14:30:00","guid":{"rendered":"https:\/\/pc.sc.gov.br\/?p=1825"},"modified":"2022-12-14T08:54:07","modified_gmt":"2022-12-14T11:54:07","slug":"policiais-civis-recebem-1a-capacitacao-para-atuarem-em-grupo-reflexivo-voltado-para-homens-autores-de-violencia-contra-a-mulher","status":"publish","type":"post","link":"https:\/\/pc.sc.gov.br\/?p=1825","title":{"rendered":"Policiais civis recebem 1\u00aa capacita\u00e7\u00e3o para atuarem em grupo reflexivo voltado para homens autores de viol\u00eancia contra a mulher"},"content":{"rendered":"\t\t<div data-elementor-type=\"wp-post\" data-elementor-id=\"1825\" class=\"elementor elementor-1825\" data-elementor-post-type=\"post\">\n\t\t\t\t\t\t<section class=\"elementor-section elementor-top-section elementor-element elementor-element-e465741 elementor-section-boxed elementor-section-height-default elementor-section-height-default\" data-id=\"e465741\" data-element_type=\"section\">\n\t\t\t\t\t\t<div class=\"elementor-container elementor-column-gap-default\">\n\t\t\t\t\t<div class=\"elementor-column elementor-col-100 elementor-top-column elementor-element elementor-element-50492cc\" data-id=\"50492cc\" data-element_type=\"column\">\n\t\t\t<div class=\"elementor-widget-wrap elementor-element-populated\">\n\t\t\t\t\t\t<div class=\"elementor-element elementor-element-c8dc27d elementor-widget elementor-widget-heading\" data-id=\"c8dc27d\" data-element_type=\"widget\" data-widget_type=\"heading.default\">\n\t\t\t\t<div class=\"elementor-widget-container\">\n\t\t\t\t\t<h2 class=\"elementor-heading-title elementor-size-default\">Policiais civis recebem 1\u00aa capacita\u00e7\u00e3o para atuarem em grupo reflexivo voltado para homens autores de viol\u00eancia contra a mulher<\/h2>\t\t\t\t<\/div>\n\t\t\t\t<\/div>\n\t\t\t\t\t<\/div>\n\t\t<\/div>\n\t\t\t\t\t<\/div>\n\t\t<\/section>\n\t\t\t\t<section class=\"elementor-section elementor-top-section elementor-element elementor-element-9279877 elementor-section-boxed elementor-section-height-default elementor-section-height-default\" data-id=\"9279877\" data-element_type=\"section\">\n\t\t\t\t\t\t<div class=\"elementor-container elementor-column-gap-default\">\n\t\t\t\t\t<div class=\"elementor-column elementor-col-100 elementor-top-column elementor-element elementor-element-4e12af3\" data-id=\"4e12af3\" data-element_type=\"column\">\n\t\t\t<div class=\"elementor-widget-wrap elementor-element-populated\">\n\t\t\t\t\t\t<div class=\"elementor-element elementor-element-1c1f358 elementor-widget elementor-widget-image\" data-id=\"1c1f358\" data-element_type=\"widget\" data-widget_type=\"image.default\">\n\t\t\t\t<div class=\"elementor-widget-container\">\n\t\t\t\t\t\t\t\t\t\t\t\t\t\t\t<img fetchpriority=\"high\" decoding=\"async\" width=\"696\" height=\"696\" src=\"https:\/\/pc.sc.gov.br\/\/wp-content\/uploads\/2022\/12\/02-2-1024x1024.jpg\" class=\"attachment-large size-large wp-image-1817\" alt=\"\" srcset=\"https:\/\/pc.sc.gov.br\/\/wp-content\/uploads\/2022\/12\/02-2-1024x1024.jpg 1024w, https:\/\/pc.sc.gov.br\/\/wp-content\/uploads\/2022\/12\/02-2-300x300.jpg 300w, https:\/\/pc.sc.gov.br\/\/wp-content\/uploads\/2022\/12\/02-2-150x150.jpg 150w, https:\/\/pc.sc.gov.br\/\/wp-content\/uploads\/2022\/12\/02-2-768x768.jpg 768w, https:\/\/pc.sc.gov.br\/\/wp-content\/uploads\/2022\/12\/02-2.jpg 1080w\" sizes=\"(max-width: 696px) 100vw, 696px\" \/>\t\t\t\t\t\t\t\t\t\t\t\t\t\t\t<\/div>\n\t\t\t\t<\/div>\n\t\t\t\t<div class=\"elementor-element elementor-element-335aa87 elementor-widget elementor-widget-text-editor\" data-id=\"335aa87\" data-element_type=\"widget\" data-widget_type=\"text-editor.default\">\n\t\t\t\t<div class=\"elementor-widget-container\">\n\t\t\t\t\t\t\t\t\t<div id=\"jsn-maincontent\" class=\"span9 order2 offset3 row-fluid\">\n<div id=\"jsn-maincontent_inner\">\n<div id=\"jsn-centercol\" class=\"span12 order1 \">\n<div id=\"jsn-centercol_inner\">\n<div id=\"jsn-mainbody-content\" class=\" jsn-hasmainbody\">\n<div id=\"jsn-mainbody\">\n<div class=\"item-page itemscope itemtype=\">\n<div>\n<p>A Pol\u00edcia Civil, por meio da Academia de Pol\u00edcia Civil (Acadepol), iniciou nesta quarta-feira (07) a 1\u00aa capacita\u00e7\u00e3o sobre grupo reflexivo voltado para homens autores de viol\u00eancia contra a mulher.<\/p>\n<p>A iniciativa da Coordenadoria das Delegacias de Prote\u00e7\u00e3o \u00e0 Crian\u00e7a ao Adolescente, \u00e0 Mulher e ao Idoso (CDPCAMI&#8217;s) re\u00fane delegados de pol\u00edcia, agentes, escriv\u00e3es e psic\u00f3logos de todo o Estado que debater\u00e3o sobre teorias das masculinidades, viol\u00eancia de g\u00eanero e t\u00e9cnicas de media\u00e7\u00e3o de grupos reflexivos.<\/p>\n<p>Ao t\u00e9rmino da capacita\u00e7\u00e3o, que ocorre nesta sexta-feira (09), os policiais civis estar\u00e3o aptos para condu\u00e7\u00e3o e media\u00e7\u00e3o dos grupos.<\/p>\n<p>A iniciativa \u00e9 uma das a\u00e7\u00f5es do programa \u201cPC por Elas\u201d e vai ao encontro de uma das atualiza\u00e7\u00f5es da Lei Maria da Penha que estabelece a possibilidade dos autores de viol\u00eancia contra a mulher frequentar centros de educa\u00e7\u00e3o e de reabilita\u00e7\u00e3o, al\u00e9m de fazer acompanhamento psicossocial.<\/p>\n<p><img decoding=\"async\" src=\"https:\/\/pc.sc.gov.br\/images\/pc2444444444444444444433333333333334442222222222224355435646222222222222525152222222222222233335151515515.jpg\" alt=\"pc2444444444444444444433333333333334442222222222224355435646222222222222525152222222222222233335151515515.jpg\"><\/p>\n<\/div>\n<\/div>\n<\/div>\n<\/div>\n<\/div>\n<\/div>\n<\/div>\n<\/div>\n<div id=\"jsn-leftsidecontent\" class=\"span3 order1 offset-12\">\n<div id=\"jsn-leftsidecontent_inner\">\n<div id=\"jsn-pos-left\">\n<div class=\"richbox-1 jsn-modulecontainer\">\n<div class=\"jsn-modulecontainer_inner\">\n<div>\n<div><br><div class=\"jsn-modulecontent\"><div class=\"clearbreak\">&nbsp;<\/div>\n<\/div>\n<\/div>\n<\/div>\n<\/div>\n<\/div>\n<\/div>\n<\/div>\n<\/div>\t\t\t\t\t\t\t\t<\/div>\n\t\t\t\t<\/div>\n\t\t\t\t\t<\/div>\n\t\t<\/div>\n\t\t\t\t\t<\/div>\n\t\t<\/section>\n\t\t\t\t<\/div>\n\t\t","protected":false},"excerpt":{"rendered":"<p>Policiais civis recebem 1\u00aa capacita\u00e7\u00e3o para atuarem em grupo reflexivo voltado para homens autores de viol\u00eancia contra a mulher A Pol\u00edcia Civil, por meio da Academia de Pol\u00edcia Civil (Acadepol), iniciou nesta quarta-feira (07) a 1\u00aa capacita\u00e7\u00e3o sobre grupo reflexivo voltado para homens autores de viol\u00eancia contra a mulher. A iniciativa da Coordenadoria das Delegacias [&hellip;]<\/p>\n","protected":false},"author":2,"featured_media":1817,"comment_status":"closed","ping_status":"open","sticky":false,"template":"elementor_header_footer","format":"standard","meta":{"_monsterinsights_skip_tracking":false,"_monsterinsights_sitenote_active":false,"_monsterinsights_sitenote_note":"","_monsterinsights_sitenote_category":0,"footnotes":""},"categories":[1],"tags":[],"class_list":["post-1825","post","type-post","status-publish","format-standard","has-post-thumbnail","hentry","category-sem-categoria"],"_links":{"self":[{"href":"https:\/\/pc.sc.gov.br\/index.php?rest_route=\/wp\/v2\/posts\/1825","targetHints":{"allow":["GET"]}}],"collection":[{"href":"https:\/\/pc.sc.gov.br\/index.php?rest_route=\/wp\/v2\/posts"}],"about":[{"href":"https:\/\/pc.sc.gov.br\/index.php?rest_route=\/wp\/v2\/types\/post"}],"author":[{"embeddable":true,"href":"https:\/\/pc.sc.gov.br\/index.php?rest_route=\/wp\/v2\/users\/2"}],"replies":[{"embeddable":true,"href":"https:\/\/pc.sc.gov.br\/index.php?rest_route=%2Fwp%2Fv2%2Fcomments&post=1825"}],"version-history":[{"count":4,"href":"https:\/\/pc.sc.gov.br\/index.php?rest_route=\/wp\/v2\/posts\/1825\/revisions"}],"predecessor-version":[{"id":1830,"href":"https:\/\/pc.sc.gov.br\/index.php?rest_route=\/wp\/v2\/posts\/1825\/revisions\/1830"}],"wp:featuredmedia":[{"embeddable":true,"href":"https:\/\/pc.sc.gov.br\/index.php?rest_route=\/wp\/v2\/media\/1817"}],"wp:attachment":[{"href":"https:\/\/pc.sc.gov.br\/index.php?rest_route=%2Fwp%2Fv2%2Fmedia&parent=1825"}],"wp:term":[{"taxonomy":"category","embeddable":true,"href":"https:\/\/pc.sc.gov.br\/index.php?rest_route=%2Fwp%2Fv2%2Fcategories&post=1825"},{"taxonomy":"post_tag","embeddable":true,"href":"https:\/\/pc.sc.gov.br\/index.php?rest_route=%2Fwp%2Fv2%2Ftags&post=1825"}],"curies":[{"name":"wp","href":"https:\/\/api.w.org\/{rel}","templated":true}]}}