{"id":18282,"date":"2024-03-12T18:55:47","date_gmt":"2024-03-12T21:55:47","guid":{"rendered":"https:\/\/pc.sc.gov.br\/?p=18282"},"modified":"2024-03-12T18:57:49","modified_gmt":"2024-03-12T21:57:49","slug":"em-acao-conjunta-decap-deic-e-pcsp-de-bauru-localizam-em-itajai-homicida-foragido-do-estado-de-sao-paulo","status":"publish","type":"post","link":"https:\/\/pc.sc.gov.br\/?p=18282","title":{"rendered":"Em a\u00e7\u00e3o conjunta, DECAP\/DEIC e PCSP de Bauru localizam, em Itaja\u00ed, homicida foragido do estado de S\u00e3o Paulo"},"content":{"rendered":"\t\t<div data-elementor-type=\"wp-post\" data-elementor-id=\"18282\" class=\"elementor elementor-18282\" data-elementor-post-type=\"post\">\n\t\t\t\t\t\t<section class=\"elementor-section elementor-top-section elementor-element elementor-element-4a4dd94 elementor-section-boxed elementor-section-height-default elementor-section-height-default\" data-id=\"4a4dd94\" data-element_type=\"section\">\n\t\t\t\t\t\t<div class=\"elementor-container elementor-column-gap-default\">\n\t\t\t\t\t<div class=\"elementor-column elementor-col-100 elementor-top-column elementor-element elementor-element-09550e5\" data-id=\"09550e5\" data-element_type=\"column\">\n\t\t\t<div class=\"elementor-widget-wrap elementor-element-populated\">\n\t\t\t\t\t\t<div class=\"elementor-element elementor-element-b341b9f elementor-widget elementor-widget-heading\" data-id=\"b341b9f\" data-element_type=\"widget\" data-widget_type=\"heading.default\">\n\t\t\t\t<div class=\"elementor-widget-container\">\n\t\t\t\t\t<h2 class=\"elementor-heading-title elementor-size-default\">Em a\u00e7\u00e3o conjunta, DECAP\/DEIC e PCSP de Bauru localizam, em Itaja\u00ed, homicida foragido do estado de S\u00e3o Paulo\n <\/h2>\t\t\t\t<\/div>\n\t\t\t\t<\/div>\n\t\t\t\t\t<\/div>\n\t\t<\/div>\n\t\t\t\t\t<\/div>\n\t\t<\/section>\n\t\t\t\t<section class=\"elementor-section elementor-top-section elementor-element elementor-element-43d0a67 elementor-section-boxed elementor-section-height-default elementor-section-height-default\" data-id=\"43d0a67\" data-element_type=\"section\">\n\t\t\t\t\t\t<div class=\"elementor-container elementor-column-gap-default\">\n\t\t\t\t\t<div class=\"elementor-column elementor-col-100 elementor-top-column elementor-element elementor-element-b4e4ca7\" data-id=\"b4e4ca7\" data-element_type=\"column\">\n\t\t\t<div class=\"elementor-widget-wrap elementor-element-populated\">\n\t\t\t\t\t\t<div class=\"elementor-element elementor-element-7b68f97 elementor-widget elementor-widget-image\" data-id=\"7b68f97\" data-element_type=\"widget\" data-widget_type=\"image.default\">\n\t\t\t\t<div class=\"elementor-widget-container\">\n\t\t\t\t\t\t\t\t\t\t\t\t\t\t\t<img fetchpriority=\"high\" decoding=\"async\" width=\"696\" height=\"457\" src=\"https:\/\/pc.sc.gov.br\/\/wp-content\/uploads\/2024\/03\/WhatsApp-Image-2024-01-30-at-16.33.05-fotor-20240307163225-1-1024x672.jpg\" class=\"attachment-large size-large wp-image-18283\" alt=\"\" srcset=\"https:\/\/pc.sc.gov.br\/\/wp-content\/uploads\/2024\/03\/WhatsApp-Image-2024-01-30-at-16.33.05-fotor-20240307163225-1-1024x672.jpg 1024w, https:\/\/pc.sc.gov.br\/\/wp-content\/uploads\/2024\/03\/WhatsApp-Image-2024-01-30-at-16.33.05-fotor-20240307163225-1-300x197.jpg 300w, https:\/\/pc.sc.gov.br\/\/wp-content\/uploads\/2024\/03\/WhatsApp-Image-2024-01-30-at-16.33.05-fotor-20240307163225-1-768x504.jpg 768w, https:\/\/pc.sc.gov.br\/\/wp-content\/uploads\/2024\/03\/WhatsApp-Image-2024-01-30-at-16.33.05-fotor-20240307163225-1.jpg 1075w\" sizes=\"(max-width: 696px) 100vw, 696px\" \/>\t\t\t\t\t\t\t\t\t\t\t\t\t\t\t<\/div>\n\t\t\t\t<\/div>\n\t\t\t\t\t<\/div>\n\t\t<\/div>\n\t\t\t\t\t<\/div>\n\t\t<\/section>\n\t\t\t\t<section class=\"elementor-section elementor-top-section elementor-element elementor-element-6abd64d elementor-section-boxed elementor-section-height-default elementor-section-height-default\" data-id=\"6abd64d\" data-element_type=\"section\">\n\t\t\t\t\t\t<div class=\"elementor-container elementor-column-gap-default\">\n\t\t\t\t\t<div class=\"elementor-column elementor-col-100 elementor-top-column elementor-element elementor-element-e6c6aff\" data-id=\"e6c6aff\" data-element_type=\"column\">\n\t\t\t<div class=\"elementor-widget-wrap elementor-element-populated\">\n\t\t\t\t\t\t<div class=\"elementor-element elementor-element-8e473e0 elementor-widget elementor-widget-text-editor\" data-id=\"8e473e0\" data-element_type=\"widget\" data-widget_type=\"text-editor.default\">\n\t\t\t\t<div class=\"elementor-widget-container\">\n\t\t\t\t\t\t\t\t\t<p>A Pol\u00edcia Civil de Santa Catarina, por meio da Delegacia de Capturas (DECAP\/DEIC) e da DEIC de Bauru (SP), cumpriu nesta ter\u00e7a-feira (12) mandado de pris\u00e3o contra um homem, autor de homic\u00eddio estado de S\u00e3o Paulo.<\/p>\n<p>Vinculado a uma fac\u00e7\u00e3o criminosa, o homem e outros Integrantes do grupo espancaram a v\u00edtima at\u00e9 a morte, ocultando o cad\u00e1ver o qual, at\u00e9 o momento, n\u00e3o foi encontrado. Ciente do mandado de pris\u00e3o em seu desfavor, Julio se evadiu do Estado de S\u00e3o Paulo.<\/p>\n<p>Informa\u00e7\u00f5es apuradas pela Pol\u00edcia Judici\u00e1ria paulista davam conta que o homicida poderia estar escondido em Santa Catarina. Policiais Civis paulistas solicitaram apoio para localiza\u00e7\u00e3o e captura do ent\u00e3o foragido \u00e0 Delegacia de Capturas (DECAP) da Diretoria Estadual de Investiga\u00e7\u00e3o Criminal (DEIC).<\/p>\n<p>Ap\u00f3s diversas dilig\u00eancias investigativas e troca de informa\u00e7\u00f5es entre as Pol\u00edcias Civis, foi poss\u00edvel descobrir o paradeiro do foragido, sendo acompanhado pelas equipes da DECAP\/DEIC e abordado momento que sa\u00eda de uma kitnet, situada na periferia de Itaja\u00ed.<\/p>\n<p>A DECAP\/DEIC refor\u00e7a seu compromisso em prol da seguran\u00e7a da sociedade catarinense e se compromete com as demais unidades Policiais do Estado no aux\u00edlio \u00e0 captura de foragidos atrav\u00e9s do aplicativo INTEGRA no link&nbsp;&nbsp;<a href=\"https:\/\/integra.pc.sc.gov.br\/login\" target=\"_blank\">https:\/\/integra.pc.sc.gov.br\/sistemas\/foragidos<\/a>&nbsp;<\/p>\n<p><b>Den\u00fancias e informa\u00e7\u00f5es relacionadas a foragidos da justi\u00e7a podem ser encaminhadas para o e-mail deic-capturas@pc.sc.gov.br, sendo garantido o anonimato.<\/b><\/p>\n<p><\/p>\t\t\t\t\t\t\t\t<\/div>\n\t\t\t\t<\/div>\n\t\t\t\t\t<\/div>\n\t\t<\/div>\n\t\t\t\t\t<\/div>\n\t\t<\/section>\n\t\t\t\t<\/div>\n\t\t","protected":false},"excerpt":{"rendered":"<p>Em a\u00e7\u00e3o conjunta, DECAP\/DEIC e PCSP de Bauru localizam, em Itaja\u00ed, homicida foragido do estado de S\u00e3o Paulo A Pol\u00edcia Civil de Santa Catarina, por meio da Delegacia de Capturas (DECAP\/DEIC) e da DEIC de Bauru (SP), cumpriu nesta ter\u00e7a-feira (12) mandado de pris\u00e3o contra um homem, autor de homic\u00eddio estado de S\u00e3o Paulo. Vinculado [&hellip;]<\/p>\n","protected":false},"author":5,"featured_media":18283,"comment_status":"closed","ping_status":"open","sticky":false,"template":"","format":"standard","meta":{"_monsterinsights_skip_tracking":false,"_monsterinsights_sitenote_active":false,"_monsterinsights_sitenote_note":"","_monsterinsights_sitenote_category":0,"footnotes":""},"categories":[1],"tags":[],"class_list":["post-18282","post","type-post","status-publish","format-standard","has-post-thumbnail","hentry","category-sem-categoria"],"_links":{"self":[{"href":"https:\/\/pc.sc.gov.br\/index.php?rest_route=\/wp\/v2\/posts\/18282","targetHints":{"allow":["GET"]}}],"collection":[{"href":"https:\/\/pc.sc.gov.br\/index.php?rest_route=\/wp\/v2\/posts"}],"about":[{"href":"https:\/\/pc.sc.gov.br\/index.php?rest_route=\/wp\/v2\/types\/post"}],"author":[{"embeddable":true,"href":"https:\/\/pc.sc.gov.br\/index.php?rest_route=\/wp\/v2\/users\/5"}],"replies":[{"embeddable":true,"href":"https:\/\/pc.sc.gov.br\/index.php?rest_route=%2Fwp%2Fv2%2Fcomments&post=18282"}],"version-history":[{"count":4,"href":"https:\/\/pc.sc.gov.br\/index.php?rest_route=\/wp\/v2\/posts\/18282\/revisions"}],"predecessor-version":[{"id":18287,"href":"https:\/\/pc.sc.gov.br\/index.php?rest_route=\/wp\/v2\/posts\/18282\/revisions\/18287"}],"wp:featuredmedia":[{"embeddable":true,"href":"https:\/\/pc.sc.gov.br\/index.php?rest_route=\/wp\/v2\/media\/18283"}],"wp:attachment":[{"href":"https:\/\/pc.sc.gov.br\/index.php?rest_route=%2Fwp%2Fv2%2Fmedia&parent=18282"}],"wp:term":[{"taxonomy":"category","embeddable":true,"href":"https:\/\/pc.sc.gov.br\/index.php?rest_route=%2Fwp%2Fv2%2Fcategories&post=18282"},{"taxonomy":"post_tag","embeddable":true,"href":"https:\/\/pc.sc.gov.br\/index.php?rest_route=%2Fwp%2Fv2%2Ftags&post=18282"}],"curies":[{"name":"wp","href":"https:\/\/api.w.org\/{rel}","templated":true}]}}