{"id":18310,"date":"2024-03-13T18:11:31","date_gmt":"2024-03-13T21:11:31","guid":{"rendered":"https:\/\/pc.sc.gov.br\/?p=18310"},"modified":"2024-03-13T18:12:59","modified_gmt":"2024-03-13T21:12:59","slug":"em-um-ano-delegacia-de-protecao-a-animais-domesticos-da-pcsc-atendeu-mais-de-3-mil-denuncias-de-maus-tratos-na-grande-florianopolis","status":"publish","type":"post","link":"https:\/\/pc.sc.gov.br\/?p=18310","title":{"rendered":"Em um ano, Delegacia de Prote\u00e7\u00e3o a Animais Dom\u00e9sticos da PCSC atendeu mais de  3 mil den\u00fancias de maus-tratos na Grande Florian\u00f3polis"},"content":{"rendered":"\t\t<div data-elementor-type=\"wp-post\" data-elementor-id=\"18310\" class=\"elementor elementor-18310\" data-elementor-post-type=\"post\">\n\t\t\t\t\t\t<section class=\"elementor-section elementor-top-section elementor-element elementor-element-da46b47 elementor-section-boxed elementor-section-height-default elementor-section-height-default\" data-id=\"da46b47\" data-element_type=\"section\">\n\t\t\t\t\t\t<div class=\"elementor-container elementor-column-gap-default\">\n\t\t\t\t\t<div class=\"elementor-column elementor-col-100 elementor-top-column elementor-element elementor-element-ee6fdff\" data-id=\"ee6fdff\" data-element_type=\"column\">\n\t\t\t<div class=\"elementor-widget-wrap elementor-element-populated\">\n\t\t\t\t\t\t<div class=\"elementor-element elementor-element-5b707f9 elementor-widget elementor-widget-heading\" data-id=\"5b707f9\" data-element_type=\"widget\" data-widget_type=\"heading.default\">\n\t\t\t\t<div class=\"elementor-widget-container\">\n\t\t\t\t\t<h2 class=\"elementor-heading-title elementor-size-default\">Em um ano, Delegacia de Prote\u00e7\u00e3o a animais dom\u00e9sticos atendeu mais de 3 mil den\u00fancias de maus-tratos na grande florian\u00f3polis<\/h2>\t\t\t\t<\/div>\n\t\t\t\t<\/div>\n\t\t\t\t\t<\/div>\n\t\t<\/div>\n\t\t\t\t\t<\/div>\n\t\t<\/section>\n\t\t\t\t<section class=\"elementor-section elementor-top-section elementor-element elementor-element-c5b09d4 elementor-section-boxed elementor-section-height-default elementor-section-height-default\" data-id=\"c5b09d4\" data-element_type=\"section\">\n\t\t\t\t\t\t<div class=\"elementor-container elementor-column-gap-default\">\n\t\t\t\t\t<div class=\"elementor-column elementor-col-100 elementor-top-column elementor-element elementor-element-b5e1229\" data-id=\"b5e1229\" data-element_type=\"column\">\n\t\t\t<div class=\"elementor-widget-wrap elementor-element-populated\">\n\t\t\t\t\t\t<div class=\"elementor-element elementor-element-a5a0813 elementor-widget elementor-widget-image\" data-id=\"a5a0813\" data-element_type=\"widget\" data-widget_type=\"image.default\">\n\t\t\t\t<div class=\"elementor-widget-container\">\n\t\t\t\t\t\t\t\t\t\t\t\t\t\t\t<img fetchpriority=\"high\" decoding=\"async\" width=\"696\" height=\"454\" src=\"https:\/\/pc.sc.gov.br\/\/wp-content\/uploads\/2024\/03\/b43fce23-9b8e-436a-a0ec-b0cc8c88f491-fotor-20240313174829.jpg\" class=\"attachment-large size-large wp-image-18311\" alt=\"\" srcset=\"https:\/\/pc.sc.gov.br\/\/wp-content\/uploads\/2024\/03\/b43fce23-9b8e-436a-a0ec-b0cc8c88f491-fotor-20240313174829.jpg 960w, https:\/\/pc.sc.gov.br\/\/wp-content\/uploads\/2024\/03\/b43fce23-9b8e-436a-a0ec-b0cc8c88f491-fotor-20240313174829-300x196.jpg 300w, https:\/\/pc.sc.gov.br\/\/wp-content\/uploads\/2024\/03\/b43fce23-9b8e-436a-a0ec-b0cc8c88f491-fotor-20240313174829-768x501.jpg 768w\" sizes=\"(max-width: 696px) 100vw, 696px\" \/>\t\t\t\t\t\t\t\t\t\t\t\t\t\t\t<\/div>\n\t\t\t\t<\/div>\n\t\t\t\t\t<\/div>\n\t\t<\/div>\n\t\t\t\t\t<\/div>\n\t\t<\/section>\n\t\t\t\t<section class=\"elementor-section elementor-top-section elementor-element elementor-element-37578a6 elementor-section-boxed elementor-section-height-default elementor-section-height-default\" data-id=\"37578a6\" data-element_type=\"section\">\n\t\t\t\t\t\t<div class=\"elementor-container elementor-column-gap-default\">\n\t\t\t\t\t<div class=\"elementor-column elementor-col-100 elementor-top-column elementor-element elementor-element-0e86a9e\" data-id=\"0e86a9e\" data-element_type=\"column\">\n\t\t\t<div class=\"elementor-widget-wrap elementor-element-populated\">\n\t\t\t\t\t\t<div class=\"elementor-element elementor-element-97e6514 elementor-widget elementor-widget-text-editor\" data-id=\"97e6514\" data-element_type=\"widget\" data-widget_type=\"text-editor.default\">\n\t\t\t\t<div class=\"elementor-widget-container\">\n\t\t\t\t\t\t\t\t\t<p>A Delegacia de Prote\u00e7\u00e3o a Animais Dom\u00e9sticos (DPA) da Pol\u00edcia Civil de Santa Catarina est\u00e1 completando, nesta quinta-feira (14), um ano de atividades. Ao longo do per\u00edodo, a unidade policial, ligada \u00e0 Diretoria de Pol\u00edcia da Grande Florian\u00f3polis (DPGF), atendeu a 3.092 den\u00fancias, nos 13 munic\u00edpios em que atua: Florian\u00f3polis, S\u00e3o Jos\u00e9, Bigua\u00e7u, S\u00e3o Pedro de Alc\u00e2ntara, Governador Celso Ramos, Ant\u00f4nio Carlos, Palho\u00e7a, Santo Amaro da Imperatriz, \u00c1guas Mornas, Angelina, Anit\u00e1polis, Rancho Queimado e S\u00e3o Bonif\u00e1cio.<\/p>\n<p>Criada para atender uma demanda da sociedade, a DPA tem como objetivo apurar delitos de maus-tratos contra animais dom\u00e9sticos e crimes conexos. E os n\u00fameros mostram a relev\u00e2ncia do trabalho desenvolvido pelos policiais civis da DPA, em parceria com institui\u00e7\u00f5es p\u00fablicas e protetores de animais.&nbsp;<\/p>\n<p>No primeiro ano de atividades foram instaurados 145 inqu\u00e9ritos policiais; 17 pris\u00f5es em flagrante; 11 termos circunstanciados em flagrante e 82 opera\u00e7\u00f5es policiais. Outro dado importante se refere \u00e0 apreens\u00e3o de 11 armas de fogo e 345 muni\u00e7\u00f5es. Dez mandados de busca e apreens\u00e3o foram cumpridos, no \u00e2mbito de atua\u00e7\u00e3o da delegacia. De acordo com a delegada Mardjoli Valcareggi, titular da DPA, nos \u00faltimos 12 meses 886 animais foram resguardados\/resgatados.<\/p>\n<p>Al\u00e9m de buscar a responsabiliza\u00e7\u00e3o criminal dos autores de crimes de maus-tratos, a equipe de policiais civis da delegacia atua na perspectiva da preven\u00e7\u00e3o e, ao longo do ano, participou de seis feiras de ado\u00e7\u00e3o e realizou sete palestras em escolas e universidades. \u201cEsses encontros s\u00e3o importantes porque al\u00e9m de trabalharmos a conscientiza\u00e7\u00e3o das pessoas sobre a responsabilidade de ser tutor de um animal de estima\u00e7\u00e3o, tamb\u00e9m aproximamos a Pol\u00edcia Civil da sociedade catarinense\u201d, destacou a delegada.<span style=\"color: var( --e-global-color-text ); font-family: var( --e-global-typography-primary-font-family ), Sans-serif; font-size: var( --e-global-typography-primary-font-size ); font-weight: var( --e-global-typography-primary-font-weight ); letter-spacing: var( --e-global-typography-primary-letter-spacing );\">&nbsp;<\/span><\/p>\t\t\t\t\t\t\t\t<\/div>\n\t\t\t\t<\/div>\n\t\t\t\t\t<\/div>\n\t\t<\/div>\n\t\t\t\t\t<\/div>\n\t\t<\/section>\n\t\t\t\t<\/div>\n\t\t","protected":false},"excerpt":{"rendered":"<p>Em um ano, Delegacia de Prote\u00e7\u00e3o a animais dom\u00e9sticos atendeu mais de 3 mil den\u00fancias de maus-tratos na grande florian\u00f3polis A Delegacia de Prote\u00e7\u00e3o a Animais Dom\u00e9sticos (DPA) da Pol\u00edcia Civil de Santa Catarina est\u00e1 completando, nesta quinta-feira (14), um ano de atividades. Ao longo do per\u00edodo, a unidade policial, ligada \u00e0 Diretoria de Pol\u00edcia [&hellip;]<\/p>\n","protected":false},"author":5,"featured_media":18311,"comment_status":"closed","ping_status":"open","sticky":false,"template":"","format":"standard","meta":{"_monsterinsights_skip_tracking":false,"_monsterinsights_sitenote_active":false,"_monsterinsights_sitenote_note":"","_monsterinsights_sitenote_category":0,"footnotes":""},"categories":[1],"tags":[],"class_list":["post-18310","post","type-post","status-publish","format-standard","has-post-thumbnail","hentry","category-sem-categoria"],"_links":{"self":[{"href":"https:\/\/pc.sc.gov.br\/index.php?rest_route=\/wp\/v2\/posts\/18310","targetHints":{"allow":["GET"]}}],"collection":[{"href":"https:\/\/pc.sc.gov.br\/index.php?rest_route=\/wp\/v2\/posts"}],"about":[{"href":"https:\/\/pc.sc.gov.br\/index.php?rest_route=\/wp\/v2\/types\/post"}],"author":[{"embeddable":true,"href":"https:\/\/pc.sc.gov.br\/index.php?rest_route=\/wp\/v2\/users\/5"}],"replies":[{"embeddable":true,"href":"https:\/\/pc.sc.gov.br\/index.php?rest_route=%2Fwp%2Fv2%2Fcomments&post=18310"}],"version-history":[{"count":3,"href":"https:\/\/pc.sc.gov.br\/index.php?rest_route=\/wp\/v2\/posts\/18310\/revisions"}],"predecessor-version":[{"id":18314,"href":"https:\/\/pc.sc.gov.br\/index.php?rest_route=\/wp\/v2\/posts\/18310\/revisions\/18314"}],"wp:featuredmedia":[{"embeddable":true,"href":"https:\/\/pc.sc.gov.br\/index.php?rest_route=\/wp\/v2\/media\/18311"}],"wp:attachment":[{"href":"https:\/\/pc.sc.gov.br\/index.php?rest_route=%2Fwp%2Fv2%2Fmedia&parent=18310"}],"wp:term":[{"taxonomy":"category","embeddable":true,"href":"https:\/\/pc.sc.gov.br\/index.php?rest_route=%2Fwp%2Fv2%2Fcategories&post=18310"},{"taxonomy":"post_tag","embeddable":true,"href":"https:\/\/pc.sc.gov.br\/index.php?rest_route=%2Fwp%2Fv2%2Ftags&post=18310"}],"curies":[{"name":"wp","href":"https:\/\/api.w.org\/{rel}","templated":true}]}}