{"id":18315,"date":"2024-03-13T18:58:48","date_gmt":"2024-03-13T21:58:48","guid":{"rendered":"https:\/\/pc.sc.gov.br\/?p=18315"},"modified":"2024-03-13T18:59:48","modified_gmt":"2024-03-13T21:59:48","slug":"operacao-atria-dpcami-de-ararangua-ministra-palestra-para-alunos-da-escola-estadual-patrulheiro-jucemar-paes","status":"publish","type":"post","link":"https:\/\/pc.sc.gov.br\/?p=18315","title":{"rendered":"Opera\u00e7\u00e3o \u00c1tria: DPCAMI de Ararangu\u00e1 ministra palestra para alunos da Escola Estadual Patrulheiro Jucemar Paes"},"content":{"rendered":"\t\t<div data-elementor-type=\"wp-post\" data-elementor-id=\"18315\" class=\"elementor elementor-18315\" data-elementor-post-type=\"post\">\n\t\t\t\t\t\t<section class=\"elementor-section elementor-top-section elementor-element elementor-element-0801cca elementor-section-boxed elementor-section-height-default elementor-section-height-default\" data-id=\"0801cca\" data-element_type=\"section\">\n\t\t\t\t\t\t<div class=\"elementor-container elementor-column-gap-default\">\n\t\t\t\t\t<div class=\"elementor-column elementor-col-100 elementor-top-column elementor-element elementor-element-5005464\" data-id=\"5005464\" data-element_type=\"column\">\n\t\t\t<div class=\"elementor-widget-wrap elementor-element-populated\">\n\t\t\t\t\t\t<div class=\"elementor-element elementor-element-c85e98a elementor-widget elementor-widget-heading\" data-id=\"c85e98a\" data-element_type=\"widget\" data-widget_type=\"heading.default\">\n\t\t\t\t<div class=\"elementor-widget-container\">\n\t\t\t\t\t<h2 class=\"elementor-heading-title elementor-size-default\">Opera\u00e7\u00e3o \u00c1tria: DPCAMI de Ararangu\u00e1 ministra palestra para alunos da Escola Estadual Patrulheiro Jucemar Paes<\/h2>\t\t\t\t<\/div>\n\t\t\t\t<\/div>\n\t\t\t\t\t<\/div>\n\t\t<\/div>\n\t\t\t\t\t<\/div>\n\t\t<\/section>\n\t\t\t\t<section class=\"elementor-section elementor-top-section elementor-element elementor-element-ccb893d elementor-section-boxed elementor-section-height-default elementor-section-height-default\" data-id=\"ccb893d\" data-element_type=\"section\">\n\t\t\t\t\t\t<div class=\"elementor-container elementor-column-gap-default\">\n\t\t\t\t\t<div class=\"elementor-column elementor-col-100 elementor-top-column elementor-element elementor-element-b5344d2\" data-id=\"b5344d2\" data-element_type=\"column\">\n\t\t\t<div class=\"elementor-widget-wrap elementor-element-populated\">\n\t\t\t\t\t\t<div class=\"elementor-element elementor-element-ab7142f elementor-widget elementor-widget-image\" data-id=\"ab7142f\" data-element_type=\"widget\" data-widget_type=\"image.default\">\n\t\t\t\t<div class=\"elementor-widget-container\">\n\t\t\t\t\t\t\t\t\t\t\t\t\t\t\t<img fetchpriority=\"high\" decoding=\"async\" width=\"696\" height=\"392\" src=\"https:\/\/pc.sc.gov.br\/\/wp-content\/uploads\/2024\/03\/WhatsApp-Image-2024-03-13-at-18.40.21-1024x576.jpeg\" class=\"attachment-large size-large wp-image-18316\" alt=\"\" srcset=\"https:\/\/pc.sc.gov.br\/\/wp-content\/uploads\/2024\/03\/WhatsApp-Image-2024-03-13-at-18.40.21-1024x576.jpeg 1024w, https:\/\/pc.sc.gov.br\/\/wp-content\/uploads\/2024\/03\/WhatsApp-Image-2024-03-13-at-18.40.21-300x169.jpeg 300w, https:\/\/pc.sc.gov.br\/\/wp-content\/uploads\/2024\/03\/WhatsApp-Image-2024-03-13-at-18.40.21-768x432.jpeg 768w, https:\/\/pc.sc.gov.br\/\/wp-content\/uploads\/2024\/03\/WhatsApp-Image-2024-03-13-at-18.40.21-1536x864.jpeg 1536w, https:\/\/pc.sc.gov.br\/\/wp-content\/uploads\/2024\/03\/WhatsApp-Image-2024-03-13-at-18.40.21.jpeg 1600w\" sizes=\"(max-width: 696px) 100vw, 696px\" \/>\t\t\t\t\t\t\t\t\t\t\t\t\t\t\t<\/div>\n\t\t\t\t<\/div>\n\t\t\t\t\t<\/div>\n\t\t<\/div>\n\t\t\t\t\t<\/div>\n\t\t<\/section>\n\t\t\t\t<section class=\"elementor-section elementor-top-section elementor-element elementor-element-315091c elementor-section-boxed elementor-section-height-default elementor-section-height-default\" data-id=\"315091c\" data-element_type=\"section\">\n\t\t\t\t\t\t<div class=\"elementor-container elementor-column-gap-default\">\n\t\t\t\t\t<div class=\"elementor-column elementor-col-100 elementor-top-column elementor-element elementor-element-0f2e751\" data-id=\"0f2e751\" data-element_type=\"column\">\n\t\t\t<div class=\"elementor-widget-wrap elementor-element-populated\">\n\t\t\t\t\t\t<div class=\"elementor-element elementor-element-b268fa8 elementor-widget elementor-widget-text-editor\" data-id=\"b268fa8\" data-element_type=\"widget\" data-widget_type=\"text-editor.default\">\n\t\t\t\t<div class=\"elementor-widget-container\">\n\t\t\t\t\t\t\t\t\t<p>Em continuidade \u00e0s a\u00e7\u00f5es da Opera\u00e7\u00e3o \u00c1tria, a delegada Eliane Chaves, titular da Delegacia de Prote\u00e7\u00e3o \u00e0 Crian\u00e7a, ao Adolescente, \u00e0 Mulher e ao Idoso (DPCAMI), de Ararangu\u00e1 e a agente M\u00e1rcia Cristiane Nunes Scarduelli, respons\u00e1vel por um dos cart\u00f3rios policiais, estiveram na manh\u00e3 desta quarta-feira (13), na Escola Estadual Patrulheiro Jucemar Paes, localizada em Ararangu\u00e1.<\/p>\n<p>&nbsp;No encontro com os alunos dos 8\u00ba e 9\u00ba anos do Ensino Fundamental, as policiai conversaram sobre Viol\u00eancia de G\u00eanero, origens, conceitos e atua\u00e7\u00e3o da Pol\u00edcia Civil, por meio das DPCAMIs no enfrentamento \u00e0 viol\u00eancia contra a mulher.&nbsp;<span style=\"font-family: var( --e-global-typography-text-font-family ), Sans-serif; font-size: var( --e-global-typography-text-font-size );\">O evento contou com a presen\u00e7a de 62 alunos, al\u00e9m de professores e servidores da institui\u00e7\u00e3o de ensino.<\/span><span style=\"color: var( --e-global-color-text ); font-family: var( --e-global-typography-primary-font-family ), Sans-serif; font-size: var( --e-global-typography-primary-font-size ); font-weight: var( --e-global-typography-primary-font-weight ); letter-spacing: var( --e-global-typography-primary-letter-spacing );\">&nbsp;<\/span><\/p>\t\t\t\t\t\t\t\t<\/div>\n\t\t\t\t<\/div>\n\t\t\t\t\t<\/div>\n\t\t<\/div>\n\t\t\t\t\t<\/div>\n\t\t<\/section>\n\t\t\t\t<\/div>\n\t\t","protected":false},"excerpt":{"rendered":"<p>Opera\u00e7\u00e3o \u00c1tria: DPCAMI de Ararangu\u00e1 ministra palestra para alunos da Escola Estadual Patrulheiro Jucemar Paes Em continuidade \u00e0s a\u00e7\u00f5es da Opera\u00e7\u00e3o \u00c1tria, a delegada Eliane Chaves, titular da Delegacia de Prote\u00e7\u00e3o \u00e0 Crian\u00e7a, ao Adolescente, \u00e0 Mulher e ao Idoso (DPCAMI), de Ararangu\u00e1 e a agente M\u00e1rcia Cristiane Nunes Scarduelli, respons\u00e1vel por um dos cart\u00f3rios [&hellip;]<\/p>\n","protected":false},"author":5,"featured_media":18316,"comment_status":"closed","ping_status":"open","sticky":false,"template":"","format":"standard","meta":{"_monsterinsights_skip_tracking":false,"_monsterinsights_sitenote_active":false,"_monsterinsights_sitenote_note":"","_monsterinsights_sitenote_category":0,"footnotes":""},"categories":[1],"tags":[],"class_list":["post-18315","post","type-post","status-publish","format-standard","has-post-thumbnail","hentry","category-sem-categoria"],"_links":{"self":[{"href":"https:\/\/pc.sc.gov.br\/index.php?rest_route=\/wp\/v2\/posts\/18315","targetHints":{"allow":["GET"]}}],"collection":[{"href":"https:\/\/pc.sc.gov.br\/index.php?rest_route=\/wp\/v2\/posts"}],"about":[{"href":"https:\/\/pc.sc.gov.br\/index.php?rest_route=\/wp\/v2\/types\/post"}],"author":[{"embeddable":true,"href":"https:\/\/pc.sc.gov.br\/index.php?rest_route=\/wp\/v2\/users\/5"}],"replies":[{"embeddable":true,"href":"https:\/\/pc.sc.gov.br\/index.php?rest_route=%2Fwp%2Fv2%2Fcomments&post=18315"}],"version-history":[{"count":4,"href":"https:\/\/pc.sc.gov.br\/index.php?rest_route=\/wp\/v2\/posts\/18315\/revisions"}],"predecessor-version":[{"id":18320,"href":"https:\/\/pc.sc.gov.br\/index.php?rest_route=\/wp\/v2\/posts\/18315\/revisions\/18320"}],"wp:featuredmedia":[{"embeddable":true,"href":"https:\/\/pc.sc.gov.br\/index.php?rest_route=\/wp\/v2\/media\/18316"}],"wp:attachment":[{"href":"https:\/\/pc.sc.gov.br\/index.php?rest_route=%2Fwp%2Fv2%2Fmedia&parent=18315"}],"wp:term":[{"taxonomy":"category","embeddable":true,"href":"https:\/\/pc.sc.gov.br\/index.php?rest_route=%2Fwp%2Fv2%2Fcategories&post=18315"},{"taxonomy":"post_tag","embeddable":true,"href":"https:\/\/pc.sc.gov.br\/index.php?rest_route=%2Fwp%2Fv2%2Ftags&post=18315"}],"curies":[{"name":"wp","href":"https:\/\/api.w.org\/{rel}","templated":true}]}}