{"id":18329,"date":"2024-03-14T15:30:52","date_gmt":"2024-03-14T18:30:52","guid":{"rendered":"https:\/\/pc.sc.gov.br\/?p=18329"},"modified":"2024-03-14T16:17:34","modified_gmt":"2024-03-14T19:17:34","slug":"dpcami-de-xanxere-cumpre-mandados-de-internacao-de-dois-adolescentes-investigados-por-atos-infracionais-que-envolvem-tentativa-de-homicidio-e-trafico-de-drogas","status":"publish","type":"post","link":"https:\/\/pc.sc.gov.br\/?p=18329","title":{"rendered":"DPCAMI de Xanxer\u00ea cumpre mandados de interna\u00e7\u00e3o de dois adolescentes investigados por atos infracionais"},"content":{"rendered":"\t\t<div data-elementor-type=\"wp-post\" data-elementor-id=\"18329\" class=\"elementor elementor-18329\" data-elementor-post-type=\"post\">\n\t\t\t\t\t\t<section class=\"elementor-section elementor-top-section elementor-element elementor-element-704a4b3 elementor-section-boxed elementor-section-height-default elementor-section-height-default\" data-id=\"704a4b3\" data-element_type=\"section\">\n\t\t\t\t\t\t<div class=\"elementor-container elementor-column-gap-default\">\n\t\t\t\t\t<div class=\"elementor-column elementor-col-100 elementor-top-column elementor-element elementor-element-24cdb21\" data-id=\"24cdb21\" data-element_type=\"column\">\n\t\t\t<div class=\"elementor-widget-wrap elementor-element-populated\">\n\t\t\t\t\t\t<div class=\"elementor-element elementor-element-a0f9e50 elementor-widget elementor-widget-heading\" data-id=\"a0f9e50\" data-element_type=\"widget\" data-widget_type=\"heading.default\">\n\t\t\t\t<div class=\"elementor-widget-container\">\n\t\t\t\t\t<h2 class=\"elementor-heading-title elementor-size-default\">DPCAMI de Xanxer\u00ea cumpre dois mandados de interna\u00e7\u00e3o de adolescentes investigados por atos infracionais <\/h2>\t\t\t\t<\/div>\n\t\t\t\t<\/div>\n\t\t\t\t\t<\/div>\n\t\t<\/div>\n\t\t\t\t\t<\/div>\n\t\t<\/section>\n\t\t\t\t<section class=\"elementor-section elementor-top-section elementor-element elementor-element-bbdafc6 elementor-section-boxed elementor-section-height-default elementor-section-height-default\" data-id=\"bbdafc6\" data-element_type=\"section\">\n\t\t\t\t\t\t<div class=\"elementor-container elementor-column-gap-default\">\n\t\t\t\t\t<div class=\"elementor-column elementor-col-100 elementor-top-column elementor-element elementor-element-d6618a8\" data-id=\"d6618a8\" data-element_type=\"column\">\n\t\t\t<div class=\"elementor-widget-wrap elementor-element-populated\">\n\t\t\t\t\t\t<div class=\"elementor-element elementor-element-df8964e elementor-widget elementor-widget-image\" data-id=\"df8964e\" data-element_type=\"widget\" data-widget_type=\"image.default\">\n\t\t\t\t<div class=\"elementor-widget-container\">\n\t\t\t\t\t\t\t\t\t\t\t\t\t\t\t<img fetchpriority=\"high\" decoding=\"async\" width=\"696\" height=\"517\" src=\"https:\/\/pc.sc.gov.br\/\/wp-content\/uploads\/2024\/03\/a2dbb181-8fea-4491-9f21-ab050c390973-fotor-20240314152921.jpg\" class=\"attachment-large size-large wp-image-18330\" alt=\"\" srcset=\"https:\/\/pc.sc.gov.br\/\/wp-content\/uploads\/2024\/03\/a2dbb181-8fea-4491-9f21-ab050c390973-fotor-20240314152921.jpg 805w, https:\/\/pc.sc.gov.br\/\/wp-content\/uploads\/2024\/03\/a2dbb181-8fea-4491-9f21-ab050c390973-fotor-20240314152921-300x223.jpg 300w, https:\/\/pc.sc.gov.br\/\/wp-content\/uploads\/2024\/03\/a2dbb181-8fea-4491-9f21-ab050c390973-fotor-20240314152921-768x571.jpg 768w\" sizes=\"(max-width: 696px) 100vw, 696px\" \/>\t\t\t\t\t\t\t\t\t\t\t\t\t\t\t<\/div>\n\t\t\t\t<\/div>\n\t\t\t\t\t<\/div>\n\t\t<\/div>\n\t\t\t\t\t<\/div>\n\t\t<\/section>\n\t\t\t\t<section class=\"elementor-section elementor-top-section elementor-element elementor-element-08ce44e elementor-section-boxed elementor-section-height-default elementor-section-height-default\" data-id=\"08ce44e\" data-element_type=\"section\">\n\t\t\t\t\t\t<div class=\"elementor-container elementor-column-gap-default\">\n\t\t\t\t\t<div class=\"elementor-column elementor-col-100 elementor-top-column elementor-element elementor-element-0f1b2c3\" data-id=\"0f1b2c3\" data-element_type=\"column\">\n\t\t\t<div class=\"elementor-widget-wrap elementor-element-populated\">\n\t\t\t\t\t\t<div class=\"elementor-element elementor-element-a36ea0c elementor-widget elementor-widget-text-editor\" data-id=\"a36ea0c\" data-element_type=\"widget\" data-widget_type=\"text-editor.default\">\n\t\t\t\t<div class=\"elementor-widget-container\">\n\t\t\t\t\t\t\t\t\t<p>A Pol\u00edcia Civil de Santa Catarina, por meio da Delegacia de Pol\u00edcia de Prote\u00e7\u00e3o \u00e0 Crian\u00e7a, Adolescente, Mulher e Idoso de Xanxer\u00ea (DPCAMI), com apoio da Delegacia da Comarca, cumpriu na manh\u00e3 desta quinta-feira (14), dois mandados de interna\u00e7\u00e3o de adolescente, ambos expedidos pelo Poder Judici\u00e1rio de Xanxer\u00ea, ap\u00f3s investiga\u00e7\u00f5es da Pol\u00edcia Civil.<\/p>\n<p>O primeiro mandado, expedido em desfavor de um adolescente, foi cumprido no bairro Primo Tacca, em raz\u00e3o de sua participa\u00e7\u00e3o em um crime de tentativa de homic\u00eddio, ocorrida em dezembro de 2023, no bairro Vila Uni\u00e3o. O segundo mandado tamb\u00e9m contra outro adolescente foi cumprido no bairro Bortolon, por ato infracional an\u00e1logo ao crime de tr\u00e1fico de drogas.<\/p>\n<p>Ap\u00f3s procedimentos legais na Delegacia de Pol\u00edcia, os dois jovens foram encaminhados para o sistema socioeducativo.<span style=\"color: var( --e-global-color-text ); font-family: var( --e-global-typography-primary-font-family ), Sans-serif; font-size: var( --e-global-typography-primary-font-size ); font-weight: var( --e-global-typography-primary-font-weight ); letter-spacing: var( --e-global-typography-primary-letter-spacing );\">&nbsp;<\/span><\/p>\t\t\t\t\t\t\t\t<\/div>\n\t\t\t\t<\/div>\n\t\t\t\t\t<\/div>\n\t\t<\/div>\n\t\t\t\t\t<\/div>\n\t\t<\/section>\n\t\t\t\t<\/div>\n\t\t","protected":false},"excerpt":{"rendered":"<p>DPCAMI de Xanxer\u00ea cumpre dois mandados de interna\u00e7\u00e3o de adolescentes investigados por atos infracionais A Pol\u00edcia Civil de Santa Catarina, por meio da Delegacia de Pol\u00edcia de Prote\u00e7\u00e3o \u00e0 Crian\u00e7a, Adolescente, Mulher e Idoso de Xanxer\u00ea (DPCAMI), com apoio da Delegacia da Comarca, cumpriu na manh\u00e3 desta quinta-feira (14), dois mandados de interna\u00e7\u00e3o de adolescente, [&hellip;]<\/p>\n","protected":false},"author":5,"featured_media":18330,"comment_status":"closed","ping_status":"open","sticky":false,"template":"","format":"standard","meta":{"_monsterinsights_skip_tracking":false,"_monsterinsights_sitenote_active":false,"_monsterinsights_sitenote_note":"","_monsterinsights_sitenote_category":0,"footnotes":""},"categories":[1],"tags":[],"class_list":["post-18329","post","type-post","status-publish","format-standard","has-post-thumbnail","hentry","category-sem-categoria"],"_links":{"self":[{"href":"https:\/\/pc.sc.gov.br\/index.php?rest_route=\/wp\/v2\/posts\/18329","targetHints":{"allow":["GET"]}}],"collection":[{"href":"https:\/\/pc.sc.gov.br\/index.php?rest_route=\/wp\/v2\/posts"}],"about":[{"href":"https:\/\/pc.sc.gov.br\/index.php?rest_route=\/wp\/v2\/types\/post"}],"author":[{"embeddable":true,"href":"https:\/\/pc.sc.gov.br\/index.php?rest_route=\/wp\/v2\/users\/5"}],"replies":[{"embeddable":true,"href":"https:\/\/pc.sc.gov.br\/index.php?rest_route=%2Fwp%2Fv2%2Fcomments&post=18329"}],"version-history":[{"count":4,"href":"https:\/\/pc.sc.gov.br\/index.php?rest_route=\/wp\/v2\/posts\/18329\/revisions"}],"predecessor-version":[{"id":18336,"href":"https:\/\/pc.sc.gov.br\/index.php?rest_route=\/wp\/v2\/posts\/18329\/revisions\/18336"}],"wp:featuredmedia":[{"embeddable":true,"href":"https:\/\/pc.sc.gov.br\/index.php?rest_route=\/wp\/v2\/media\/18330"}],"wp:attachment":[{"href":"https:\/\/pc.sc.gov.br\/index.php?rest_route=%2Fwp%2Fv2%2Fmedia&parent=18329"}],"wp:term":[{"taxonomy":"category","embeddable":true,"href":"https:\/\/pc.sc.gov.br\/index.php?rest_route=%2Fwp%2Fv2%2Fcategories&post=18329"},{"taxonomy":"post_tag","embeddable":true,"href":"https:\/\/pc.sc.gov.br\/index.php?rest_route=%2Fwp%2Fv2%2Ftags&post=18329"}],"curies":[{"name":"wp","href":"https:\/\/api.w.org\/{rel}","templated":true}]}}